{"id":317679,"date":"2026-01-01T17:37:13","date_gmt":"2026-01-01T17:37:13","guid":{"rendered":"https:\/\/www.europesays.com\/es\/317679\/"},"modified":"2026-01-01T17:37:13","modified_gmt":"2026-01-01T17:37:13","slug":"von-der-leyen-define-los-40-anos-de-espana-en-la-ue-como-un-hito-en-la-unidad-europea-la-voz-de-galicia","status":"publish","type":"post","link":"https:\/\/www.europesays.com\/es\/317679\/","title":{"rendered":"Von der Leyen define los 40 a\u00f1os de Espa\u00f1a en la UE como \u00abun hito en la unidad europea\u00bb &#8211; La Voz de Galicia"},"content":{"rendered":"<ol>\n<li><a href=\"https:\/\/news.google.com\/rss\/articles\/CBMi3AFBVV95cUxOZDZJb2xwRGNvQmFFRkRhTm9CQklZRGlyeUdBcW1MckJtelVSRUJFMm9TbFIybU1IZHVtOUEwcDNmZWNfd3FuYWptX1owd04tX1Y2TFh6YkNJVW12QmJXb2ZNeFJtYXk3dVFtT2JzR3RYMFdHeFU3OEJGWm9QWGFxaVFXRXAzOE1xSENvUjBTZ0NBdktEMW9tU3hxTDBMRFhTQktCT195bDF1R2s4XzYtT0xHYlZYZmE0QWJLMWlJSXpiems1YjFhMl9nYkZNQXBreEpNdm00RHMyV0VP0gH4AUFVX3lxTE9qZFFQOTM5RGl6MGhiMkZrdFBDaE5iOUszZk1VV3ZyWnRYaUUyOS1YcDZpN3VINklOUXk2SlJmQlY2SUpKSm9qU0xJTHB3Z2R2a0ZpUlZWS1RPcnU0SDhsaHRfVFcyRDFOdnV1Nm1TbWszM0tpRUpxbGZRUkR5OHRXNmlRcGZPOWVKMUlaRGp4bTQzQnRWSzNqaW56c3ZZTjEwd1h0UERRRDNwNGtPdXdBVlNJSExXc2tYWVZxeVFoLVlTeW9RWENzbUF5UXBNcEY1RjRaWWllUUU2Vl9fVFZnR0ZMR3dhYlYyWl9tSlJwTjI1WFQtd1VY?oc=5\" target=\"_blank\" rel=\"nofollow noopener\">Von der Leyen define los 40 a\u00f1os de Espa\u00f1a en la UE como \u00abun hito en la unidad europea\u00bb<\/a>&nbsp;&nbsp;La Voz de Galicia<\/li>\n<li><a href=\"https:\/\/news.google.com\/rss\/articles\/CBMitwFBVV95cUxObEtKaGhqZmlzSEY1OHZCU3NqZ3paMWpudnF5WDNGLVU0WnNzQkl1cGdfUW1hbDdfWFRIN1Q5YVRmOUFCeU9MRmk5MWRzaDhqTGxNUDd5OE5yVjdqSkgza1dWSnJvOEd0UWFzclNCanlFRmlSVmZsejBwZm4xSHNzQy1GaUVoVWN3eWUyZmhNNEtrb1F5TW4xUFFLdGQ5b2lobEExTVV2SHZHWnZHQm1EUk1HNy1SQ1U?oc=5\" target=\"_blank\" rel=\"nofollow noopener\">Espa\u00f1a busca su sitio en la nueva UE 40 a\u00f1os despu\u00e9s de su adhesi\u00f3n<\/a>&nbsp;&nbsp;EL PA\u00cdS<\/li>\n<li><a href=\"https:\/\/news.google.com\/rss\/articles\/CBMizwFBVV95cUxQU2plamk4dlFOdkRuQVlaNDc5QmlXZW52Q3ViLU41eU1xdHBpc0x5am5ta1pIRUZSUnNIU21uNzNxcEV1OTdYRkxKdUV3MFZidDhBdjVVcm1NTGlQb3k2Uk8tTGhIREh2VHlLeGdpa0NxaWFSTi14TDVQdkVvZDFwbkNuTXNzMm41dFFHVEp0czVDVUFJZDhlN285OGZuSjdVcUhGS3FCbnZCd0g2clRUT21haTlYQkNTZjJQenJyOTJIUlZ1My0tbU14S0M5bEk?oc=5\" target=\"_blank\" rel=\"nofollow noopener\">Espa\u00f1a sextuplica su PIB tras 40 a\u00f1os de adhesi\u00f3n a la Uni\u00f3n Europea<\/a>&nbsp;&nbsp;El Economista<\/li>\n<li><a href=\"https:\/\/news.google.com\/rss\/articles\/CBMiqwFBVV95cUxQaTRPaXVDa3NqQlY3d2ZOSzhQMkptOC14RzhpQWNQVHlkT0p3Z1hVblRaejRpVUpFTjVJb3kweEVxT1lvQnZ1X0RVeXdvaWZXNjVBRUVaMEg5UFYzWnpRQzVBYVNXUE4xYkZpUzhHaXhUcGJGcmV6TlJsU2ptdU9Hem9wYUVWcVBVYTY0UDFhRDJiVWZpOWd6NjlLY2pxdk16cExFckhlcjJnRmfSAasBQVVfeXFMTWNyQXp6Vnl0SjNSYkdzWWI0d1lFMmlpa3NFT3NVdGxMa0RCVGI0RTBEdU9UWktEQVpYM2RNN3BxelN6UkczdUtoT3cweWpHNnJTUWZnSUE3T19jcWZFMTlhSmlRbVJVSDl5SHVldjdhYlBXdzd6aEY4and5aFNYcm56S3VnbUVNejgwam40MUhaOWxINmhjVUtaVjlMVVBYWlNUQWNCWnpkcGsw?oc=5\" target=\"_blank\" rel=\"nofollow noopener\">Von der Leyen afirma que Espa\u00f1a \u00abha enriquecido Europa\u00bb por el 40 aniversario de su entrada en la UE<\/a>&nbsp;&nbsp;RTVE.es<\/li>\n<li><a href=\"https:\/\/news.google.com\/rss\/articles\/CBMijgFBVV95cUxOYjBiQkJrVmpYZ3dpaC1WajVYSnRrR0t5Rld0Z1cxTWxaQU1SQWxOQzdfR1VxRmZkVS1yTjZXcDJXSHVySTkzX3ZaTXdnWEhLbXg4a2JqRG03R3BQYkN0ZDE0Zk1aOUMzMm5Wd3ZqYTEzTVJhSHNmaERFaWo3TEI0THdGSW90Y2Y3aGNicXB30gGTAUFVX3lxTE95dzJwVXBpaWdTYTJJWmhlWmMxSVA4VVRvRHF1cG5Xb3pTLThmV1pQd2U5NzRMYkdUR1hrRENRei1GcGZpdWhMOE01dV9yS29rNVNKLVpkZU5MQ2dUV2dKMlQ5YTFxOG5oOExFcHJzQ0VlMndMbTlCaFRQVldEVXJSZWFhQ1lNZ0tpX3BuT3pHYVpTZw?oc=5\" target=\"_blank\" rel=\"nofollow noopener\">Los 40 a\u00f1os de Espa\u00f1a en la Uni\u00f3n Europea: una historia de \u00e9xito con altibajos<\/a>&nbsp;&nbsp;La Vanguardia<\/li>\n<\/ol>\n","protected":false},"excerpt":{"rendered":"Von der Leyen define los 40 a\u00f1os de Espa\u00f1a en la UE como \u00abun hito en la unidad&hellip;\n","protected":false},"author":2,"featured_media":317680,"comment_status":"","ping_status":"","sticky":false,"template":"","format":"standard","meta":{"footnotes":""},"categories":[8],"tags":[39615,35378,17,18,22190,1708,25,24,13,14,11,11706,19,20,9,10,15,16,74169,23,12,5535,4664,21,22,1617,1707],"class_list":{"0":"post-317679","1":"post","2":"type-post","3":"status-publish","4":"format-standard","5":"has-post-thumbnail","7":"category-espana","8":"tag-a-coruna-ciudad","9":"tag-alhambra","10":"tag-breaking-news","11":"tag-breakingnews","12":"tag-camino-de-santiago","13":"tag-comision-europea","14":"tag-es","15":"tag-espana","16":"tag-featured-news","17":"tag-featurednews","18":"tag-headlines","19":"tag-jose-manuel-albares","20":"tag-latest-news","21":"tag-latestnews","22":"tag-news","23":"tag-noticias","24":"tag-noticias-destacadas","25":"tag-noticiasdestacadas","26":"tag-romano-prodi","27":"tag-spain","28":"tag-titulares","29":"tag-transporte","30":"tag-turismo","31":"tag-ultimas-noticias","32":"tag-ultimasnoticias","33":"tag-union-europea","34":"tag-ursula-von-der-leyen"},"share_on_mastodon":{"url":"https:\/\/pubeurope.com\/@es\/115821061324095783","error":""},"_links":{"self":[{"href":"https:\/\/www.europesays.com\/es\/wp-json\/wp\/v2\/posts\/317679","targetHints":{"allow":["GET"]}}],"collection":[{"href":"https:\/\/www.europesays.com\/es\/wp-json\/wp\/v2\/posts"}],"about":[{"href":"https:\/\/www.europesays.com\/es\/wp-json\/wp\/v2\/types\/post"}],"author":[{"embeddable":true,"href":"https:\/\/www.europesays.com\/es\/wp-json\/wp\/v2\/users\/2"}],"replies":[{"embeddable":true,"href":"https:\/\/www.europesays.com\/es\/wp-json\/wp\/v2\/comments?post=317679"}],"version-history":[{"count":0,"href":"https:\/\/www.europesays.com\/es\/wp-json\/wp\/v2\/posts\/317679\/revisions"}],"wp:featuredmedia":[{"embeddable":true,"href":"https:\/\/www.europesays.com\/es\/wp-json\/wp\/v2\/media\/317680"}],"wp:attachment":[{"href":"https:\/\/www.europesays.com\/es\/wp-json\/wp\/v2\/media?parent=317679"}],"wp:term":[{"taxonomy":"category","embeddable":true,"href":"https:\/\/www.europesays.com\/es\/wp-json\/wp\/v2\/categories?post=317679"},{"taxonomy":"post_tag","embeddable":true,"href":"https:\/\/www.europesays.com\/es\/wp-json\/wp\/v2\/tags?post=317679"}],"curies":[{"name":"wp","href":"https:\/\/api.w.org\/{rel}","templated":true}]}}