{"id":317711,"date":"2026-01-01T18:09:12","date_gmt":"2026-01-01T18:09:12","guid":{"rendered":"https:\/\/www.europesays.com\/es\/317711\/"},"modified":"2026-01-01T18:09:12","modified_gmt":"2026-01-01T18:09:12","slug":"el-reto-casi-imposible-del-dreamland-gran-canaria-por-un-billete-para-la-copa-del-rey","status":"publish","type":"post","link":"https:\/\/www.europesays.com\/es\/317711\/","title":{"rendered":"El reto (casi) imposible del Dreamland Gran Canaria por un billete para la Copa del Rey"},"content":{"rendered":"<p><a class=\"v-mdl-ath__fig-a\" href=\"https:\/\/www.canarias7.es\/autor\/daniel-herrera-rodriguez-6598.html\" title=\"Daniel Herrera Rodr\u00edguez\" rel=\"nofollow noopener\" target=\"_blank\"><br \/>\n<img decoding=\"async\" class=\"v-mdl-ath__img\" src=\"https:\/\/www.europesays.com\/es\/wp-content\/uploads\/2025\/08\/autor-6598-foto-1.jpeg\" alt=\"Daniel Herrera Rodr\u00edguez\"\/><br \/>\n<\/a><\/p>\n<p class=\"v-mdl-ath__p v-mdl-ath__p--6\">\nJueves, 1 de enero 2026, 13:03<\/p>\n<p class=\"v-p\">En poco menos de una semana, el <strong>Dreamland Gran Canaria <\/strong>ha pasado de la euforia efervescente del derbi -triunfo por<strong> 70-71 en Tenerife<\/strong>&#8211; al bajonazo m\u00e1s insospechado ante el <strong>San Pablo de Burgos (94-81)<\/strong>, con el morbo a\u00f1adido de ver enfrente a dos examarillos como Ethan Happ en la pintura y a Porfirio Fisac en el banquillo.<\/p>\n<p class=\"v-p\">Con esta panor\u00e1mica, y con el partido pendiente frente al Kosner Baskonia -aplazado por la borrasca Emilia-, las opciones del equipo claretiano para conseguir billete copero se reducen a un escenario ut\u00f3pico que roza, por momentos, lo on\u00edrico: ganar los cinco encuentros que le restan o, al menos, firmar un 4-1 con resultados solventes para salir airoso en posibles empates clasificatorios. Con <strong>un balance de 5-7 y un saldo negativo en anotaci\u00f3n (-27),<\/strong> tiene ante s\u00ed un desfase de dos triunfos sobre la barrera clasificatoria que marca el propio Baskonia, rival que se antoja decisivo en estas camale\u00f3nicas c\u00e1balas que dibuja en su hoja de ruta el conjunto de Jaka Lakovic.<\/p>\n<p>El itinerario amarillo<\/p>\n<p class=\"v-p\"><strong>UCAM Murcia: 3 de enero (casa)<\/strong><\/p>\n<p class=\"v-p\">Para m\u00e1s inri, el camino que le espera a los isle\u00f1os no es, ni mucho menos, asequible. Para empezar, ma\u00f1ana inicia el reto ante el UCAM Murcia, uno de los equipos que m\u00e1s han mejorado en los dos \u00faltimos a\u00f1os. Segundo en la tabla con 10 victorias y 3 derrotas. Lo positivo de todo esto es que el encuentro se juega en Siete Palmas, adem\u00e1s de que los antecedentes le sonr\u00eden a los grancanarios (30-15), si bien el \u00faltimo enfrentamiento en el Gran Canaria Arena se resolvi\u00f3 con triunfo murciano (69-76).<\/p>\n<p class=\"v-p\"><strong>Casademont Zaragoza: 10 de enero (fuera)<\/strong><\/p>\n<p class=\"v-p\">Tras este duelo de alto voltaje, el Dreamland abordar\u00e1 ante el Casademont Zaragoza (4-7) su segunda etapa de este duro itinerario. El balance hist\u00f3rico entre ambos tambi\u00e9n favorece a los claretianos, que firman un 10-23 (4 triunfos amarillos en el \u00faltimo lustro). De hecho, el \u00faltimo choque entre ambos acab\u00f3 con resultado positivo para el Granca (87-97) con 24 puntos del norteamericano John Shurna. <\/p>\n<p class=\"v-p\"><strong>Kosner Baskonia: 13 de enero (casa, fecha a\u00fan por confirmar)<\/strong><\/p>\n<p class=\"v-p\">Posteriormente, los pupilos de Lakovic abordar\u00e1n posiblemente el choque ante el Kosner Baskonia, del que a\u00fan no se tiene fecha confirmada aunque todo apunta a que ser\u00e1 el martes 13 de enero, al ser la fecha m\u00e1s plausible para los dos equipos ante la saturaci\u00f3n del calendario. Posiblemente, el duelo se antoja, de igual forma, en un mal momento para equipo vitoriano, dado los juegos de funambulismo que otorga la actual Euroliga, si bien algunos de los principales estiletes baskonistas ya han tomado velocidad de crucero, como es el caso de Thimoth\u00e9 Luwawu-Cabarrot, que ha sido designado MVP de diciembre al promediar 24 de valoraci\u00f3n en dicho mes, con 23 puntos, 3,5 rebotes, 2,8 asistencias y 1,3 recuperaciones por partido. <\/p>\n<p>DIferentes im\u00e1genes del Granca frente al Baskonia (Albicy trata de superar su marca), Valencia (conato de bronca con el examarillo Matt Costello) y Lleida (penetraci\u00f3n de Brussino)<\/p>\n<p>ACB Photo<\/p>\n<p><img decoding=\"async\" loading=\"lazy\" src=\"https:\/\/www.europesays.com\/es\/wp-content\/uploads\/2026\/01\/baskonia-kLe--1200x841@Canarias7.jpg\" class=\"v-mdl__img-z\" width=\"1200\" height=\"841\" alt=\"Imagen principal - DIferentes im\u00e1genes del Granca frente al Baskonia (Albicy trata de superar su marca), Valencia (conato de bronca con el examarillo Matt Costello) y Lleida (penetraci\u00f3n de Brussino)\"\/><\/p>\n<p><img decoding=\"async\" loading=\"lazy\" src=\"https:\/\/www.europesays.com\/es\/wp-content\/uploads\/2026\/01\/valencia-kLe--1200x851@Canarias7.jpg\" class=\"v-mdl__img-z\" width=\"1200\" height=\"851\" alt=\"Imagen secundaria 1 - DIferentes im\u00e1genes del Granca frente al Baskonia (Albicy trata de superar su marca), Valencia (conato de bronca con el examarillo Matt Costello) y Lleida (penetraci\u00f3n de Brussino)\"\/><\/p>\n<p><img decoding=\"async\" loading=\"lazy\" src=\"https:\/\/www.europesays.com\/es\/wp-content\/uploads\/2026\/01\/Lleida-kLe--711x841@Canarias7.jpg\" class=\"v-mdl__img-z\" width=\"711\" height=\"841\" alt=\"Imagen secundaria 2 - DIferentes im\u00e1genes del Granca frente al Baskonia (Albicy trata de superar su marca), Valencia (conato de bronca con el examarillo Matt Costello) y Lleida (penetraci\u00f3n de Brussino)\"\/><\/p>\n<p class=\"v-p\"><strong>Hiopos Lleida: 17 de enero (casa)<\/strong><\/p>\n<p class=\"v-p\">A continuaci\u00f3n, el Hiopos Lleida ser\u00e1 el siguiente contrincante del Gran Canaria. Un equipo correoso que, adem\u00e1s, cuenta con dos piezas que conocen al dedillo al club insular, como es el caso de John Shurna y Oriol Paul\u00ed, adem\u00e1s contar con un James Batemon que se sit\u00faa en el Top 5 de la lista de anotadores (15,5 puntos).<\/p>\n<p class=\"v-p\"><strong>Valencia Basket: 25 de enero (casa)<\/strong><\/p>\n<p class=\"v-p\">Si ya con esto no hubiera bastante y a\u00fan existieran opciones, la odisea del Dreamland tendr\u00eda como \u00faltimo puerto de monta\u00f1a al propio Valencia Basket, todo un desaf\u00edo de dimensiones considerables. Una posible &#8216;relajaci\u00f3n&#8217; ante el calendario, por el hecho de ser el anfitri\u00f3n podr\u00eda antojarse como el principal resquicio al que aferrarse el Granca para obrar el milagro. <\/p>\n<p>Reporta un error<\/p>\n","protected":false},"excerpt":{"rendered":"Jueves, 1 de enero 2026, 13:03 En poco menos de una semana, el Dreamland Gran Canaria ha pasado&hellip;\n","protected":false},"author":2,"featured_media":317712,"comment_status":"","ping_status":"","sticky":false,"template":"","format":"standard","meta":{"footnotes":""},"categories":[269],"tags":[299,298,8124,7221,2493,168,14650,25,24,3956,23830,5575,5330,23,167],"class_list":{"0":"post-317711","1":"post","2":"type-post","3":"status-publish","4":"format-standard","5":"has-post-thumbnail","7":"category-baloncesto","8":"tag-baloncesto","9":"tag-basketball","10":"tag-billete","11":"tag-canaria","12":"tag-copa","13":"tag-deportes","14":"tag-dreamland","15":"tag-es","16":"tag-espana","17":"tag-gran","18":"tag-imposible","19":"tag-reto","20":"tag-rey","21":"tag-spain","22":"tag-sports"},"share_on_mastodon":{"url":"https:\/\/pubeurope.com\/@es\/115821187262639208","error":""},"_links":{"self":[{"href":"https:\/\/www.europesays.com\/es\/wp-json\/wp\/v2\/posts\/317711","targetHints":{"allow":["GET"]}}],"collection":[{"href":"https:\/\/www.europesays.com\/es\/wp-json\/wp\/v2\/posts"}],"about":[{"href":"https:\/\/www.europesays.com\/es\/wp-json\/wp\/v2\/types\/post"}],"author":[{"embeddable":true,"href":"https:\/\/www.europesays.com\/es\/wp-json\/wp\/v2\/users\/2"}],"replies":[{"embeddable":true,"href":"https:\/\/www.europesays.com\/es\/wp-json\/wp\/v2\/comments?post=317711"}],"version-history":[{"count":0,"href":"https:\/\/www.europesays.com\/es\/wp-json\/wp\/v2\/posts\/317711\/revisions"}],"wp:featuredmedia":[{"embeddable":true,"href":"https:\/\/www.europesays.com\/es\/wp-json\/wp\/v2\/media\/317712"}],"wp:attachment":[{"href":"https:\/\/www.europesays.com\/es\/wp-json\/wp\/v2\/media?parent=317711"}],"wp:term":[{"taxonomy":"category","embeddable":true,"href":"https:\/\/www.europesays.com\/es\/wp-json\/wp\/v2\/categories?post=317711"},{"taxonomy":"post_tag","embeddable":true,"href":"https:\/\/www.europesays.com\/es\/wp-json\/wp\/v2\/tags?post=317711"}],"curies":[{"name":"wp","href":"https:\/\/api.w.org\/{rel}","templated":true}]}}