{"id":317742,"date":"2026-01-01T18:34:07","date_gmt":"2026-01-01T18:34:07","guid":{"rendered":"https:\/\/www.europesays.com\/es\/317742\/"},"modified":"2026-01-01T18:34:07","modified_gmt":"2026-01-01T18:34:07","slug":"el-brindis-sonriente-por-la-llegada-del-ano-nuevo-de-barbara-goenaga-y-borja-semper","status":"publish","type":"post","link":"https:\/\/www.europesays.com\/es\/317742\/","title":{"rendered":"El brindis sonriente por la llegada del a\u00f1o nuevo de B\u00e1rbara Goenaga y Borja S\u00e9mper"},"content":{"rendered":"<p><a href=\"https:\/\/www.diariovasco.com\/temas\/personajes\/barbara-goenaga.html\" data-voc-vtm-id=\"in-text-traffic\" title=\"B\u00e1rbara Goenaga\" data-mrf-link=\"www.diariovasco.com\" rel=\"nofollow noopener\" target=\"_blank\">B\u00e1rbara Goenaga<\/a> y <a href=\"https:\/\/www.diariovasco.com\/temas\/personajes\/borja-semper.html\" data-voc-vtm-id=\"in-text-traffic\" title=\"Borja S\u00e9mper\" data-mrf-link=\"www.diariovasco.com\" rel=\"nofollow noopener\" target=\"_blank\">Borja S\u00e9mper<\/a> brindan por el nuevo a\u00f1o desde Donostia. La actriz donostiarra y el pol\u00edtico irun\u00e9s compartieron salida de 2025  &#8230; y entrada del nuevo a\u00f1o junto a la familia de ella y lucieron en redes sociales su mejor sonrisa para afrontar el nuevo curso \u00abde vuelta a la normalidad\u00bb con m\u00e1s fuerza que nunca.<\/p>\n<p class=\"v-p\">Tras afrontar meses dif\u00edciles, S\u00e9mper sigue mostrando los pasos hacia adelante que est\u00e1 dando en la recuperaci\u00f3n del c\u00e1ncer que se le diagnostic\u00f3 en julio. Ya a comienzos de diciembre confirm\u00f3 en sus redes sociales que tras cuatro meses de quimioterapia comenzaba a recuperar el pelo y \u00abel \u00e1nimo poco a poco\u00bb, en la imagen que B\u00e1rbara subi\u00f3 a sus redes en la madrugada de Nochevieja se puede comprobar que esa mejor\u00eda contin\u00faa, y el irundarra sigue viendo crecer su pelo y recuperando el aspecto anterior a afrontar el tratamiento.<\/p>\n<p class=\"v-p\">\u00abTras cuatro meses de tratamiento, llevo ya cuatro semanas sin quimioterapia\u00bb, <a href=\"https:\/\/www.diariovasco.com\/politica\/borja-semper-evoluciona-favorablemente-tratamiento-cancer-llevo-20251208184947-nt.html\" data-voc-vtm-id=\"in-text-traffic\" title=\"reconoc\u00eda S\u00e9mper durante el puente de diciembre\" data-mrf-link=\"www.diariovasco.com\" rel=\"nofollow noopener\" target=\"_blank\">reconoc\u00eda S\u00e9mper durante el puente de diciembre<\/a>. \u00abEmpieza a salir pelo y poco a poco recupero \u00e1nimo y fuerzas para afrontar lo que queda por delante. De momento todo va bien\u00bb, a\u00f1ad\u00eda entonces en un mensaje en &#8216;X&#8217;. El pol\u00edtico del PP daba tambi\u00e9n las gracias por todo el apoyo que ha recibido de sus fans en los \u00faltimos meses: \u00abAgradecido por tanto afecto y \u00e1nimos imposibles de responder uno a uno. \u00a1Gracias!\u00bb.<\/p>\n<p>A\u00f1o de vuelta a la normalidad<\/p>\n<p class=\"v-p\">B\u00e1rbara Goenaga reconoci\u00f3 tambi\u00e9n que el camino de la enfermedad de su marido no estaba siendo precisamente f\u00e1cil, ya que hab\u00eda habido momentos muy exigentes: \u00ab<a href=\"https:\/\/www.diariovasco.com\/gente-estilo\/mensaje-barbara-goenaga-borja-semper-20251113234816-nt.html\" data-voc-vtm-id=\"in-text-traffic\" title=\"La quimio ha sido dura no, dur\u00edsima\" data-mrf-link=\"www.diariovasco.com\" rel=\"nofollow noopener\" target=\"_blank\">La quimio ha sido dura no, dur\u00edsima<\/a>. Y por eso (Borja S\u00e9mper) no ha salido en p\u00fablico. Pero est\u00e1 todo pr\u00e1cticamente ya perfecto, as\u00ed que pronto saldr\u00e1 con su pelazo otra vez, y volveremos a la normalidad\u00bb, bromeaba la actriz en noviembre. Parece que todo marcha seg\u00fan lo previsto y ese camino hacia la normalidad se puede concretar este 2026.<\/p>\n<p class=\"v-p\">Y es que los \u00faltimos dos a\u00f1os no est\u00e1n siendo sencillos para la pareja. Si 2025 ha estado marcado por el diagn\u00f3stico y el tratamiento del c\u00e1ncer de Borja, el 2024 qued\u00f3 se\u00f1alado por la p\u00e9rdida del aita de B\u00e1rbara, el pintor Juan Luis Goenaga, que falleci\u00f3 en agosto de aquel a\u00f1o a los 74 a\u00f1os a causa de una enfermedad.<\/p>\n","protected":false},"excerpt":{"rendered":"B\u00e1rbara Goenaga y Borja S\u00e9mper brindan por el nuevo a\u00f1o desde Donostia. La actriz donostiarra y el pol\u00edtico&hellip;\n","protected":false},"author":2,"featured_media":317743,"comment_status":"","ping_status":"","sticky":false,"template":"","format":"standard","meta":{"footnotes":""},"categories":[174],"tags":[1611,38503,7533,26482,255,146,147,25,24,256,40144,5808,524,40146,74172,23],"class_list":{"0":"post-317742","1":"post","2":"type-post","3":"status-publish","4":"format-standard","5":"has-post-thumbnail","7":"category-famosos","8":"tag-ano","9":"tag-barbara","10":"tag-borja","11":"tag-brindis","12":"tag-celebrities","13":"tag-entertainment","14":"tag-entretenimiento","15":"tag-es","16":"tag-espana","17":"tag-famosos","18":"tag-goenaga","19":"tag-llegada","20":"tag-nuevo","21":"tag-semper","22":"tag-sonriente","23":"tag-spain"},"share_on_mastodon":{"url":"https:\/\/pubeurope.com\/@es\/115821285374492202","error":""},"_links":{"self":[{"href":"https:\/\/www.europesays.com\/es\/wp-json\/wp\/v2\/posts\/317742","targetHints":{"allow":["GET"]}}],"collection":[{"href":"https:\/\/www.europesays.com\/es\/wp-json\/wp\/v2\/posts"}],"about":[{"href":"https:\/\/www.europesays.com\/es\/wp-json\/wp\/v2\/types\/post"}],"author":[{"embeddable":true,"href":"https:\/\/www.europesays.com\/es\/wp-json\/wp\/v2\/users\/2"}],"replies":[{"embeddable":true,"href":"https:\/\/www.europesays.com\/es\/wp-json\/wp\/v2\/comments?post=317742"}],"version-history":[{"count":0,"href":"https:\/\/www.europesays.com\/es\/wp-json\/wp\/v2\/posts\/317742\/revisions"}],"wp:featuredmedia":[{"embeddable":true,"href":"https:\/\/www.europesays.com\/es\/wp-json\/wp\/v2\/media\/317743"}],"wp:attachment":[{"href":"https:\/\/www.europesays.com\/es\/wp-json\/wp\/v2\/media?parent=317742"}],"wp:term":[{"taxonomy":"category","embeddable":true,"href":"https:\/\/www.europesays.com\/es\/wp-json\/wp\/v2\/categories?post=317742"},{"taxonomy":"post_tag","embeddable":true,"href":"https:\/\/www.europesays.com\/es\/wp-json\/wp\/v2\/tags?post=317742"}],"curies":[{"name":"wp","href":"https:\/\/api.w.org\/{rel}","templated":true}]}}