{"id":317768,"date":"2026-01-01T18:55:14","date_gmt":"2026-01-01T18:55:14","guid":{"rendered":"https:\/\/www.europesays.com\/es\/317768\/"},"modified":"2026-01-01T18:55:14","modified_gmt":"2026-01-01T18:55:14","slug":"xavi-pascual-se-despide-de-su-fichaje-preferido","status":"publish","type":"post","link":"https:\/\/www.europesays.com\/es\/317768\/","title":{"rendered":"Xavi Pascual se despide de su fichaje preferido"},"content":{"rendered":"<p>    Noticias relacionadas<\/p>\n<p class=\"paragraph\" id=\"paragraph_1\">El <strong><a href=\"https:\/\/cronicaglobal.elespanol.com\/culemania\/secciones\/20251231\/barca-basket-renovara-contrato-importante-xavi-pascual\/1003742720135_0.html?utm_cmp_rs=linksinline\" target=\"_blank\" rel=\"nofollow noopener\">Bar\u00e7a de basket<\/a><\/strong>\u00a0se ha diluido ante las bajas de sus puntales. <strong>Toko Shengelia<\/strong> y <strong>Will Clyburn<\/strong>, las dos otras patas del tridente hegem\u00f3nico formado con <strong>Kevin Punter<\/strong>, permanecen lesionados. Sus ausencias ya han costado sendos disgustos contra el Fenerbahce de <strong>Saras Jasikevicius<\/strong> (<strong>72-71<\/strong>) y el <a href=\"https:\/\/cronicaglobal.elespanol.com\/culemania\/secciones\/20251230\/estrella-barca-palau-sensibles-desesperan-xavi-pascual\/1003742720082_0.html?utm_cmp_rs=linksinline\" target=\"_blank\" rel=\"nofollow noopener\"><strong>M\u00f3naco de Nikola Mirotic<\/strong><\/a> (<strong>74-90<\/strong>). Pilares de anta\u00f1o como <strong>Jan Vesely<\/strong> y <strong>Nico Laprovittola<\/strong> todav\u00eda no han recuperado la forma f\u00edsica, y Punter se carga el equipo a la espalda excesivamente solo. El t\u00e9cnico azulgrana, Xavi Pascual, pidi\u00f3 un esfuerzo a la secci\u00f3n que todav\u00eda no se ha correspondido con el fichaje esperado.<\/p>\n<p class=\"paragraph\" id=\"paragraph_2\">Jasikevicius, otrora inquilino del banquillo del <strong>Palau Blaugrana<\/strong>, se ha llevado el gato al agua y ha consumado su venganza contra el club que preside <strong>Joan Laporta<\/strong>. El estratega lituano sali\u00f3 por la puerta de atr\u00e1s de Can Bar\u00e7a en 2023, despu\u00e9s de rechazar una oferta de renovaci\u00f3n a la baja. En 2024, seg\u00fan inform\u00f3 el colaborador de <strong>Culeman\u00eda<\/strong> Mar\u00e7al Llorente, le habr\u00edan <strong>retirado la capitan\u00eda a su hijo Lukas<\/strong>, integrante de la cantera barcelonista.\u00a0<\/p>\n<p>Por la puerta de atr\u00e1s<\/p>\n<p class=\"paragraph\" id=\"paragraph_3\">El divorcio lleg\u00f3 a tal extremo, que el propio entrenador del Fenerbahce denunci\u00f3 un supuesto trato discriminatorio a su familia en rueda de prensa: \u00abNo es la primera vez en la que salgo as\u00ed del Barcelona, ganando.<strong> La decepci\u00f3n es enorme por el trato, sin ninguna duda<\/strong>. <strong>El trato malo sigue ahora mismo, estos d\u00edas ha seguido, sobre mi familia y eso<\/strong>. Un d\u00eda hablar\u00e9 claro, no quiero hacer m\u00e1s da\u00f1o\u00bb.<\/p>\n<p><img decoding=\"async\" alt=\"Jasikevicius, eufo\u0301rico tras ganar la Euroliga con el Fenerbahce\" data-imgm=\"true\" height=\"180\" loading=\"lazy\"  src=\"https:\/\/www.europesays.com\/es\/wp-content\/uploads\/2026\/01\/1003742660473_14631168_1024x576.jpg\"  width=\"320\"\/><\/p>\n<p>                                                            Jasikevicius, eufo\u0301rico tras ganar la Euroliga con el Fenerbahce<\/p>\n<p>                    EFE<\/p>\n<p class=\"paragraph\" id=\"paragraph_4\">El mismo a\u00f1o de su partida, Saras firm\u00f3 con el conjunto turco, y solo tard\u00f3 temporada y media en conquistar la<strong> gloria en la Euroliga 2024-25<\/strong>. Recientemente, se llev\u00f3 un pol\u00e9mico triunfo frente a su exequipo en tierras otomanas con<strong> tres tiros libres\u00a0<\/strong>(72-71). Ahora, tambi\u00e9n ha ganado la partida en los despachos.<\/p>\n<p>P\u00edvot revelaci\u00f3n<\/p>\n<p class=\"paragraph\" id=\"paragraph_5\"><strong><a href=\"https:\/\/cronicaglobal.elespanol.com\/culemania\/secciones\/20251218\/fichaje-xavi-pascual-barca-renovacion-willy-hernangomez\/1003742717191_0.html?utm_cmp_rs=linksinline\" target=\"_blank\" rel=\"nofollow noopener\">Chris Silva<\/a><\/strong>, escogido\u00a0<strong>MVP de la fase de grupos<\/strong> en la Basketball Champions League, dar\u00e1 el salto a la m\u00e1xima competici\u00f3n continental a los 29 a\u00f1os, de la mano del Fenerbahce. El interior norteamericano y el vigente campe\u00f3n continental ya habr\u00edan alcanzado un acuerdo, seg\u00fan Eurohoops.\u00a0El p\u00edvot estadounidense del <strong>AEK Atenas<\/strong> promedia <strong>14,8 puntos y 8 rebotes<\/strong> en el campeonato europeo que organiza la FIBA.<\/p>\n<p><img decoding=\"async\" alt=\"Chris Silva celebra un acci\u00f3n en un partido con el AEK Atenas\" data-imgm=\"true\" height=\"180\" loading=\"lazy\"  src=\"https:\/\/www.europesays.com\/es\/wp-content\/uploads\/2026\/01\/1003742717247_15527055_1024x576.jpg\"  width=\"320\"\/><\/p>\n<p>                                                            Chris Silva celebra un acci\u00f3n en un partido con el AEK Atenas<\/p>\n<p>                    FIBA<\/p>\n<p class=\"paragraph\" id=\"paragraph_6\">El m\u00e1nager barcelonista, Juan Carlos Navarro, deja escapar una oportunidad de oro, pero la realidad es que las lesiones han dejado tocada a la plantilla en un mes de enero con dos cl\u00e1sicos en el calendario y un duelo de altos vuelos frente al Olympiacos.<\/p>\n<p class=\"paragraph\" id=\"paragraph_7\">Pascual necesita piezas en la pintura, como ya ha manifestado p\u00fablicamente en rueda de prensa: \u00abSalen muchos nombres,<strong> yo le pido al club que estemos atentos y ver si alg\u00fan d\u00eda se puede hacer algo<\/strong>. A d\u00eda de hoy solo pensamos en dar oportunidades a nuestros jugadores. Creo que la mayor\u00eda de jugadores est\u00e1n mejorando desde que llegu\u00e9. Sigo confiando en ellos, sin mirar nada m\u00e1s\u00bb.<\/p>\n","protected":false},"excerpt":{"rendered":"Noticias relacionadas El Bar\u00e7a de basket\u00a0se ha diluido ante las bajas de sus puntales. Toko Shengelia y Will&hellip;\n","protected":false},"author":2,"featured_media":317769,"comment_status":"","ping_status":"","sticky":false,"template":"","format":"standard","meta":{"footnotes":""},"categories":[269],"tags":[299,298,168,25,24,4469,23526,4470,23,167,4658],"class_list":{"0":"post-317768","1":"post","2":"type-post","3":"status-publish","4":"format-standard","5":"has-post-thumbnail","7":"category-baloncesto","8":"tag-baloncesto","9":"tag-basketball","10":"tag-deportes","11":"tag-es","12":"tag-espana","13":"tag-fcb-basket","14":"tag-sarunas-jasikevicius","15":"tag-secciones","16":"tag-spain","17":"tag-sports","18":"tag-xavi-pascual"},"share_on_mastodon":{"url":"https:\/\/pubeurope.com\/@es\/115821368055890162","error":""},"_links":{"self":[{"href":"https:\/\/www.europesays.com\/es\/wp-json\/wp\/v2\/posts\/317768","targetHints":{"allow":["GET"]}}],"collection":[{"href":"https:\/\/www.europesays.com\/es\/wp-json\/wp\/v2\/posts"}],"about":[{"href":"https:\/\/www.europesays.com\/es\/wp-json\/wp\/v2\/types\/post"}],"author":[{"embeddable":true,"href":"https:\/\/www.europesays.com\/es\/wp-json\/wp\/v2\/users\/2"}],"replies":[{"embeddable":true,"href":"https:\/\/www.europesays.com\/es\/wp-json\/wp\/v2\/comments?post=317768"}],"version-history":[{"count":0,"href":"https:\/\/www.europesays.com\/es\/wp-json\/wp\/v2\/posts\/317768\/revisions"}],"wp:featuredmedia":[{"embeddable":true,"href":"https:\/\/www.europesays.com\/es\/wp-json\/wp\/v2\/media\/317769"}],"wp:attachment":[{"href":"https:\/\/www.europesays.com\/es\/wp-json\/wp\/v2\/media?parent=317768"}],"wp:term":[{"taxonomy":"category","embeddable":true,"href":"https:\/\/www.europesays.com\/es\/wp-json\/wp\/v2\/categories?post=317768"},{"taxonomy":"post_tag","embeddable":true,"href":"https:\/\/www.europesays.com\/es\/wp-json\/wp\/v2\/tags?post=317768"}],"curies":[{"name":"wp","href":"https:\/\/api.w.org\/{rel}","templated":true}]}}