{"id":317788,"date":"2026-01-01T19:09:24","date_gmt":"2026-01-01T19:09:24","guid":{"rendered":"https:\/\/www.europesays.com\/es\/317788\/"},"modified":"2026-01-01T19:09:24","modified_gmt":"2026-01-01T19:09:24","slug":"la-orquesta-habitual-de-villamanin-muestra-su-apoyo-a-la-comision-de-fiestas-y-dona-un-decimo-de-loteria","status":"publish","type":"post","link":"https:\/\/www.europesays.com\/es\/317788\/","title":{"rendered":"La orquesta habitual de Villaman\u00edn muestra su apoyo a la comisi\u00f3n de fiestas y dona un d\u00e9cimo de loter\u00eda"},"content":{"rendered":"<p><img fetchpriority=\"high\" class=\"v-a-img\" src=\"https:\/\/www.europesays.com\/es\/wp-content\/uploads\/2026\/01\/47218542-09c7-43d0-9303-917a17c19892-kYeG-U240712576661No-1200x840@Leonoticias.jpg\" loading=\"eager\" decoding=\"async\" alt=\"Imagen de las redes sociales del grupo.\"  width=\"1200\" height=\"840\"\/><\/p>\n<p>Imagen de las redes sociales del grupo.          Grupodasilvaoficial        <\/p>\n<p>El Grupo Da Silva Oficial, vinculado al municipio desde hace m\u00e1s de una d\u00e9cada, destaca el esfuerzo \u00abincansable y desinteresado\u00bb de la comisi\u00f3n en uno de sus momentos m\u00e1s dif\u00edciles<\/p>\n<p><a class=\"v-mdl-ath__fig-a\" href=\"https:\/\/www.leonoticias.com\/autor\/lucia-gutierrez-6491.html\" title=\"Luc\u00eda Guti\u00e9rrez\" rel=\"nofollow noopener\" target=\"_blank\"><br \/>\n<img decoding=\"async\" class=\"v-mdl-ath__img\" src=\"https:\/\/www.europesays.com\/es\/wp-content\/uploads\/2025\/08\/autor-6491-foto-1.jpeg\" alt=\"Luc\u00eda Guti\u00e9rrez\"\/><br \/>\n<\/a><\/p>\n<p class=\"v-mdl-ath__p v-mdl-ath__p--6\">\nJueves, 1 de enero 2026, 12:58<\/p>\n<p class=\"v-p\">La comisi\u00f3n de fiestas de Villaman\u00edn atraviesa una de las etapas m\u00e1s complicadas de su historia reciente. En varios comunicados, sus integrantes han reconocido encontrarse an\u00edmica y psicol\u00f3gicamente \u00abdestrozados\u00bb por la situaci\u00f3n vivida, llegando incluso a mostrar su emoci\u00f3n y l\u00e1grimas tras reunirse con los vecinos para explicar lo ocurrido.<\/p>\n<p class=\"v-p\">La solidaridad no ha tardado en llegar. Desde distintos puntos de Espa\u00f1a se han sucedido los mensajes de apoyo a la comisi\u00f3n, a la que muchos definen como \u00abunos chavales que solo buscaban el bien para el pueblo\u00bb. Entre ellos, la <a href=\"https:\/\/www.leonoticias.com\/comarcas\/comision-fiestas-gallega-vuelca-ayudar-villamanin-solo-20251230175153-nt.html\" data-voc-vtm-id=\"in-text-traffic\" title=\"Comisi\u00f3n de Fiestas de Carnota\" rel=\"nofollow noopener\" target=\"_blank\">Comisi\u00f3n de Fiestas de Carnota<\/a> ha anunciado el inicio de una recaudaci\u00f3n de fondos para colaborar econ\u00f3micamente con la comisi\u00f3n villamanina.<\/p>\n<p class=\"v-p\">A este respaldo se ha sumado el Grupo Da Silva Oficial, formaci\u00f3n musical que act\u00faa en Villaman\u00edn desde hace m\u00e1s de diez a\u00f1os y que ha querido manifestar <a href=\"https:\/\/www.leonoticias.com\/comarcas\/comision-fiestas-villamanin-lanza-segundo-comunicado-buscando-20251231104047-nt.html\" data-voc-vtm-id=\"in-text-traffic\" title=\"p\u00fablicamente su apoyo.\" rel=\"nofollow noopener\" target=\"_blank\">p\u00fablicamente su apoyo.<\/a> A trav\u00e9s de sus redes sociales, el grupo ha expresado su \u00abangustia y pena\u00bb por lo sucedido y ha puesto en valor el trabajo constante y altruista de la comisi\u00f3n. \u00abEs una gran comisi\u00f3n de fiestas, a la que conocemos personalmente y que cada a\u00f1o no para de trabajar sin \u00e1nimo de lucro para mantener vivo el pueblo\u00bb, se\u00f1alaban en su comunicado.<\/p>\n<p>Un n\u00famero \u00bfcon suerte?<\/p>\n<p class=\"v-p\">El mensaje iba acompa\u00f1ado de una imagen de las fiestas celebradas en agosto de 2025 en la que aparec\u00eda el n\u00famero 26927. Aunque no correspond\u00eda al <a href=\"https:\/\/www.leonoticias.com\/comarcas\/escandalo-participaciones-gordo-sacudio-cristo-villamanin-1986-20251228092150-nt.html\" data-voc-vtm-id=\"in-text-traffic\" title=\"Gordo de la Loter\u00eda de Navidad,\" rel=\"nofollow noopener\" target=\"_blank\">Gordo de la Loter\u00eda de Navidad,<\/a> el propio grupo aclaraba su significado, recordando \u00ablos tiempos dif\u00edciles en los que estos chavales trabajaron para hacernos disfrutar\u00bb, y deseando que la soluci\u00f3n al conflicto llegue desde la solidaridad y no desde el dinero.<\/p>\n<p class=\"v-p\">Finalmente, el grupo anunci\u00f3 la donaci\u00f3n de un d\u00e9cimo de la Loter\u00eda Nacional para el Sorteo del Ni\u00f1o como gesto de apoyo y \u00e1nimo hacia la comisi\u00f3n de fiestas, cerrando su mensaje con un claro respaldo a su labor y compromiso con Villaman\u00edn.<\/p>\n<p>Reporta un error<\/p>\n","protected":false},"excerpt":{"rendered":"Imagen de las redes sociales del grupo. Grupodasilvaoficial El Grupo Da Silva Oficial, vinculado al municipio desde hace&hellip;\n","protected":false},"author":2,"featured_media":317789,"comment_status":"","ping_status":"","sticky":false,"template":"","format":"standard","meta":{"footnotes":""},"categories":[8],"tags":[6635,17,18,7553,31010,4128,25,24,13,14,43,9068,11,19,20,530,1156,9,10,15,16,35221,23,12,21,22,72793],"class_list":{"0":"post-317788","1":"post","2":"type-post","3":"status-publish","4":"format-standard","5":"has-post-thumbnail","7":"category-espana","8":"tag-apoyo","9":"tag-breaking-news","10":"tag-breakingnews","11":"tag-comision","12":"tag-decimo","13":"tag-dona","14":"tag-es","15":"tag-espana","16":"tag-featured-news","17":"tag-featurednews","18":"tag-fiestas","19":"tag-habitual","20":"tag-headlines","21":"tag-latest-news","22":"tag-latestnews","23":"tag-loteria","24":"tag-muestra","25":"tag-news","26":"tag-noticias","27":"tag-noticias-destacadas","28":"tag-noticiasdestacadas","29":"tag-orquesta","30":"tag-spain","31":"tag-titulares","32":"tag-ultimas-noticias","33":"tag-ultimasnoticias","34":"tag-villamanin"},"share_on_mastodon":{"url":"https:\/\/pubeurope.com\/@es\/115821423324149254","error":""},"_links":{"self":[{"href":"https:\/\/www.europesays.com\/es\/wp-json\/wp\/v2\/posts\/317788","targetHints":{"allow":["GET"]}}],"collection":[{"href":"https:\/\/www.europesays.com\/es\/wp-json\/wp\/v2\/posts"}],"about":[{"href":"https:\/\/www.europesays.com\/es\/wp-json\/wp\/v2\/types\/post"}],"author":[{"embeddable":true,"href":"https:\/\/www.europesays.com\/es\/wp-json\/wp\/v2\/users\/2"}],"replies":[{"embeddable":true,"href":"https:\/\/www.europesays.com\/es\/wp-json\/wp\/v2\/comments?post=317788"}],"version-history":[{"count":0,"href":"https:\/\/www.europesays.com\/es\/wp-json\/wp\/v2\/posts\/317788\/revisions"}],"wp:featuredmedia":[{"embeddable":true,"href":"https:\/\/www.europesays.com\/es\/wp-json\/wp\/v2\/media\/317789"}],"wp:attachment":[{"href":"https:\/\/www.europesays.com\/es\/wp-json\/wp\/v2\/media?parent=317788"}],"wp:term":[{"taxonomy":"category","embeddable":true,"href":"https:\/\/www.europesays.com\/es\/wp-json\/wp\/v2\/categories?post=317788"},{"taxonomy":"post_tag","embeddable":true,"href":"https:\/\/www.europesays.com\/es\/wp-json\/wp\/v2\/tags?post=317788"}],"curies":[{"name":"wp","href":"https:\/\/api.w.org\/{rel}","templated":true}]}}