{"id":317806,"date":"2026-01-01T19:24:09","date_gmt":"2026-01-01T19:24:09","guid":{"rendered":"https:\/\/www.europesays.com\/es\/317806\/"},"modified":"2026-01-01T19:24:09","modified_gmt":"2026-01-01T19:24:09","slug":"pusimos-en-el-mapa-del-heavy-metal-la-estetica-de-vaqueros-y-cuero","status":"publish","type":"post","link":"https:\/\/www.europesays.com\/es\/317806\/","title":{"rendered":"Pusimos en el mapa del Heavy Metal la est\u00e9tica de vaqueros y cuero"},"content":{"rendered":"<p>El impacto de la canci\u00f3n \u201cDenim And Leather\u201d<\/p>\n<p>Durante su paso por el festival Rockharz de este a\u00f1o, <strong>Biff Byford<\/strong>, cantante de <strong>SAXON<\/strong>, ha reflexionado sobre el origen, el impacto y el legado de <strong>\u201cDenim And Leather\u201d<\/strong>, uno de los temas m\u00e1s representativos de la banda brit\u00e1nica y pieza clave de su cuarto \u00e1lbum de estudio.<\/p>\n<p>Byford afirma en declaraciones a Metal Hammer Alemania que sigue considerando <strong>\u201cDenim And Leather\u201d como un aut\u00e9ntico himno para los fans del Heavy Metal en todo el mundo<\/strong> y sostiene que \u201ces una canci\u00f3n grande\u201d. El vocalista explica que las <strong>letras est\u00e1n escritas pensando directamente en el p\u00fablico<\/strong> y recuerda que fue uno de los primeros temas en los que consiguieron que <strong>los fans participaran cantando en la propia grabaci\u00f3n<\/strong>, algo que en aquel momento se organiz\u00f3 \u201cpor correo, mediante cartas y llamadas telef\u00f3nicas\u201d.<\/p>\n<p>El cantante de SAXON se\u00f1ala que aquello \u201cfue algo importante\u201d para la banda en ese momento y admite que no todo el mundo vio la idea con buenos ojos. Sin embargo, recuerda que su planteamiento fue claro: <strong>\u201cEs una canci\u00f3n sobre los fans, as\u00ed que vamos a incluir a los fans\u201d<\/strong>. Byford a\u00f1ade que el tema tambi\u00e9n funciona por su groove y subraya que \u201ctiene un ritmo muy bueno\u201d, un elemento clave en su \u00e9xito.<\/p>\n<p><\/p>\n<p>La influencia de MONTROSE en el sonido del tema<\/p>\n<p>El vocalista explica que, en aquella \u00e9poca, los miembros de SAXON <strong>eran grandes seguidores del primer \u00e1lbum de MONTROSE<\/strong>. Byford detalla que se inspiraron directamente en el tema \u201cRock Candy\u201d, especialmente en su patr\u00f3n de bater\u00eda, y afirma que \u201cnos encantaba ese ritmo\u201d, que acab\u00f3 sirviendo como base para construir el groove de \u201cDenim And Leather\u201d.<\/p>\n<p>Seg\u00fan declara, la canci\u00f3n funcion\u00f3 muy bien desde el principio y fue muy bien recibida por el p\u00fablico. Adem\u00e1s, sostiene que \u201cDenim And Leather\u201d acab\u00f3 convirti\u00e9ndose en el \u00e1lbum m\u00e1s grande de una <strong>trilog\u00eda fundamental para la banda<\/strong>, formada por \u201cWheels Of Steel\u201d, \u201cStrong Arm Of The Law\u201d y el propio \u201cDenim And Leather\u201d. Byford destaca que ese disco tambi\u00e9n inclu\u00eda \u201cotras dos canciones grandes\u201d, como \u201cNever Surrender\u201d y \u201cAnd The Bands Played On\u201d.<\/p>\n<p>La conexi\u00f3n de SAXON con el mundo motero<\/p>\n<p>Al hablar de la asociaci\u00f3n de SAXON con la escena biker, Byford explica que la imagen de la banda en motocicletas reflejaba en gran medida su propia vida. El cantante declara que siempre ha sido un <strong>apasionado de las motos<\/strong> y recuerda que ha \u201ctenido cientos de motocicletas\u201d a lo largo de los a\u00f1os. Se\u00f1ala que en aquella etapa simplemente cantaba sobre su entorno, su educaci\u00f3n y la vida de sus amigos.<\/p>\n<p>Byford sostiene que el concepto del grupo en esos a\u00f1os consist\u00eda en escribir sobre las cosas que les gustaban y afirma que \u201cesa era la idea de la banda en aquel momento\u201d. En ese contexto, explica que \u201cDenim And Leather\u201d nace tambi\u00e9n de la intenci\u00f3n de dedicar una canci\u00f3n al p\u00fablico, especialmente cuando, a comienzos de los a\u00f1os 80, <strong>SAXON ya era una de las bandas m\u00e1s importantes del Reino Unido y Europa<\/strong>.<\/p>\n<p>El cantante recuerda que por entonces el uso de <strong>chaquetas vaqueras sin mangas y cazadoras de cuero<\/strong> se hab\u00eda convertido casi en un uniforme entre los seguidores del Heavy Metal. A\u00f1ade que \u201cesa est\u00e9tica se perdi\u00f3 un poco en los a\u00f1os 90\u201d, pero afirma que <strong>en la \u00faltima d\u00e9cada ha regresado con fuerza<\/strong> entre los fans m\u00e1s j\u00f3venes, que vuelven a lucir battle jackets con <strong>parches<\/strong> de sus bandas favoritas.<\/p>\n<p>La importancia del tema para la carrera de SAXON<\/p>\n<p>Preguntado por la relevancia de \u201cDenim And Leather\u201d en la trayectoria del grupo, Byford afirma que la canci\u00f3n y el \u00e1lbum <strong>fueron bastante importantes para el ascenso de SAXON<\/strong>. El cantante recuerda que publicaron tres discos en muy poco tiempo: uno en 1979, dos en 1980 y \u201cDenim And Leather\u201d en 1981, y sostiene que \u201ctodo eso fue clave para nuestra subida\u201d.<\/p>\n<p>La est\u00e9tica de escenario y el legado visual<\/p>\n<p>En cuanto a la vestimenta de la banda, Byford sostiene que la ropa nunca fue una cuesti\u00f3n especialmente relevante. Explica que, en los primeros a\u00f1os, simplemente vest\u00edan con <strong>vaqueros, camisetas negras y chaquetas de cuero<\/strong> y afirma que \u201cese era nuestro uniforme\u201d. Se\u00f1ala que el uso de prendas como el spandex ya exist\u00eda antes y que ellos se limitaron a emular a bandas de los a\u00f1os 70.<\/p>\n<p>El vocalista recuerda que tanto \u00e9l como Lemmy Kilmister de MOT\u00d6RHEAD fueron conocidos en aquella \u00e9poca por llevar <strong>cinturones de balas<\/strong> y considera que aquella imagen ten\u00eda un aire motero sin resultar excesivo. Byford a\u00f1ade que la fotograf\u00eda de la banda sobre motocicletas en la contraportada de \u201cDenim And Leather\u201d \u201cdejaba bastante claro de qu\u00e9 iba todo aquello\u201d.<\/p>\n<p>Un icono del Heavy Metal<\/p>\n<p>Byford coincide en que la combinaci\u00f3n de vaquero y cuero se ha convertido con el tiempo en un s\u00edmbolo del Heavy Metal para el gran p\u00fablico. El cantante recuerda que, para aquella gira, se hizo <strong>algunas prendas vaqueras personalizadas<\/strong>, principalmente chaquetas, y afirma que \u201ccon los a\u00f1os ese look se ha vuelto totalmente ic\u00f3nico\u201d.<\/p>\n<p>Seg\u00fan explica, aunque esa est\u00e9tica ya exist\u00eda previamente, <strong>SAXON ayud\u00f3 a popularizarla<\/strong> gracias a la canci\u00f3n y al \u00e1lbum: \u00abCreo que iniciamos una gran tendencia. Ya exist\u00eda, pero <strong>nosotros la pusimos en el mapa<\/strong>, por as\u00ed decirlo, con esa canci\u00f3n y ese disco\u00bb. Byford subraya que \u201cDenim And Leather\u201d es conocida en todo el mundo y destaca que \u201cmucha gente conoce la canci\u00f3n aunque no sepa que es de SAXON\u201d.<\/p>\n<p>Actualmente, la banda brit\u00e1nica se encuentra en el estudio trabajando en el disco que suceder\u00e1 a \u201c<a href=\"https:\/\/www.hellpress.com\/discos\/hell-fire-and-damnation-saxon-critica-disco\/\" rel=\"nofollow noopener\" target=\"_blank\"><strong>Hell, Fire And Damnation<\/strong><\/a>\u201d, editado en enero de 2024 a trav\u00e9s de Silver Lining Music.<\/p>\n<p>\nPr\u00f3ximos conciertos de SAXON<\/p>\n<p>Os recordamos los <a href=\"https:\/\/www.hellpress.com\/noticias\/saxon-confirma-nuevos-conciertos-barcelona-bilbao-madrid-2026\/\" rel=\"nofollow noopener\" target=\"_blank\">conciertos de SAXON<\/a> previstos para abril:<\/p>\n<ul>\n<li><strong>Viernes 24 de abril 2026 &#8211; Barcelona (sala Razzmatazz 1)<\/strong><br \/>Anticipada: 48\u20ac \/ Taquilla: 55\u20ac<\/li>\n<li><strong>S\u00e1bado 25 de abril 2026 &#8211; Bilbao (sala Santana 27)<\/strong><br \/>Anticipada: 48\u20ac \/ Taquilla: 55\u20ac<\/li>\n<li><strong>Domingo 26 de abril 2026 &#8211; Madrid (sala La Riviera)<\/strong><br \/>Anticipada: 48\u20ac \/ Taquilla: 55\u20ac<\/li>\n<\/ul>\n<p><strong>Entradas<\/strong>\u00a0a la venta en la\u00a0<a href=\"https:\/\/www.madnesslive.es\/es\/pagina\/273-saxon-interpretara-wheels-of-steel-al-completo-en-espana-el-proximo-septiembre\" target=\"_blank\" rel=\"noopener nofollow\">web de Madness Live<\/a>.<\/p>\n<p><strong>SAXON<\/strong>\u00a0lanz\u00f3 el 19 de enero de 2024 su \u00faltimo \u00e1lbum de estudio, \u00ab<a href=\"https:\/\/www.hellpress.com\/discos\/hell-fire-and-damnation-saxon-critica-disco\/\" rel=\"nofollow noopener\" target=\"_blank\"><strong>Hell, Fire And Damnation<\/strong><\/a>\u00ab, un trabajo producido por\u00a0<strong>Andy Sneap<\/strong>\u00a0(JUDAS PRIEST, EXODUS) y el propio Biff Byford.<\/p>\n<p>M\u00e1s informaci\u00f3n sobre SAXON\u00a0en su\u00a0<a href=\"http:\/\/www.saxon747.com\/\" target=\"_blank\" rel=\"noopener noreferrer nofollow\">web oficial<\/a>.<\/p>\n<p>Sigue a\u00a0<a href=\"https:\/\/whatsapp.com\/channel\/0029Va89dzX9cDDVSdC3pt2Q\" target=\"_blank\" rel=\"noopener nofollow\"><strong>HELLPRESS en Whatsapp<\/strong><\/a>\u00a0para m\u00e1s noticias.<\/p>\n","protected":false},"excerpt":{"rendered":"El impacto de la canci\u00f3n \u201cDenim And Leather\u201d Durante su paso por el festival Rockharz de este a\u00f1o,&hellip;\n","protected":false},"author":2,"featured_media":317807,"comment_status":"","ping_status":"","sticky":false,"template":"","format":"standard","meta":{"footnotes":""},"categories":[170],"tags":[74179,146,147,25,24,188,184,185,38739,23],"class_list":{"0":"post-317806","1":"post","2":"type-post","3":"status-publish","4":"format-standard","5":"has-post-thumbnail","7":"category-musica","8":"tag-biff-byford","9":"tag-entertainment","10":"tag-entretenimiento","11":"tag-es","12":"tag-espana","13":"tag-heavy-metal","14":"tag-music","15":"tag-musica","16":"tag-saxon","17":"tag-spain"},"share_on_mastodon":{"url":"https:\/\/pubeurope.com\/@es\/115821481981878270","error":""},"_links":{"self":[{"href":"https:\/\/www.europesays.com\/es\/wp-json\/wp\/v2\/posts\/317806","targetHints":{"allow":["GET"]}}],"collection":[{"href":"https:\/\/www.europesays.com\/es\/wp-json\/wp\/v2\/posts"}],"about":[{"href":"https:\/\/www.europesays.com\/es\/wp-json\/wp\/v2\/types\/post"}],"author":[{"embeddable":true,"href":"https:\/\/www.europesays.com\/es\/wp-json\/wp\/v2\/users\/2"}],"replies":[{"embeddable":true,"href":"https:\/\/www.europesays.com\/es\/wp-json\/wp\/v2\/comments?post=317806"}],"version-history":[{"count":0,"href":"https:\/\/www.europesays.com\/es\/wp-json\/wp\/v2\/posts\/317806\/revisions"}],"wp:featuredmedia":[{"embeddable":true,"href":"https:\/\/www.europesays.com\/es\/wp-json\/wp\/v2\/media\/317807"}],"wp:attachment":[{"href":"https:\/\/www.europesays.com\/es\/wp-json\/wp\/v2\/media?parent=317806"}],"wp:term":[{"taxonomy":"category","embeddable":true,"href":"https:\/\/www.europesays.com\/es\/wp-json\/wp\/v2\/categories?post=317806"},{"taxonomy":"post_tag","embeddable":true,"href":"https:\/\/www.europesays.com\/es\/wp-json\/wp\/v2\/tags?post=317806"}],"curies":[{"name":"wp","href":"https:\/\/api.w.org\/{rel}","templated":true}]}}