{"id":317816,"date":"2026-01-01T19:30:16","date_gmt":"2026-01-01T19:30:16","guid":{"rendered":"https:\/\/www.europesays.com\/es\/317816\/"},"modified":"2026-01-01T19:30:16","modified_gmt":"2026-01-01T19:30:16","slug":"casa-josephine-nos-cuentan-sus-predicciones-para-2026-la-tendencia-sera-la-no-tendencia","status":"publish","type":"post","link":"https:\/\/www.europesays.com\/es\/317816\/","title":{"rendered":"Casa Josephine nos cuentan sus predicciones para 2026: \u00abLa tendencia ser\u00e1 la no tendencia\u00bb"},"content":{"rendered":"<p><strong>Casa Josephine nos cuentan sus predicciones para 2026<\/strong><\/p>\n<p>Cuando presentamos hace unas semanas <strong>el sofisticado piso de la calle Sagasta de Madrid reinterpretado por <a href=\"https:\/\/www.revistaad.es\/articulos\/como-ha-cambiado-el-oficio-del-interiorista-casa-josephine\" rel=\"nofollow noopener\" target=\"_blank\">Casa Josephine<\/a><\/strong>, el t\u00e1ndem de interioristas formado por <strong>Pablo L\u00f3pez e \u00cd\u00f1igo Arag\u00f3n<\/strong> ya nos dio algunas pistas al decir que \u201cel lujo est\u00e1 en los matices, no en el exceso\u201d. Una reflexi\u00f3n que flota entre muchos de nuestros <a href=\"https:\/\/www.revistaad.es\/galerias\/ad100-2026\" rel=\"nofollow noopener\" target=\"_blank\">AD 100 2026<\/a>, a quienes hemos preguntado por su <strong>visi\u00f3n del interiorismo, la arquitectura y el dise\u00f1o para los pr\u00f3ximos doce meses<\/strong>.<\/p>\n<p>Un a\u00f1o en el que dotaremos de mayor emoci\u00f3n a los espacios y nos cuestionaremos las narrativas del exceso para mirar hacia adentro.<\/p>\n<p>Casa Josephine (AD100 2026): \u201cEste a\u00f1o, vamos a ver proyectos m\u00e1s personales\u201d<\/p>\n<p><img decoding=\"async\" alt=\"Casa Josephine nos cuentan sus predicciones para 2026 La tendencia ser la no tendencia\" loading=\"lazy\" class=\"ResponsiveImageContainer-eNxvmU cfBbTk responsive-image__image\"   src=\"https:\/\/www.europesays.com\/es\/wp-content\/uploads\/2026\/01\/134581_009%20(1).JPG\"\/><\/p>\n<p>Casa Josephine. \u00a9 Laura Leonelli<\/p>\n<p>Desde sus inicios, <strong>Casa Josephine ha huido de los clich\u00e9s<\/strong>: lo hemos visto en el <strong>hotel rural de La Rioja<\/strong> que, en 2016, daba el pistoletazo de salida a su trayectoria; <strong>hasta este <a href=\"https:\/\/www.revistaad.es\/galerias\/pied-a-terre-casa-josephine-segovia\" rel=\"nofollow noopener\" target=\"_blank\">escondite rural<\/a> de inspiraci\u00f3n ochentera y japonesa en Segovia<\/strong>. En <strong>su tienda de El Rastro<\/strong> o piezas como la l\u00e1mpara Weekend, nuevo icono que ha encandilado a Pen\u00e9lope Cruz o Nathy Peluso.<\/p>\n<p><img decoding=\"async\" alt=\"La lmpara de Casa Josephine de la colecci\u00f3n Weekend parte de los escenarios de la \u00faltima pel\u00edcula de Almod\u00f3var\" loading=\"lazy\" class=\"ResponsiveImageContainer-eNxvmU cfBbTk responsive-image__image\"   src=\"https:\/\/www.europesays.com\/es\/wp-content\/uploads\/2026\/01\/CASA%20JOSEPHINE%20RUIZ%20DE%20ALARCON1250%201%20copia.jpg\"\/><\/p>\n<p>La l\u00e1mpara de Casa Josephine, de la colecci\u00f3n Weekend, parte de los escenarios de la \u00faltima pel\u00edcula de Almod\u00f3var<\/p>\n","protected":false},"excerpt":{"rendered":"Casa Josephine nos cuentan sus predicciones para 2026 Cuando presentamos hace unas semanas el sofisticado piso de la&hellip;\n","protected":false},"author":2,"featured_media":317817,"comment_status":"","ping_status":"","sticky":false,"template":"","format":"standard","meta":{"footnotes":""},"categories":[80],"tags":[66258,82,234,95,94,25,24,12234,23,61119],"class_list":{"0":"post-317816","1":"post","2":"type-post","3":"status-publish","4":"format-standard","5":"has-post-thumbnail","7":"category-economia","8":"tag-ad100","9":"tag-business","10":"tag-diseno","11":"tag-economia","12":"tag-economy","13":"tag-es","14":"tag-espana","15":"tag-interiorismo","16":"tag-spain","17":"tag-tendencias-2026"},"share_on_mastodon":{"url":"https:\/\/pubeurope.com\/@es\/115821505818228591","error":""},"_links":{"self":[{"href":"https:\/\/www.europesays.com\/es\/wp-json\/wp\/v2\/posts\/317816","targetHints":{"allow":["GET"]}}],"collection":[{"href":"https:\/\/www.europesays.com\/es\/wp-json\/wp\/v2\/posts"}],"about":[{"href":"https:\/\/www.europesays.com\/es\/wp-json\/wp\/v2\/types\/post"}],"author":[{"embeddable":true,"href":"https:\/\/www.europesays.com\/es\/wp-json\/wp\/v2\/users\/2"}],"replies":[{"embeddable":true,"href":"https:\/\/www.europesays.com\/es\/wp-json\/wp\/v2\/comments?post=317816"}],"version-history":[{"count":0,"href":"https:\/\/www.europesays.com\/es\/wp-json\/wp\/v2\/posts\/317816\/revisions"}],"wp:featuredmedia":[{"embeddable":true,"href":"https:\/\/www.europesays.com\/es\/wp-json\/wp\/v2\/media\/317817"}],"wp:attachment":[{"href":"https:\/\/www.europesays.com\/es\/wp-json\/wp\/v2\/media?parent=317816"}],"wp:term":[{"taxonomy":"category","embeddable":true,"href":"https:\/\/www.europesays.com\/es\/wp-json\/wp\/v2\/categories?post=317816"},{"taxonomy":"post_tag","embeddable":true,"href":"https:\/\/www.europesays.com\/es\/wp-json\/wp\/v2\/tags?post=317816"}],"curies":[{"name":"wp","href":"https:\/\/api.w.org\/{rel}","templated":true}]}}