{"id":317820,"date":"2026-01-01T19:32:20","date_gmt":"2026-01-01T19:32:20","guid":{"rendered":"https:\/\/www.europesays.com\/es\/317820\/"},"modified":"2026-01-01T19:32:20","modified_gmt":"2026-01-01T19:32:20","slug":"la-policia-investiga-la-muerte-de-una-mujer-de-26-anos-tras-caer-de-un-piso-11-en-villaverde-noticias-de-madrid","status":"publish","type":"post","link":"https:\/\/www.europesays.com\/es\/317820\/","title":{"rendered":"La polic\u00eda investiga la muerte de una mujer de 26 a\u00f1os tras caer de un piso 11 en Villaverde | Noticias de Madrid"},"content":{"rendered":"<p class=\"\">Una noche antes de que el reloj de la Puerta del Sol de Madrid diera las 12 campanadas que <a href=\"https:\/\/elpais.com\/espana\/madrid\/2025-12-31\/la-nochevieja-en-madrid-se-afianza-gracias-al-turismo-y-los-hosteleros-celebran-que-venderan-antes-de-la-noche-mas-del-57-de-las-entradas.html\" target=\"_self\" rel=\"nofollow noopener\" title=\"https:\/\/elpais.com\/espana\/madrid\/2025-12-31\/la-nochevieja-en-madrid-se-afianza-gracias-al-turismo-y-los-hosteleros-celebran-que-venderan-antes-de-la-noche-mas-del-57-de-las-entradas.html\">inauguraban el 2026<\/a>, una llamada al 112 alertaba del hallazgo del cuerpo de una mujer en plena v\u00eda p\u00fablica, en el n\u00famero 7 de la calle Santa Escol\u00e1stica, en el barrio de Villaverde. Cuando acudieron al lugar los servicios de Emergencia tan solo pudieron certificar su muerte. Se trata de una joven de 26 a\u00f1os de origen peruano y nacionalidad espa\u00f1ola que presumiblemente habr\u00eda ca\u00eddo desde el piso 11 de un edificio colindante. El grupo de <a href=\"https:\/\/elpais.com\/noticias\/homicidios\/\" target=\"_self\" rel=\"nofollow noopener\" title=\"https:\/\/elpais.com\/noticias\/homicidios\/\">Homicidios<\/a> de la Polic\u00eda Nacional, responsable de las incidencias en la noche de Fin de A\u00f1o, se person\u00f3 en el sitio y comenz\u00f3 una investigaci\u00f3n en la que, por el momento, hay un detenido. Se trata de un hombre de origen nigeriano de 45 a\u00f1os. No ha trascendido si exist\u00eda o no relaci\u00f3n entre v\u00edctima y detenido y fuentes policiales aseguran que \u201ctodas las hip\u00f3tesis contin\u00faan abiertas\u201d.<\/p>\n<p class=\"\">Otras fuentes pr\u00f3ximas al caso han asegurado que la v\u00edctima hab\u00eda tenido con anterioridad intentos de suicidio por alg\u00fan posible trastorno psiqui\u00e1trico.<\/p>\n<p class=\"\">El balance de la criminalidad en Madrid en 2025 se situ\u00f3 un 2,2% por debajo de los datos del a\u00f1o pasado, con 173.854 delitos denunciados frente a los casi 177.700 de 2024.<\/p>\n<p class=\"\">Entre los descensos m\u00e1s significativos se encuentran los hurtos (-9,9%) o los robos con violencia e intimidaci\u00f3n (-7,1%) y los robos en domicilios (-6,3%).<\/p>\n<p>Homicidios al alza <\/p>\n<p class=\"\">Sin embargo, en han aumentado un 14,3% los homicidios, un 16,1% los delitos por lesiones y ri\u00f1a tumultuaria, un 40% los secuestros y un 3,2% las agresiones sexuales, pasando de 312 el a\u00f1o pasado a 322 en este trimestre de 2025, seg\u00fan los \u00faltimos datos de Interior.<\/p>\n<p class=\"\">No obstante, el delegado del Gobierno en la Comunidad de Madrid, Francisco Mart\u00edn Aguirre, afirmaba este pasado mes de diciembre que los ciudadanos y ciudadanas de Madrid pueden disfrutar de una mayor calidad de vida gracias tambi\u00e9n a la mejora de la seguridad, dado que la regi\u00f3n registra la tasa de criminalidad m\u00e1s baja de la \u00faltima d\u00e9cada. Esto es una demostraci\u00f3n de que \u201cse est\u00e1n haciendo bien las cosas y hay que seguir trabajando por ese camino\u201d, ha subrayado.<\/p>\n<p class=\"\">En concreto, \u00e9sta se situ\u00f3 en el tercer trimestre del a\u00f1o en los 56,7 puntos, seg\u00fan los datos del balance de criminalidad publicados por la Secretar\u00eda de Estado de Seguridad del Ministerio del Interior correspondientes al tercer trimestre del a\u00f1o 2025.<\/p>\n","protected":false},"excerpt":{"rendered":"Una noche antes de que el reloj de la Puerta del Sol de Madrid diera las 12 campanadas&hellip;\n","protected":false},"author":2,"featured_media":317821,"comment_status":"","ping_status":"","sticky":false,"template":"","format":"standard","meta":{"footnotes":""},"categories":[8],"tags":[17,18,1467,25,24,13,14,11,2129,11738,19,20,205,4044,9,10,15,16,23,12,21,22],"class_list":{"0":"post-317820","1":"post","2":"type-post","3":"status-publish","4":"format-standard","5":"has-post-thumbnail","7":"category-espana","8":"tag-breaking-news","9":"tag-breakingnews","10":"tag-comunidad-de-madrid","11":"tag-es","12":"tag-espana","13":"tag-featured-news","14":"tag-featurednews","15":"tag-headlines","16":"tag-homicidios","17":"tag-investigacion-policial","18":"tag-latest-news","19":"tag-latestnews","20":"tag-madrid","21":"tag-mujeres","22":"tag-news","23":"tag-noticias","24":"tag-noticias-destacadas","25":"tag-noticiasdestacadas","26":"tag-spain","27":"tag-titulares","28":"tag-ultimas-noticias","29":"tag-ultimasnoticias"},"share_on_mastodon":{"url":"https:\/\/pubeurope.com\/@es\/115821513555455249","error":""},"_links":{"self":[{"href":"https:\/\/www.europesays.com\/es\/wp-json\/wp\/v2\/posts\/317820","targetHints":{"allow":["GET"]}}],"collection":[{"href":"https:\/\/www.europesays.com\/es\/wp-json\/wp\/v2\/posts"}],"about":[{"href":"https:\/\/www.europesays.com\/es\/wp-json\/wp\/v2\/types\/post"}],"author":[{"embeddable":true,"href":"https:\/\/www.europesays.com\/es\/wp-json\/wp\/v2\/users\/2"}],"replies":[{"embeddable":true,"href":"https:\/\/www.europesays.com\/es\/wp-json\/wp\/v2\/comments?post=317820"}],"version-history":[{"count":0,"href":"https:\/\/www.europesays.com\/es\/wp-json\/wp\/v2\/posts\/317820\/revisions"}],"wp:featuredmedia":[{"embeddable":true,"href":"https:\/\/www.europesays.com\/es\/wp-json\/wp\/v2\/media\/317821"}],"wp:attachment":[{"href":"https:\/\/www.europesays.com\/es\/wp-json\/wp\/v2\/media?parent=317820"}],"wp:term":[{"taxonomy":"category","embeddable":true,"href":"https:\/\/www.europesays.com\/es\/wp-json\/wp\/v2\/categories?post=317820"},{"taxonomy":"post_tag","embeddable":true,"href":"https:\/\/www.europesays.com\/es\/wp-json\/wp\/v2\/tags?post=317820"}],"curies":[{"name":"wp","href":"https:\/\/api.w.org\/{rel}","templated":true}]}}