{"id":317853,"date":"2026-01-01T19:55:10","date_gmt":"2026-01-01T19:55:10","guid":{"rendered":"https:\/\/www.europesays.com\/es\/317853\/"},"modified":"2026-01-01T19:55:10","modified_gmt":"2026-01-01T19:55:10","slug":"detenida-una-mujer-en-majadahonda-tras-el-hallazgo-de-un-bebe-muerto-el-mundo","status":"publish","type":"post","link":"https:\/\/www.europesays.com\/es\/317853\/","title":{"rendered":"Detenida una Mujer en Majadahonda tras el hallazgo de un beb\u00e9 muerto &#8211; El Mundo"},"content":{"rendered":"<ol>\n<li><a href=\"https:\/\/news.google.com\/rss\/articles\/CBMiekFVX3lxTE9TQ3JJNzNIZ0hyX0xDc3NQbVBrVUJWY1p6aVZBOWVaVkkwblJ6aUN2dVAySFltT1JleVprOWE5VENlMVQ4ZkwwRXlEZkRvX01Nb245Qk83STU3bTZ6NldZNV9LdHRuNllOUGZ0R0pFV2RaM3V4d3htT3Jn0gF6QVVfeXFMTVlOZjAxeDRzczdkTkVGMDZpWjRYY2hlN3QtUDdWYjVvTmhoZXVkVmxqcmdQMzlPU2RoQm9aMDhaWjNEeVBzUUtadXQ5aDJNejloUVFZa21UOXdkWVlyR1lsQmV2LXZWU3VoTGZCWDVzUl9GcFVhYnQzaXc?oc=5\" target=\"_blank\" rel=\"nofollow noopener\">Detenida una Mujer en Majadahonda tras el hallazgo de un beb\u00e9 muerto<\/a>&nbsp;&nbsp;El Mundo<\/li>\n<li><a href=\"https:\/\/news.google.com\/rss\/articles\/CBMioAFBVV95cUxPZUwyUXpUZnRnb3NEU056ZU82Yk5qMFNQRmhQSjlfNVBnUEF3QnE4dEtRcWNmeG8xMlNoMzhLcWpnbm5nMXRTVWdvdVRDVkNoNEROem15VWhfQXpxaTFQekpZQkgxYlJpYnVldndrMUVkQW13dkVHVTByVjFaS09ybWR6TlpleXNCMDdfVEhtakl4MTBGWkQ5cl9nemhOdzVv0gGmAUFVX3lxTE9aQUFvcVUzVkJUSE5qbkJhU05Ocmo3dEs3bFV5b2FDc3Z1RDVNOFZiYUd5Zy1KWV9JQ1FTUlFqNFFPQU5RYWdjRUJ1THVjaHh0ZmlrY0FjWjFONEFPWngta3ROakgzaUd0SHJRVXhNZEpnMEJOZm5oNWM3Wmltek5JTEp1S2JUd2tXQTBNbklNMGs4Szh3M0ROVW96aTlRZmJmWW1VQXc?oc=5\" target=\"_blank\" rel=\"nofollow noopener\">Una mujer mata a su beb\u00e9 y esconde su cad\u00e1ver en Madrid en fin de a\u00f1o<\/a>&nbsp;&nbsp;El Debate<\/li>\n<li><a href=\"https:\/\/news.google.com\/rss\/articles\/CBMi2AFBVV95cUxONVNQcnh1U0xGbmh4aHNLM1VVMGFHZVhWSENCYk8tbEV6c3p1WFNibHBIZ3pSNTdMZ1VOMTB4ZXZkWlpfa3IxOUxGQkFUU0V1WDhoXzBRZjhPeG80NVFnZGx0VTRFdF9weS1ma0ZZTHhmVlM5UXl6YlkteWsyWGhQZ21RT1JQZm5ydDM5eDBWclR5am5OSGw5M2NKZEoyMWhXU0ZuTkVvenUxdFdIS2N1LWs0Rl8yUzZRSHRzdmNPNkVkRDhwSVRuSVZGWVhEVE15TV9HdXoyYWTSAdgBQVVfeXFMT203WFRJRHo4aGhNWEdDR1Y4LXlBSV9Nd29MQ1E3SFNSNzVmOVpxempUZDdUVHFqdVZ3aFVFY2c2eW5IQmtWN2xZQmJjdUZIa0Y4ZFNSelpwbGItZWVTd0IxVDlDeGt5ZWVJTlRMd29Qa3p1OWQ3UDdjUHJvRVFwbjN0eEgzaDdiclBTME1YMnc5TkM3NGxrWnFTazV4cXNmUVZlcEpwQ2w4c1hBMUFPY3ZzX2ttdnB2bk1sOFJZSjM3WTJCeE9HVkxMMEg4QTRwZUhDSWozVmJB?oc=5\" target=\"_blank\" rel=\"nofollow noopener\">Investigan la aparici\u00f3n de un beb\u00e9 muerto en un contenedor de basura durante la Nochevieja en Majadahonda, Madrid<\/a>&nbsp;&nbsp;RTVE.es<\/li>\n<li><a href=\"https:\/\/news.google.com\/rss\/articles\/CBMiqwFBVV95cUxPV0VCNXhqd1VHTG5wTFBSSGZaUm0tRjN4a1RxNDZPekdRM2U0VW93QnpuTFE4M1NRNVFBd091QzQzZlpKakh4cl9ST2JZNUo3cXc0VkVYd3FBblRTYWtYQ2FidnVaakp3NVB3N085aHVERExrdzhoczBfWnhNNFJTOFFjOThxZWJTOXh5TElMSVVHd0RpWEpzeHYzckRlSi03dW5ab2pqTVpyeU0?oc=5\" target=\"_blank\" rel=\"nofollow noopener\">Detenida una joven tras abandonar los restos de un beb\u00e9 prematuro en una bolsa de basura<\/a>&nbsp;&nbsp;ABC<\/li>\n<\/ol>\n","protected":false},"excerpt":{"rendered":"Detenida una Mujer en Majadahonda tras el hallazgo de un beb\u00e9 muerto&nbsp;&nbsp;El Mundo Una mujer mata a su&hellip;\n","protected":false},"author":2,"featured_media":317854,"comment_status":"","ping_status":"","sticky":false,"template":"","format":"standard","meta":{"footnotes":""},"categories":[8],"tags":[17,18,25,24,13,14,11,19,20,205,9,10,15,16,23,12,21,22],"class_list":{"0":"post-317853","1":"post","2":"type-post","3":"status-publish","4":"format-standard","5":"has-post-thumbnail","7":"category-espana","8":"tag-breaking-news","9":"tag-breakingnews","10":"tag-es","11":"tag-espana","12":"tag-featured-news","13":"tag-featurednews","14":"tag-headlines","15":"tag-latest-news","16":"tag-latestnews","17":"tag-madrid","18":"tag-news","19":"tag-noticias","20":"tag-noticias-destacadas","21":"tag-noticiasdestacadas","22":"tag-spain","23":"tag-titulares","24":"tag-ultimas-noticias","25":"tag-ultimasnoticias"},"share_on_mastodon":{"url":"https:\/\/pubeurope.com\/@es\/115821603997645415","error":""},"_links":{"self":[{"href":"https:\/\/www.europesays.com\/es\/wp-json\/wp\/v2\/posts\/317853","targetHints":{"allow":["GET"]}}],"collection":[{"href":"https:\/\/www.europesays.com\/es\/wp-json\/wp\/v2\/posts"}],"about":[{"href":"https:\/\/www.europesays.com\/es\/wp-json\/wp\/v2\/types\/post"}],"author":[{"embeddable":true,"href":"https:\/\/www.europesays.com\/es\/wp-json\/wp\/v2\/users\/2"}],"replies":[{"embeddable":true,"href":"https:\/\/www.europesays.com\/es\/wp-json\/wp\/v2\/comments?post=317853"}],"version-history":[{"count":0,"href":"https:\/\/www.europesays.com\/es\/wp-json\/wp\/v2\/posts\/317853\/revisions"}],"wp:featuredmedia":[{"embeddable":true,"href":"https:\/\/www.europesays.com\/es\/wp-json\/wp\/v2\/media\/317854"}],"wp:attachment":[{"href":"https:\/\/www.europesays.com\/es\/wp-json\/wp\/v2\/media?parent=317853"}],"wp:term":[{"taxonomy":"category","embeddable":true,"href":"https:\/\/www.europesays.com\/es\/wp-json\/wp\/v2\/categories?post=317853"},{"taxonomy":"post_tag","embeddable":true,"href":"https:\/\/www.europesays.com\/es\/wp-json\/wp\/v2\/tags?post=317853"}],"curies":[{"name":"wp","href":"https:\/\/api.w.org\/{rel}","templated":true}]}}