{"id":317857,"date":"2026-01-01T20:01:20","date_gmt":"2026-01-01T20:01:20","guid":{"rendered":"https:\/\/www.europesays.com\/es\/317857\/"},"modified":"2026-01-01T20:01:20","modified_gmt":"2026-01-01T20:01:20","slug":"djokovic-desvela-por-fin-cual-sera-el-broche-de-su-carrera","status":"publish","type":"post","link":"https:\/\/www.europesays.com\/es\/317857\/","title":{"rendered":"Djokovic desvela, por fin, cu\u00e1l ser\u00e1 el broche de su carrera"},"content":{"rendered":"<p>El serbio ya se ha puesto una fecha tope para continuar en activo con su raqueta. Al margen de que pueda ganar o no un Grand Slam, que es su m\u00e1ximo deseo, tiene claro hasta cu\u00e1ndo lo intentar\u00e1 como m\u00e1ximo<\/p>\n<p class=\"parrafo\"><strong>Gan\u00f3 el \u00faltimo oro ol\u00edmpico,<\/strong> arrebat\u00e1ndoselo al mism\u00edsimo Carlos Alcaraz con un doble 7-6. Pero no se conform\u00f3 con ese broche y sigui\u00f3 para adelante. Quer\u00eda buscar un Grand Slam m\u00e1s, el que ser\u00eda el 25\u00ba de su palmar\u00e9s, antes de retirarse.<\/p>\n<p class=\"parrafo\">Y ahora que lo ve muy complicado debido a que su f\u00edsico no le responde tanto en cert\u00e1menes que son a cinco sets y que Sinner y el propio Alcaraz parecen imbatibles, <strong>Novak Djokovic se ha propuesto otra meta m\u00e1s asequible <\/strong>por si acaso no consigue ampliar sus vitrinas con otro &#8216;Major&#8217; m\u00e1s: Los \u00c1ngeles 2028.<\/p>\n<p class=\"parrafo\">S\u00ed, por fin, <strong><a href=\"https:\/\/www.estadiodeportivo.com\/tenis\/roddick-senala-limite-fisico-djokovic-dudo-que-alguien-los-anos-pueda-entrenar-maximo-20251226-524816.html\" target=\"_blank\" class=\"intext-link\" rel=\"nofollow noopener\">&#8216;Nole&#8217; se ha pronunciado sobre su futuro y con un horizonte claro.<\/a><\/strong> Y aunque en ning\u00fan momento ha hablado sobre su retirada del tenis de forma expl\u00edcita, a buen entendedor pocas palabras bastan. No quiere decir que no se retire antes, sobre todo, si logra ese ansiado Grand Slam, pero lo que s\u00ed tiene claro es que si llega a dicha cita ol\u00edmpica (lo har\u00eda con 41 primaveras) ver\u00eda con buenos ojos que sirviera para ponerle el punto y final a su carrera deportiva.<\/p>\n<p><a class=\"elementos-rel-t2\" href=\"https:\/\/www.estadiodeportivo.com\/tenis\/alcaraz-mira-djokovic-adopta-metodo-poco-habitual-para-mejorar-saque-20251229-525111.html\" title=\"Alcaraz se fija en Djokovic y adopta un m\u00e9todo poco habitual para mejorar su saque\" rel=\"nofollow noopener\" target=\"_blank\"><\/p>\n<p class=\"titular titulo-4\">Alcaraz se fija en Djokovic y adopta un m\u00e9todo poco habitual para mejorar su saque<\/p>\n<p><img decoding=\"async\" src=\"https:\/\/www.europesays.com\/es\/wp-content\/uploads\/2026\/01\/3604fc34-d75c-48a2-ba3d-5ce3d01d22f6_320x180.jpeg\" alt=\"Alcaraz se fija en Djokovic y adopta un m\u00e9todo poco habitual para mejorar su saque\"\/><\/a><a class=\"elementos-rel-t2\" href=\"https:\/\/www.estadiodeportivo.com\/tenis\/djokovic-vuelve-carga-con-rafa-nadal-federer-20251228-525003.html\" title=\"Djokovic vuelve a la carga con Rafa Nadal y Federer\" rel=\"nofollow noopener\" target=\"_blank\"><\/p>\n<p class=\"titular titulo-4\">Djokovic vuelve a la carga con Rafa Nadal y Federer<\/p>\n<p><img decoding=\"async\" src=\"https:\/\/www.europesays.com\/es\/wp-content\/uploads\/2026\/01\/1b79fcd2-87dd-4f7e-bf8e-8b8bbdddb6c7_320x180.jpeg\" alt=\"Djokovic vuelve a la carga con Rafa Nadal y Federer\"\/><\/a><\/p>\n<p class=\"parrafo\">Al menos, eso ha dado a entender en una charla mantenida en el World Sport Summit: <strong>\u00abJugar\u00e9 en los Juegos Ol\u00edmpicos de Los \u00c1ngeles 2028. Estos Juegos son la estrella que me gu\u00eda. <\/strong>No hay l\u00edmites. Me encanta competir y mientras me sienta bien, mientras mi cuerpo lo aguante todo, mientras juegue a un alto nivel, \u00bfpor qu\u00e9 no?\u00bb.<\/p>\n<p class=\"parrafo\">En este mismo sentido, ha vuelto a pronunciarse sobre la edad en el tenis y el deporte en general: \u00abLa longevidad no se trata solo del deporte, sino de c\u00f3mo mantienes tu cuerpo, tu mente, tu energ\u00eda y tu tiempo. Billie Jean King dijo una vez: \u2018La presi\u00f3n es un privilegio\u2019. <strong>Siempre quise estar a la altura del mundo. Por eso agradezco seguir aqu\u00ed\u00bb.<\/strong><\/p>\n<p>Djokovic quiere seguir aportando su granito de arena al tenis<\/p>\n<p class=\"parrafo\">El tenista serbio ha recalcado que no s\u00f3lo quiere ampliar sus vitrinas, sino tambi\u00e9n ser part\u00edcipe de lo que est\u00e1 por venir en el mundo del tenis: <strong>\u00abSigo contribuyendo al tenis. Se avecinan grandes cambios y quiero formar parte de ellos. <\/strong>Me importa mucho c\u00f3mo me perciben las nuevas generaciones, no solo por mis resultados, sino tambi\u00e9n por mi car\u00e1cter y mis valores. Es muy importante saber de d\u00f3nde vienes, respetar a tu familia y tu cultura, as\u00ed como presentarte al mundo de la mejor manera\u00bb.<\/p>\n<p><img decoding=\"async\" src=\"https:\/\/www.europesays.com\/es\/wp-content\/uploads\/2026\/01\/d5a4c865-43cd-49e0-9ff7-abbdeeae20fe_800x533.jpeg\" loading=\"lazy\"\/>&#8216;Nole&#8217; entiende la adversidad como crecimiento<\/p>\n<p class=\"parrafo\">Y despu\u00e9s de tantas lesiones sufridas en los \u00faltimos dos a\u00f1os, Djokovic cree que estas le han hecho mejorar como persona: <strong>\u00abCreo que ante la adversidad, es donde m\u00e1s crecemos. <\/strong>\u00bfAcaso deseo que todos pasen por la guerra para fortalecerse mentalmente? No, claro que no. Pero creo que <strong>es importante crear las circunstancias y el entorno para que un joven atleta se desaf\u00ede mental y f\u00edsicamente <\/strong>para que pueda alcanzar su m\u00e1ximo potencial. <strong>Al crecer en la adversidad, uno desea a\u00fan m\u00e1s el \u00e9xito<\/strong>. Porque tienes algo que demostrarte no solo a ti mismo, a tus seres queridos, a tu familia, sino a todos los que te observan\u00bb.<\/p>\n","protected":false},"excerpt":{"rendered":"El serbio ya se ha puesto una fecha tope para continuar en activo con su raqueta. Al margen&hellip;\n","protected":false},"author":2,"featured_media":317858,"comment_status":"","ping_status":"","sticky":false,"template":"","format":"standard","meta":{"footnotes":""},"categories":[274],"tags":[168,25,24,284,547,23,167,327,326],"class_list":{"0":"post-317857","1":"post","2":"type-post","3":"status-publish","4":"format-standard","5":"has-post-thumbnail","7":"category-tenis","8":"tag-deportes","9":"tag-es","10":"tag-espana","11":"tag-estadio-deportivo","12":"tag-novak-djokovic","13":"tag-spain","14":"tag-sports","15":"tag-tenis","16":"tag-tennis"},"share_on_mastodon":{"url":"https:\/\/pubeurope.com\/@es\/115821627640062839","error":""},"_links":{"self":[{"href":"https:\/\/www.europesays.com\/es\/wp-json\/wp\/v2\/posts\/317857","targetHints":{"allow":["GET"]}}],"collection":[{"href":"https:\/\/www.europesays.com\/es\/wp-json\/wp\/v2\/posts"}],"about":[{"href":"https:\/\/www.europesays.com\/es\/wp-json\/wp\/v2\/types\/post"}],"author":[{"embeddable":true,"href":"https:\/\/www.europesays.com\/es\/wp-json\/wp\/v2\/users\/2"}],"replies":[{"embeddable":true,"href":"https:\/\/www.europesays.com\/es\/wp-json\/wp\/v2\/comments?post=317857"}],"version-history":[{"count":0,"href":"https:\/\/www.europesays.com\/es\/wp-json\/wp\/v2\/posts\/317857\/revisions"}],"wp:featuredmedia":[{"embeddable":true,"href":"https:\/\/www.europesays.com\/es\/wp-json\/wp\/v2\/media\/317858"}],"wp:attachment":[{"href":"https:\/\/www.europesays.com\/es\/wp-json\/wp\/v2\/media?parent=317857"}],"wp:term":[{"taxonomy":"category","embeddable":true,"href":"https:\/\/www.europesays.com\/es\/wp-json\/wp\/v2\/categories?post=317857"},{"taxonomy":"post_tag","embeddable":true,"href":"https:\/\/www.europesays.com\/es\/wp-json\/wp\/v2\/tags?post=317857"}],"curies":[{"name":"wp","href":"https:\/\/api.w.org\/{rel}","templated":true}]}}