{"id":317859,"date":"2026-01-01T20:02:07","date_gmt":"2026-01-01T20:02:07","guid":{"rendered":"https:\/\/www.europesays.com\/es\/317859\/"},"modified":"2026-01-01T20:02:07","modified_gmt":"2026-01-01T20:02:07","slug":"nuevo-team-ekoi-un-equipo-temporal-para-dar-apoyo-a-ciclistas-tops-en-situacion-comprometida","status":"publish","type":"post","link":"https:\/\/www.europesays.com\/es\/317859\/","title":{"rendered":"Nuevo Team EKOI, un equipo temporal para dar apoyo a ciclistas tops en situaci\u00f3n comprometida"},"content":{"rendered":"<blockquote class=\"quote-card lateral\">\n<p>Un proyecto profesional creado para evitar que el talento desaparezca del ciclocross de \u00e9lite<\/p>\n<\/blockquote>\n<p>El ciclocross suma un nuevo actor en su panorama profesional con la creaci\u00f3n de <strong>Team EKOI<\/strong>, una estructura plenamente profesional que nace con un objetivo muy concreto: ofrecer continuidad competitiva a corredores contrastados que, pese a su nivel y trayectoria, se encontraban sin un equipo estable para seguir compitiendo al m\u00e1ximo nivel.<\/p>\n<p>El proyecto arranca oficialmente este <strong>1 de enero<\/strong> y tendr\u00e1 vigencia, al menos, <strong>hasta el final de la temporada de ciclocross<\/strong>, coincidiendo con su cierre a finales de febrero.<\/p>\n<p>Durante este periodo, <strong>Ryan Kamp, Lauren Molengraaf y H\u00e9l\u00e8ne Clauzel<\/strong> competir\u00e1n bajo los colores de Team EKOI, formando un tr\u00edo con perfiles y trayectorias distintas, pero unidos por una situaci\u00f3n com\u00fan de incertidumbre deportiva pese a su demostrado potencial competitivo.<\/p>\n<p>\t Contin\u00faa tras los patrocinadores<\/p>\n<p>Un proyecto con ra\u00edces profundas en el ciclocross<\/p>\n<blockquote class=\"quote-card lateral\">\n<p>El ciclocross sigue siendo la base que define la identidad y la misi\u00f3n del proyecto<\/p>\n<\/blockquote>\n<p>Philip Roodhooft explica que la creaci\u00f3n del equipo responde a una convicci\u00f3n clara sobre el papel del ciclocross dentro del ecosistema del ciclismo profesional. Pese al crecimiento del deporte y su progresiva profesionalizaci\u00f3n, el ciclocross sigue siendo el origen y el n\u00facleo identitario del proyecto deportivo.<\/p>\n<p>Desde Team EKOI se subraya que el objetivo no es \u00fanicamente competir, sino <strong>contribuir activamente a que el ciclocross siga siendo atractivo, visible y competitivo<\/strong>, en un contexto cada vez m\u00e1s exigente para los corredores que buscan mantenerse en la \u00e9lite.<\/p>\n<p>Tres corredores para seguir luchando en el m\u00e1ximo nivel<\/p>\n<blockquote class=\"quote-card lateral\">\n<p>Team EKOI ofrece a tres corredores una oportunidad real de seguir compitiendo en la \u00e9lite<\/p>\n<\/blockquote>\n<p>El nuevo equipo estar\u00e1 integrado por <strong>Ryan Kamp, Lauren Molengraaf y H\u00e9l\u00e8ne Clauzel<\/strong>, tres corredores con historias individuales muy diferentes y trayectorias que no siempre han seguido un camino lineal dentro del ciclismo profesional.<\/p>\n<p>Pese a su talento contrastado y a su ambici\u00f3n deportiva, los tres afrontaban un futuro incierto en el m\u00e1ximo nivel del ciclocross, una situaci\u00f3n cada vez m\u00e1s habitual incluso entre corredores consolidados.<\/p>\n<p>La creaci\u00f3n del equipo les proporciona un entorno profesional completo desde el que <strong>seguir defendiendo sus opciones deportivas<\/strong> durante lo que resta de temporada.<\/p>\n<p>El respaldo de EKOI y Colnago como pilares del proyecto<\/p>\n<blockquote class=\"quote-card lateral\">\n<p>EKOI y Colnago aportan material, visibilidad y estructura profesional al equipo<\/p>\n<\/blockquote>\n<p>El proyecto cuenta con el <strong>apoyo directo de EKOI y Colnago<\/strong>, dos marcas que aportan tanto equipamiento de alto nivel como visibilidad y soporte estructural, elementos clave para garantizar el rendimiento y la proyecci\u00f3n de los corredores.<\/p>\n<p>Gracias a este respaldo, Team EKOI puede ofrecer a sus corredores un marco plenamente profesional que incluye material de calidad, asesoramiento experto y una presencia s\u00f3lida en el calendario internacional de ciclocross.<\/p>\n<p>Un compromiso temporal con la vista puesta en el futuro<\/p>\n<blockquote class=\"quote-card lateral\">\n<p>El proyecto nace como una soluci\u00f3n temporal alineada con el calendario del ciclocross<\/p>\n<\/blockquote>\n<p>Desde el equipo explican que el compromiso inicial se extiende <strong>hasta el final de febrero<\/strong>, coincidiendo con el cierre de la temporada de ciclocross. A partir de ese momento, todas las partes implicadas se sentar\u00e1n para analizar la evoluci\u00f3n del proyecto y valorar los siguientes pasos.<\/p>\n<p>Team EKOI se define as\u00ed como un <strong>proyecto puente<\/strong>, una estructura profesional pensada para cubrir un vac\u00edo real dentro del ciclocross actual, donde incluso corredores con resultados y experiencia pueden quedarse sin un entorno adecuado para seguir compitiendo al m\u00e1ximo nivel.<\/p>\n","protected":false},"excerpt":{"rendered":"Un proyecto profesional creado para evitar que el talento desaparezca del ciclocross de \u00e9lite El ciclocross suma un&hellip;\n","protected":false},"author":2,"featured_media":317860,"comment_status":"","ping_status":"","sticky":false,"template":"","format":"standard","meta":{"footnotes":""},"categories":[273],"tags":[313,44324,312,168,74183,25,24,23,167],"class_list":{"0":"post-317859","1":"post","2":"type-post","3":"status-publish","4":"format-standard","5":"has-post-thumbnail","7":"category-ciclismo","8":"tag-ciclismo","9":"tag-ciclocross","10":"tag-cycling","11":"tag-deportes","12":"tag-ekoi","13":"tag-es","14":"tag-espana","15":"tag-spain","16":"tag-sports"},"share_on_mastodon":{"url":"https:\/\/pubeurope.com\/@es\/115821631434319375","error":""},"_links":{"self":[{"href":"https:\/\/www.europesays.com\/es\/wp-json\/wp\/v2\/posts\/317859","targetHints":{"allow":["GET"]}}],"collection":[{"href":"https:\/\/www.europesays.com\/es\/wp-json\/wp\/v2\/posts"}],"about":[{"href":"https:\/\/www.europesays.com\/es\/wp-json\/wp\/v2\/types\/post"}],"author":[{"embeddable":true,"href":"https:\/\/www.europesays.com\/es\/wp-json\/wp\/v2\/users\/2"}],"replies":[{"embeddable":true,"href":"https:\/\/www.europesays.com\/es\/wp-json\/wp\/v2\/comments?post=317859"}],"version-history":[{"count":0,"href":"https:\/\/www.europesays.com\/es\/wp-json\/wp\/v2\/posts\/317859\/revisions"}],"wp:featuredmedia":[{"embeddable":true,"href":"https:\/\/www.europesays.com\/es\/wp-json\/wp\/v2\/media\/317860"}],"wp:attachment":[{"href":"https:\/\/www.europesays.com\/es\/wp-json\/wp\/v2\/media?parent=317859"}],"wp:term":[{"taxonomy":"category","embeddable":true,"href":"https:\/\/www.europesays.com\/es\/wp-json\/wp\/v2\/categories?post=317859"},{"taxonomy":"post_tag","embeddable":true,"href":"https:\/\/www.europesays.com\/es\/wp-json\/wp\/v2\/tags?post=317859"}],"curies":[{"name":"wp","href":"https:\/\/api.w.org\/{rel}","templated":true}]}}