{"id":317861,"date":"2026-01-01T20:04:20","date_gmt":"2026-01-01T20:04:20","guid":{"rendered":"https:\/\/www.europesays.com\/es\/317861\/"},"modified":"2026-01-01T20:04:20","modified_gmt":"2026-01-01T20:04:20","slug":"resumen-ano-monbus-obradoiro-baloncesto","status":"publish","type":"post","link":"https:\/\/www.europesays.com\/es\/317861\/","title":{"rendered":"RESUMEN A\u00d1O MONBUS OBRADOIRO BALONCESTO"},"content":{"rendered":"<p class=\"ft-text\">El a\u00f1o 2025 ha estado cargado de emociones para el <a class=\"ft-link ft-link--decoration\" href=\"https:\/\/www.elcorreogallego.es\/tags\/monbus-obradoiro\/\" target=\"_blank\" rel=\"nofollow noopener\">Monbus Obradoiro<\/a>, con dos proyectos con <strong>un mismo objetivo y sensaciones totalmente opuestas<\/strong>. El <strong>ascenso <\/strong>ha sido la meta de los de Sar, siendo un v\u00eda crucis en la campa\u00f1a 24\/25, con un equipo incapaz, plano y mal dirigido, y <strong>una ilusi\u00f3n en la presente<\/strong>, con una plantilla prometedora, talentosa y bien comandada. Por ello, los picheleiros despiden el a\u00f1o con <strong>esperanzas renovadas<\/strong>, especialmente <a class=\"ft-link ft-link--decoration\" href=\"https:\/\/www.elcorreogallego.es\/deportes\/2025\/12\/28\/obradoiro-tumba-coruna-acaba-imbatibilidad-125206894.html\" target=\"_blank\" rel=\"nofollow noopener\">tras superar<\/a> recientemente al <a class=\"ft-link ft-link--decoration\" href=\"https:\/\/www.elcorreogallego.es\/tags\/leyma-coruna\/\" target=\"_blank\" rel=\"nofollow noopener\">Leyma Coru\u00f1a<\/a> en el <a class=\"ft-link ft-link--decoration\" href=\"https:\/\/www.elcorreogallego.es\/deportes\/2025\/12\/30\/resaca-derbi-gallego-obradoiro-monbus-coruna-leyma-baloncesto-primera-feb-ascenso-acb-125234589.html\" target=\"_blank\" rel=\"nofollow noopener\">derbi gallego<\/a> en la cumbre.<\/p>\n<p>La era F\u00e9lix Alonso<\/p>\n<p class=\"ft-text\">Pero, para repasar este 2025, toca arrancar por el comienzo. A mediados de diciembre de 2024, en el club tomaban la precipitada decisi\u00f3n de cortar a <strong>Gonzalo Rodr\u00edguez<\/strong> al no obtener los resultados que pretend\u00edan en la c\u00fapula del club, tomando la que ser\u00eda una <strong>muy desacertada elecci\u00f3n de t\u00e9cnico al firmar a F\u00e9lix Alonso<\/strong> a finales del mismo mes. Por ello, el inicio del a\u00f1o fue en los primeros compases de la era del preparador leon\u00e9s, que cerraba el 2024 cayendo con su exequipo en el derbi en Sar con el Ourense (68-71).<\/p>\n<p class=\"ft-text\">El inicio de a\u00f1o traer\u00eda un nuevo tropiezo ante Alicante (90-85), con los de Sar acumulando <strong>7 triunfos y 8 derrotas<\/strong>, lejos de las 14 victorias del l\u00edder, San Pablo Burgos, establecidos en la s\u00e9ptima posici\u00f3n de la tabla. El cambio de din\u00e1mica arrancar\u00eda tras el triunfo en Copa Espa\u00f1a ante el Valladolid. A partir de ah\u00ed, los compostelanos obtendr\u00edan buenos resultados en liga, teniendo de por medio una racha de 10 victorias consecutivas, y alcanzar\u00edan la final por el trofeo copero, <strong>cayendo en la final ante el Burgos<\/strong>, equipo que tambi\u00e9n lograba el ascenso directo.<\/p>\n<p><img decoding=\"async\" src=\"https:\/\/www.europesays.com\/es\/wp-content\/uploads\/2026\/01\/1c0d2ff3-a419-4dbc-911c-cf5f6d7b6ec7_alta-libre-aspect-ratio_default_0.jpg\" width=\"1200\" height=\"800\" alt=\"F\u00e9lix Alonso ocup\u00f3 el puesto de Gonzalo Rodr\u00edguez\" class=\"ft-helper-img-rd\" loading=\"lazy\"\/><\/p>\n<p class=\"ft-helper-fontColor-quaternary ft-helper-fontSize-body-S ft-helper-spacer-t-xxs\">F\u00e9lix Alonso ocup\u00f3 el puesto de Gonzalo Rodr\u00edguez  \/ Jes\u00fas Prieto<\/p>\n<p class=\"ft-text\">Durante este proceso, a F\u00e9lix se le <strong>dot\u00f3 de superestrellas<\/strong> para la Primera FEB como <strong>Brodziansky y Barcello<\/strong>, adem\u00e1s de un base de nivel como <strong>Faggiano<\/strong>. As\u00ed, lograba terminar la temporada regular como cabeza de serie (5\u00ba) por encima del <strong>Palencia<\/strong>, cumpliendo el objetivo que le marcaron. Los de Sar terminaron con <strong>23 victorias y 11 derrotas<\/strong> (16 y 5 con F\u00e9lix). Eso s\u00ed, <strong>la realidad<\/strong> del Obradoiro era <strong>muy distinta<\/strong> a los resultados.<\/p>\n<p class=\"ft-text\">La etapa del leon\u00e9s fue de un<strong> baloncesto plano<\/strong>, volc\u00e1ndose en la defensa, sin ser brillante, y con una configuraci\u00f3n ofensiva inexistente. Tampoco logr\u00f3 domar a figuras como la de <strong>un Balvin que nunca apareci\u00f3<\/strong>, evitar que Brodziansky<strong> se contagiase<\/strong> de las actitudes del checo y no conisgui\u00f3 <strong>recuperar<\/strong> a algunas de sus principales armas como <strong>Davison o Varela<\/strong>. De hecho, en el cierre liguero no tuvo opci\u00f3n con Fuenlabrada (84-68) y firm\u00f3 un<strong> paup\u00e9rrimo encuentro ante Gipuzkoa<\/strong> en Sar (63-65). <strong>T\u00e9cnico resultadista, pero poco t\u00e1ctico<\/strong>. Tuvo la suerte de contar con piezas que no tuvo su predecesor y no supo sacarles rendimiento.<\/p>\n<p>Un playoff sin opciones<\/p>\n<p class=\"ft-text\">En el playoff <strong>se ol\u00eda la sangre<\/strong>. Todo el que hab\u00eda visto a los de Sar sab\u00eda que el rendimiento estaba lejos del talento real del equipo. Pero el Obradoiro ten\u00eda la ventaja de campo y<strong> esboz\u00f3 una esperanza<\/strong> en sus aficionados <strong>ganando <\/strong>el primer duelo (87-83). Un oasis en el desierto que sec\u00f3 un Palencia que s\u00ed ten\u00eda un entrenador y unos jugadores <strong>completamente metidos<\/strong> en el playoff. <strong>Luis Guil<\/strong> dio un repaso t\u00e1ctico ganando claramente los tres duelos siguientes y siendo superior en los dos lados del campo. Ya lo dijo<strong> Ra\u00fal L\u00f3pez<\/strong>, tras la derrota en el segundo choque en Sar, sab\u00eda que este proyecto no acabar\u00eda en buen puerto. Buen ejemplo fue el cuarto y definitivo choque, con el Obra capturando <strong>0 rebotes ofensivos<\/strong>.<\/p>\n<p><img decoding=\"async\" src=\"https:\/\/www.europesays.com\/es\/wp-content\/uploads\/2026\/01\/7eee122c-285f-4ce9-a165-9dc5458ddb9c_alta-libre-aspect-ratio_default_0.jpg\" width=\"1200\" height=\"800\" alt=\"Ondrej Balvin, el principal se\u00f1alado del desastre del Obradoiro, aunque no el \u00fanico.\" class=\"ft-helper-img-rd\" loading=\"lazy\"\/><\/p>\n<p class=\"ft-helper-fontColor-quaternary ft-helper-fontSize-body-S ft-helper-spacer-t-xxs\">Ondrej Balvin, el principal se\u00f1alado del desastre del Obradoiro, aunque no el \u00fanico.  \/ Jes\u00fas Prieto<\/p>\n<p class=\"ft-text\">Se cerr\u00f3 ese ciclo y las <strong>dudas sobre el futuro<\/strong> del Obra no dejaron de sucederse. <strong>H\u00e9ctor Gal\u00e1n<\/strong> dio la cara: \u00abNos hemos quedado <strong>lejos del objetivo<\/strong>. Todo parte de una mala configuraci\u00f3n de inicio de temporada y <strong>el responsable soy yo<\/strong>\u00ab. Ra\u00fal L\u00f3pez se mantuvo al frente de la presidencia y le concedi\u00f3 una segunda oportunidad al director general.<\/p>\n<p>Nueva temporada de ilusiones<\/p>\n<p class=\"ft-text\">Faltaba la pieza del banquillo y lleg\u00f3 la sorpresa. Y como si de la pel\u00edcula de ficci\u00f3n se tratase, lleg\u00f3 &#8216;una nueva esperanza&#8217;. <strong>Diego Epifanio<\/strong>, &#8216;el hombre de los ascensos&#8217;, llegaba a Sar desde el Leyma Coru\u00f1a. Bajo su paraguas aterrizaban en Santiago <strong>Huskic, Lundqvist y Barrueta<\/strong>. Adem\u00e1s, el Obra firmaba a Westermann, Brito, Andersson, Etxeguren y Dos Anjos. Continuaban Barcello, Quintela, Gal\u00e1n y Grela. Tambi\u00e9n se abr\u00eda <strong>una &#8216;batalla&#8217; con Onuetu<\/strong>, que puso rumbo a la NCAA teniendo contraro en Sar.<\/p>\n<p><img decoding=\"async\" src=\"https:\/\/www.europesays.com\/es\/wp-content\/uploads\/2026\/01\/3fa24f08-9071-45e8-87ec-77448c1da1bd_alta-libre-aspect-ratio_default_0.jpg\" width=\"1200\" height=\"800\" alt=\"Diego Epifanio, la nueva esperanza del Obradoiro\" class=\"ft-helper-img-rd\" loading=\"lazy\"\/><\/p>\n<p class=\"ft-helper-fontColor-quaternary ft-helper-fontSize-body-S ft-helper-spacer-t-xxs\">Diego Epifanio, la nueva esperanza del Obradoiro  \/ Jes\u00fas Prieto<\/p>\n<p class=\"ft-text\">El proyecto ten\u00eda mejor forma, una inversi\u00f3n inicial muy superior a la del curso pasado -que le cost\u00f3 el puesto a Gonzalo y las opciones de ascenso al club- y solo <strong>falt\u00f3 la suerte<\/strong>. Lundqvist se lesion\u00f3 el hombro derecho en pretemporada y Huskic se &#8216;vol\u00f3&#8217; la rodilla en el primer duelo. Con ello, <strong>dos derrotas en el inicio liguero<\/strong> que encend\u00edan las alarmas. Epi pidi\u00f3 calma y record\u00f3 que sus proyectos se &#8216;cocinan a fuego lento&#8217;. Y as\u00ed fue. Poco a poco, no sin sufrimiento, los picheleiros fueron ganando y, sobre todo, mejorando en sensaciones de juego, iniciando con <strong>el &#8216;milagro&#8217; en Gipuzkoa<\/strong> (95-96). Invictos en Copa Espa\u00f1a, entraron en una racha de <strong>11 triunfos en liga<\/strong> para un total de 13 con los coperos, superando incluso al <strong>Estudiantes<\/strong>, en Madrid y por la m\u00ednima (78-79).<\/p>\n<p class=\"ft-text\">Por el medio, han llegado <strong>Kravic y Speight<\/strong> para reforzar la plantilla y<strong> Lundqvist ha dicho adi\u00f3s<\/strong> a la temporada. Pero Epi ha logrado traer la ilusi\u00f3n de vuelta al obradoirismo, despidiendo el a\u00f1o con<strong> el triunfo en el derbi gallego<\/strong> ante el Leyma Coru\u00f1a (103-99), l\u00edder de la liga, para seguir dependiendo de s\u00ed mismo para el ascenso directo y poni\u00e9ndose a una victoria de los herculinos. As\u00ed, arranca un prometedor 2026 para el Obradoiro, que junto al Leyma apunta a principal candidato al ascenso directo y a conquistar la Copa Espa\u00f1a, con un juego alegre y, posiblemente, la mejor defensa de la competici\u00f3n.<\/p>\n","protected":false},"excerpt":{"rendered":"El a\u00f1o 2025 ha estado cargado de emociones para el Monbus Obradoiro, con dos proyectos con un mismo&hellip;\n","protected":false},"author":2,"featured_media":317862,"comment_status":"","ping_status":"","sticky":false,"template":"","format":"standard","meta":{"footnotes":""},"categories":[269],"tags":[45,6421,299,298,168,74184,20831,25,24,3814,14097,10284,10281,10285,38525,13919,23,167],"class_list":{"0":"post-317861","1":"post","2":"type-post","3":"status-publish","4":"format-standard","5":"has-post-thumbnail","7":"category-baloncesto","8":"tag-45","9":"tag-ascenso","10":"tag-baloncesto","11":"tag-basketball","12":"tag-deportes","13":"tag-diego-epifanio","14":"tag-epi","15":"tag-es","16":"tag-espana","17":"tag-ilusion","18":"tag-leyma-coruna","19":"tag-monbus-obradoiro","20":"tag-obradoiro","21":"tag-obradoiro-cab","22":"tag-partido-de-baloncesto","23":"tag-renovada","24":"tag-spain","25":"tag-sports"},"share_on_mastodon":{"url":"https:\/\/pubeurope.com\/@es\/115821639579379790","error":""},"_links":{"self":[{"href":"https:\/\/www.europesays.com\/es\/wp-json\/wp\/v2\/posts\/317861","targetHints":{"allow":["GET"]}}],"collection":[{"href":"https:\/\/www.europesays.com\/es\/wp-json\/wp\/v2\/posts"}],"about":[{"href":"https:\/\/www.europesays.com\/es\/wp-json\/wp\/v2\/types\/post"}],"author":[{"embeddable":true,"href":"https:\/\/www.europesays.com\/es\/wp-json\/wp\/v2\/users\/2"}],"replies":[{"embeddable":true,"href":"https:\/\/www.europesays.com\/es\/wp-json\/wp\/v2\/comments?post=317861"}],"version-history":[{"count":0,"href":"https:\/\/www.europesays.com\/es\/wp-json\/wp\/v2\/posts\/317861\/revisions"}],"wp:featuredmedia":[{"embeddable":true,"href":"https:\/\/www.europesays.com\/es\/wp-json\/wp\/v2\/media\/317862"}],"wp:attachment":[{"href":"https:\/\/www.europesays.com\/es\/wp-json\/wp\/v2\/media?parent=317861"}],"wp:term":[{"taxonomy":"category","embeddable":true,"href":"https:\/\/www.europesays.com\/es\/wp-json\/wp\/v2\/categories?post=317861"},{"taxonomy":"post_tag","embeddable":true,"href":"https:\/\/www.europesays.com\/es\/wp-json\/wp\/v2\/tags?post=317861"}],"curies":[{"name":"wp","href":"https:\/\/api.w.org\/{rel}","templated":true}]}}