{"id":317881,"date":"2026-01-01T20:16:07","date_gmt":"2026-01-01T20:16:07","guid":{"rendered":"https:\/\/www.europesays.com\/es\/317881\/"},"modified":"2026-01-01T20:16:07","modified_gmt":"2026-01-01T20:16:07","slug":"el-euro-termino-2025-revalorizado-frente-al-dolar","status":"publish","type":"post","link":"https:\/\/www.europesays.com\/es\/317881\/","title":{"rendered":"El euro termin\u00f3 2025 revalorizado frente al d\u00f3lar"},"content":{"rendered":"<p>El euro cerr\u00f3 un a\u00f1o 2025 revalorizado frente al d\u00f3lar, con estimaciones que ven a la moneda \u00fanica con una subida anual del 14 %, algo que debe mucho al debilitamiento del \u00abbillete verde\u00bb, lo que complica las exportaciones de la zona euro, que a partir del 1 de enero contar\u00e1 con un nuevo miembro: Bulgaria.<\/p>\n<p>La moneda \u00fanica comenz\u00f3 el a\u00f1o, que termina con esta Nochevieja, con un mal registro frente al d\u00f3lar, pues cay\u00f3 el pasado 2 de enero a un valor nunca visto desde noviembre de 2022: 1,027 d\u00f3lares.<\/p>\n<p>Aquella ca\u00edda se justific\u00f3 en su momento por la divergente marcha de las econom\u00edas de EE.UU. y de la zona euro.<\/p>\n<p>Si bien el PIB estadounidense terminar\u00eda en 2024 con un alza de un 2,8 % la expansi\u00f3n en el \u2018Viejo Continente\u2019 fue del 0,7 %.<\/p>\n<p>El regreso a la Casa Blanca como presidente de Donald Trump, que tom\u00f3 posesi\u00f3n el 20 de enero de este a\u00f1o, supuso, sin embargo, el comienzo de una revalorizaci\u00f3n del euro frente al \u00abbillete verde\u00bb hasta su valor de este mi\u00e9rcoles, en los que la moneda \u00fanica cotizaba a 1,1732 d\u00f3lares sobre las 16.00 GMT.<\/p>\n<p>Un m\u00e1ximo en 1,1807 d\u00f3lares<\/p>\n<p>Los 1,1807 d\u00f3lares que lleg\u00f3 a valer el euro el pasado 1 de julio fue el m\u00e1ximo de este a\u00f1o.<\/p>\n<p>Dicho alza, que situ\u00f3 a la moneda \u00fanica en una posici\u00f3n nunca vista desde 2021, se produjo en un contexto de acercamiento entre Washington y Bruselas en materia comercial, despu\u00e9s de que Trump lanzara una ofensiva internacional de imposici\u00f3n de cargas a los productos importados.<\/p>\n<p>Dicho acercamiento result\u00f3 en un acuerdo marco entre EE.UU y la Uni\u00f3n Europea (UE) por el que Washington se compromet\u00eda a aplicar un arancel promedio del 15 % a la mayor\u00eda de bienes del Viejo Continente, mientras que Bruselas se compromet\u00eda a eliminar aranceles para productos estadounidenses.<\/p>\n<blockquote>\n<p><strong>El resultado negociado evita una escalada perjudicial y sienta las bases par continuar el di\u00e1logo y desarrollar las relaciones transatl\u00e1nticas\u00bb, se\u00f1alaron las partes en el comunicado conjunto emitido por EE.UU y la UE el 21 de agosto.<\/strong><\/p>\n<\/blockquote>\n<p>Desde ese mes, el euro se ha movido entre los 1,159 d\u00f3lares hasta los 1,173 d\u00f3lares de este mi\u00e9rcoles, valores que, seg\u00fan explic\u00f3 a EFE Hubertus Bardt, economista del Instituto para la Econom\u00eda Alemania (IW), un centro de estudios econ\u00f3micos con sede en Colonia (oeste germano), se debe fundamentalmente a las actuales debilidades de la econom\u00eda estadounidense.<\/p>\n<p>Trump debilita al d\u00f3lar<\/p>\n<p>\u00abEn general, las perspectivas econ\u00f3micas en EE.UU. han empeorado\u00bb, dijo Bardt, que aludi\u00f3 a los efectos negativos de la pol\u00edtica arancelaria de Trump y tambi\u00e9n a una coyuntura estadounidense desfavorable.<\/p>\n<p>\u00abEn realidad, lo que ha ocurrido es que el d\u00f3lar el que se ha debilitado\u00bb por una situaci\u00f3n econ\u00f3mica fragilizada en EE.UU, algo que se suma a \u00abla presi\u00f3n sobre la Reserva Federal\u00bb de Trump \u00abpara que baje los tipos de inter\u00e9s\u00bb, agreg\u00f3 Bardt.<\/p>\n<p>Para \u00e9l, la fortaleza del euro, \u00abque est\u00e1 en niveles de 2014 \u00f3 2015\u00bb, se nota \u00aben que nuestros precios de exportaci\u00f3n se encarecen\u00bb, algo que perjudica a los productos europeos.<\/p>\n<p>Bulgaria se sube al euro<\/p>\n<p>Seg\u00fan Bardt, la situaci\u00f3n se mantendr\u00e1 estable para el euro en 2026, pues no hay atisbo de cambio en las grandes econom\u00edas europeas, con una Alemania cuyo PIB se muestra estancado mientras que Francia se ha convertido a nivel de pol\u00edtica financiera un \u00abriesgo central para Europa\u00bb.<\/p>\n<p>No en vano, el Tesoro franc\u00e9s inform\u00f3 el martes de que prev\u00e9 emitir 310.000 millones de euros de deuda a medio y largo plazo durante el a\u00f1o pr\u00f3ximo.<\/p>\n<p>Dicha cantidad supone un nuevo r\u00e9cord, aunque ese montante se podr\u00e1 ajustar en caso de que sea necesario en funci\u00f3n de la ley de presupuestos para 2026, que no ha podido ser aprobada hasta hora.<\/p>\n<p>En este contexto, Bulgaria se convertir\u00e1 el jueves en el pa\u00eds n\u00famero 21 de la zona euro, algo que, independientemente del futuro inmediato del rendimiento de la moneda \u00fanica frente al d\u00f3lar, se celebrar\u00e1, entre otras cosas, con la iluminaci\u00f3n en enero del edificio de la sede central del Banco Central Europeo (BCE) en Fr\u00e1ncfort.<\/p>\n<p><strong><\/p>\n<p><a href=\"https:\/\/revistamercado.do\/suscribe\" target=\"_self\" class=\"boton-suscribete-articulos\" rel=\"nofollow noopener\">Suscr\u00edbete a la revista<\/a> y <a href=\"https:\/\/revistamercado.do\/mercado-newsletter\" target=\"_self\" rel=\"nofollow noopener\">reg\u00edstrate a nuestros newsletters<\/a> para recibir el mejor contenido en tu buz\u00f3n de entrada.<\/p>\n<p><\/strong><\/p>\n<p class=\"mb-0 text-center\">Te quedan 1 de 3 accesos gratis.<\/p>\n","protected":false},"excerpt":{"rendered":"El euro cerr\u00f3 un a\u00f1o 2025 revalorizado frente al d\u00f3lar, con estimaciones que ven a la moneda \u00fanica&hellip;\n","protected":false},"author":2,"featured_media":317882,"comment_status":"","ping_status":"","sticky":false,"template":"","format":"standard","meta":{"footnotes":""},"categories":[80],"tags":[82,95,94,25,24,7546,23],"class_list":{"0":"post-317881","1":"post","2":"type-post","3":"status-publish","4":"format-standard","5":"has-post-thumbnail","7":"category-economia","8":"tag-business","9":"tag-economia","10":"tag-economy","11":"tag-es","12":"tag-espana","13":"tag-euro","14":"tag-spain"},"share_on_mastodon":{"url":"https:\/\/pubeurope.com\/@es\/115821686656763424","error":""},"_links":{"self":[{"href":"https:\/\/www.europesays.com\/es\/wp-json\/wp\/v2\/posts\/317881","targetHints":{"allow":["GET"]}}],"collection":[{"href":"https:\/\/www.europesays.com\/es\/wp-json\/wp\/v2\/posts"}],"about":[{"href":"https:\/\/www.europesays.com\/es\/wp-json\/wp\/v2\/types\/post"}],"author":[{"embeddable":true,"href":"https:\/\/www.europesays.com\/es\/wp-json\/wp\/v2\/users\/2"}],"replies":[{"embeddable":true,"href":"https:\/\/www.europesays.com\/es\/wp-json\/wp\/v2\/comments?post=317881"}],"version-history":[{"count":0,"href":"https:\/\/www.europesays.com\/es\/wp-json\/wp\/v2\/posts\/317881\/revisions"}],"wp:featuredmedia":[{"embeddable":true,"href":"https:\/\/www.europesays.com\/es\/wp-json\/wp\/v2\/media\/317882"}],"wp:attachment":[{"href":"https:\/\/www.europesays.com\/es\/wp-json\/wp\/v2\/media?parent=317881"}],"wp:term":[{"taxonomy":"category","embeddable":true,"href":"https:\/\/www.europesays.com\/es\/wp-json\/wp\/v2\/categories?post=317881"},{"taxonomy":"post_tag","embeddable":true,"href":"https:\/\/www.europesays.com\/es\/wp-json\/wp\/v2\/tags?post=317881"}],"curies":[{"name":"wp","href":"https:\/\/api.w.org\/{rel}","templated":true}]}}