{"id":317891,"date":"2026-01-01T20:27:07","date_gmt":"2026-01-01T20:27:07","guid":{"rendered":"https:\/\/www.europesays.com\/es\/317891\/"},"modified":"2026-01-01T20:27:07","modified_gmt":"2026-01-01T20:27:07","slug":"el-casademont-zaragoza-u22-mira-al-liderato-de-la-liga-u","status":"publish","type":"post","link":"https:\/\/www.europesays.com\/es\/317891\/","title":{"rendered":"El Casademont Zaragoza U22 mira al liderato de la Liga U"},"content":{"rendered":"<p class=\"paragraph\">Exigente cita para el Casademont Zaragoza U22, que <b>visita este viernes al Bar\u00e7a Atl\u00e8tic (19.00), actual l\u00edder de la Liga U, <\/b>en el partido de la decimocuarta jornada del campeonato regular y que se disputar\u00e1 en el pabell\u00f3n Joan Gamper. El conjunto de Jorge Serna <a href=\"https:\/\/www.heraldo.es\/noticias\/deportes\/baloncesto\/2025\/12\/26\/exhibicion-del-casademont-u22-ante-el-valencia-1881608.html\" title=\"Exhibici\u00f3n del Casademont U22 ante el Valencia\" rel=\"nofollow noopener\" target=\"_blank\">est\u00e1 completando una tempodada sobresaliente <\/a>y, de hecho, se encuentra a un solo triunfo de la primera posici\u00f3n de la tabla.\u00a0<\/p>\n<p class=\"paragraph\">El Casademont <b>viene de imponerse al Valencia (90-75), en la pasada jornada, <\/b>en un duelo que gobern\u00f3 desde el inicio con un agran exhibici\u00f3n de Seydina Faye (21 puntos), Matija Lukic (17) y Carlos Al\u00edas (10). Antes, el cuadro aragon\u00e9s ya hab\u00eda ganado en tierras levantinas por 102-118, en el partido de la primera vuelta, celebrado el 21 de noviembre en la Fuente de San Luis.\u00a0 \u00a0\u00a0<\/p>\n<p class=\"paragraph\">Adem\u00e1s, el conjunto de Jorge Serna hab\u00eda doblegado en dos ocasiones al Manresa (101-105 y 84-72), al Joventut de Badalona (99-84 y 69-82), y al Unicaja (78-91 y 98-68), al margen de <b>haber superado al CB Canarias (87-76) y\u00a0al\u00a0Real Madrid (87-72)<\/b> en el pabell\u00f3n Siglo XXI.\u00a0<\/p>\n<p>Tres derrotas<\/p>\n<p class=\"paragraph\">Sus tres \u00fanicas derrotas fueron contra los blancos, el pasado 7 de noviembre (86-58), en la quinta jornada, y una semana m\u00e1s tarde precisamente <b>ante el Bar\u00e7a Atl\u00e8tic (75-89), <\/b>su rival de este viernes; y en la pista del CB Canarias (80-68).\u00a0<\/p>\n<p class=\"paragraph\">Los catalanes lideran la clasificaci\u00f3n, <b>con 11 triunfos conquistados en 13 partidos. <\/b>Por detr\u00e1s se sit\u00faan el Real Madrid y el Casademont Zaragoza, ambos con 10 victorias; y luego el CB Canarias, con 7. Jorge Berna no podr\u00e1 alinear a Lucas Langarita, quien rescindi\u00f3 recientemente su contrato con el club aragon\u00e9s para marcharse a los Estados Unidos; ni tampoco al p\u00edvot Youssouf Traor\u00e9 ni al base Alejandro Moreno, ambos por lesi\u00f3n.\u00a0 \u00a0\u00a0<\/p>\n","protected":false},"excerpt":{"rendered":"Exigente cita para el Casademont Zaragoza U22, que visita este viernes al Bar\u00e7a Atl\u00e8tic (19.00), actual l\u00edder de&hellip;\n","protected":false},"author":2,"featured_media":317892,"comment_status":"","ping_status":"","sticky":false,"template":"","format":"standard","meta":{"footnotes":""},"categories":[269],"tags":[299,298,2511,168,25,24,13686,1044,32488,23,167,491],"class_list":{"0":"post-317891","1":"post","2":"type-post","3":"status-publish","4":"format-standard","5":"has-post-thumbnail","7":"category-baloncesto","8":"tag-baloncesto","9":"tag-basketball","10":"tag-casademont","11":"tag-deportes","12":"tag-es","13":"tag-espana","14":"tag-liderato","15":"tag-liga","16":"tag-mira","17":"tag-spain","18":"tag-sports","19":"tag-zaragoza"},"share_on_mastodon":{"url":"https:\/\/pubeurope.com\/@es\/115821729828742994","error":""},"_links":{"self":[{"href":"https:\/\/www.europesays.com\/es\/wp-json\/wp\/v2\/posts\/317891","targetHints":{"allow":["GET"]}}],"collection":[{"href":"https:\/\/www.europesays.com\/es\/wp-json\/wp\/v2\/posts"}],"about":[{"href":"https:\/\/www.europesays.com\/es\/wp-json\/wp\/v2\/types\/post"}],"author":[{"embeddable":true,"href":"https:\/\/www.europesays.com\/es\/wp-json\/wp\/v2\/users\/2"}],"replies":[{"embeddable":true,"href":"https:\/\/www.europesays.com\/es\/wp-json\/wp\/v2\/comments?post=317891"}],"version-history":[{"count":0,"href":"https:\/\/www.europesays.com\/es\/wp-json\/wp\/v2\/posts\/317891\/revisions"}],"wp:featuredmedia":[{"embeddable":true,"href":"https:\/\/www.europesays.com\/es\/wp-json\/wp\/v2\/media\/317892"}],"wp:attachment":[{"href":"https:\/\/www.europesays.com\/es\/wp-json\/wp\/v2\/media?parent=317891"}],"wp:term":[{"taxonomy":"category","embeddable":true,"href":"https:\/\/www.europesays.com\/es\/wp-json\/wp\/v2\/categories?post=317891"},{"taxonomy":"post_tag","embeddable":true,"href":"https:\/\/www.europesays.com\/es\/wp-json\/wp\/v2\/tags?post=317891"}],"curies":[{"name":"wp","href":"https:\/\/api.w.org\/{rel}","templated":true}]}}