{"id":317926,"date":"2026-01-01T20:52:10","date_gmt":"2026-01-01T20:52:10","guid":{"rendered":"https:\/\/www.europesays.com\/es\/317926\/"},"modified":"2026-01-01T20:52:10","modified_gmt":"2026-01-01T20:52:10","slug":"lola-indigo-el-verde-de-lorca-y-el-palacio-de-carlos-v-en-tve","status":"publish","type":"post","link":"https:\/\/www.europesays.com\/es\/317926\/","title":{"rendered":"Lola Indigo, el verde de Lorca y el Palacio de Carlos V en TVE"},"content":{"rendered":"<p>Lorca y Lola \u00cdndigo fueron grandes protagonistas de la programaci\u00f3n de Nochevieja de La 1 de RTVE. Y es que la cadena p\u00fablica emiti\u00f3 un  &#8230; espectacular programa protagonizado por siete mujeres y una ambiciosa producci\u00f3n audiovisual y musical que recorri\u00f3 Espa\u00f1a de norte a sur, incluido un salto a Miami para una actuaci\u00f3n exclusiva de Shakira, que dej\u00f3 momentos \u00fanicos e im\u00e1genes irrepetibles.<\/p>\n<p class=\"v-p\">Uno de esos momentos tuvo como protagonista a Granada y a Lorca de la mano de Lola \u00cdndigo. La de Hu\u00e9tor T\u00e1jar revivi\u00f3 en el Palacio de Carlos V su actuaci\u00f3n en los Goya. En el coraz\u00f3n del conjunto monumental de la Alhambra, la granadina interpret\u00f3 &#8216;Verde&#8217;. La artista homenaje\u00f3 y transform\u00f3 el poema de Federico Garc\u00eda Lorca en una versi\u00f3n moderna y coreogr\u00e1fica inspirada en su propia energ\u00eda. <\/p>\n<p class=\"v-p\">Una actuaci\u00f3n nocturna \u00abconcebida como un di\u00e1logo entre tradici\u00f3n y contemporaneidad\u00bb, se\u00f1alan desde RTVE. La artista present\u00f3 una propuesta \u00abapoyada en la ra\u00edz flamenca\u00bb, acompa\u00f1ada por un grupo de flamenco compuesto por 14 m\u00fasicos, incluidos coros, que aportaron \u00abfuerza, profundidad y emoci\u00f3n a la puesta en escena\u00bb. La actuaci\u00f3n se complet\u00f3 con un rodaje nocturno con dron que permiti\u00f3 \u00abcapturar la monumentalidad del espacio desde una perspectiva in\u00e9dita, reforzando el v\u00ednculo entre m\u00fasica, arquitectura e historia\u00bb. El dispositivo t\u00e9cnico y art\u00edstico ha contado con 73 personas, reflejo de la magnitud y complejidad de la producci\u00f3n.<\/p>\n<p class=\"v-p\">El especial de RTVE recorri\u00f3 algunos de los enclaves patrimoniales m\u00e1s emblem\u00e1ticos de Espa\u00f1a convertidos en escenarios \u00fanicos para la m\u00fasica en directo, con actuaciones \u00abirrepetibles, concebidas para cada espacio y rodadas en condiciones excepcionales\u00bb. Una noche inolvidable para despedir el a\u00f1o y dar la bienvenida a 2026, el a\u00f1o del 70\u00ba aniversario de Televisi\u00f3n Espa\u00f1ola.<\/p>\n<p class=\"v-p\">Nicki Nicole en el Castillo de Pedraza; Lola \u00cdndigo en el Palacio de Carlos V de la Alhambra de Granada; Amaia en el Monasterio de Iratxe (Navarra); Ana Torroja en el Museo Reina Sof\u00eda; Rosario Flores acompa\u00f1ada de Ketama, del Pirul\u00ed al cielo; y Shakira poniendo el broche de oro a La Casa de la M\u00fasica desde Miami.<\/p>\n<p class=\"v-p\">El programa ha estado dirigido desde RTVE por Mar\u00eda Eizaguirre y Ana Mar\u00eda Bordas, con producci\u00f3n ejecutiva de Carmen Mar\u00edn y con Miriam Garc\u00eda Corrales, directora de Entretenimiento de RTVE.<\/p>\n","protected":false},"excerpt":{"rendered":"Lorca y Lola \u00cdndigo fueron grandes protagonistas de la programaci\u00f3n de Nochevieja de La 1 de RTVE. Y&hellip;\n","protected":false},"author":2,"featured_media":317927,"comment_status":"","ping_status":"","sticky":false,"template":"","format":"standard","meta":{"footnotes":""},"categories":[174],"tags":[415,255,146,147,25,24,256,15727,15726,20174,6481,23,3156,1049],"class_list":{"0":"post-317926","1":"post","2":"type-post","3":"status-publish","4":"format-standard","5":"has-post-thumbnail","7":"category-famosos","8":"tag-carlos","9":"tag-celebrities","10":"tag-entertainment","11":"tag-entretenimiento","12":"tag-es","13":"tag-espana","14":"tag-famosos","15":"tag-indigo","16":"tag-lola","17":"tag-lorca","18":"tag-palacio","19":"tag-spain","20":"tag-tve","21":"tag-verde"},"share_on_mastodon":{"url":"https:\/\/pubeurope.com\/@es\/115821828014354539","error":""},"_links":{"self":[{"href":"https:\/\/www.europesays.com\/es\/wp-json\/wp\/v2\/posts\/317926","targetHints":{"allow":["GET"]}}],"collection":[{"href":"https:\/\/www.europesays.com\/es\/wp-json\/wp\/v2\/posts"}],"about":[{"href":"https:\/\/www.europesays.com\/es\/wp-json\/wp\/v2\/types\/post"}],"author":[{"embeddable":true,"href":"https:\/\/www.europesays.com\/es\/wp-json\/wp\/v2\/users\/2"}],"replies":[{"embeddable":true,"href":"https:\/\/www.europesays.com\/es\/wp-json\/wp\/v2\/comments?post=317926"}],"version-history":[{"count":0,"href":"https:\/\/www.europesays.com\/es\/wp-json\/wp\/v2\/posts\/317926\/revisions"}],"wp:featuredmedia":[{"embeddable":true,"href":"https:\/\/www.europesays.com\/es\/wp-json\/wp\/v2\/media\/317927"}],"wp:attachment":[{"href":"https:\/\/www.europesays.com\/es\/wp-json\/wp\/v2\/media?parent=317926"}],"wp:term":[{"taxonomy":"category","embeddable":true,"href":"https:\/\/www.europesays.com\/es\/wp-json\/wp\/v2\/categories?post=317926"},{"taxonomy":"post_tag","embeddable":true,"href":"https:\/\/www.europesays.com\/es\/wp-json\/wp\/v2\/tags?post=317926"}],"curies":[{"name":"wp","href":"https:\/\/api.w.org\/{rel}","templated":true}]}}