{"id":317930,"date":"2026-01-01T20:56:08","date_gmt":"2026-01-01T20:56:08","guid":{"rendered":"https:\/\/www.europesays.com\/es\/317930\/"},"modified":"2026-01-01T20:56:08","modified_gmt":"2026-01-01T20:56:08","slug":"hailey-y-justin-bieber-celebraron-ano-nuevo-con-una-foto-que-reavivo-la-polemica-con-selena-gomez","status":"publish","type":"post","link":"https:\/\/www.europesays.com\/es\/317930\/","title":{"rendered":"Hailey y Justin Bieber celebraron A\u00f1o Nuevo con una foto que reaviv\u00f3 la pol\u00e9mica con Selena G\u00f3mez"},"content":{"rendered":"<p><strong>Hailey Bieber <\/strong>arranc\u00f3 el 2026 con una dedicatoria rom\u00e1ntica a<strong> Justin Bieber<\/strong> que, lejos de quedar en un gesto \u00edntimo, termin\u00f3 reavivando una de las novelas m\u00e1s insistentes de la cultura pop: la del cantante con <strong>Selena Gomez <\/strong>y el eterno debate en redes sobre tiempos, idas y vueltas.<\/p>\n<p>La modelo public\u00f3 una foto besando a Justin y la acompa\u00f1\u00f3 con la frase <strong>\u201c10 New Years together and counting\u201d (\u201c10 A\u00f1os Nuevos juntos y contando\u201d)<\/strong>. El detalle que dispar\u00f3 la pol\u00e9mica fue el cierre del posteo: un coraz\u00f3n rojo y un emoji de un dedo haciendo \u201cfuck you\u201d, le\u00eddo por muchos como un mensaje directo a las cr\u00edticas que suele recibir.<\/p>\n<p><img decoding=\"async\" src=\"https:\/\/www.europesays.com\/es\/wp-content\/uploads\/2026\/01\/tN78c_zBj_870x580__1.jpg\" alt=\"Hailey Bieber, Justin y un gui\u00f1o que todos leyeron como una indirecta a Selena Gomez.\" width=\"870\" height=\"580\" class=\"styles_cover-image__pRCD1\" loading=\"lazy\"\/>Hailey Bieber, Justin y un gui\u00f1o que todos leyeron como una indirecta a Selena Gomez.<\/p>\n<p>La discusi\u00f3n se centr\u00f3 en la idea de \u201cdiez A\u00f1os Nuevos juntos\u201d. Para algunos usuarios, la cuenta ser\u00eda una forma de \u201creescribir\u201d la cronolog\u00eda de la relaci\u00f3n, ya que el v\u00ednculo entre Justin y Hailey tuvo tramos intermitentes antes de consolidarse y casarse.<\/p>\n<p>Seg\u00fan la reconstrucci\u00f3n que circul\u00f3 en redes, la imagen compartida por la empresaria corresponder\u00eda a A\u00f1o Nuevo de 2016, en un per\u00edodo posterior a una ruptura de Justin con Selena. Sin embargo, el cantante retom\u00f3 luego su relaci\u00f3n con Gomez y hubo nuevas reconciliaciones p\u00fablicas.<\/p>\n<p>Ese recorrido aliment\u00f3 la lectura de indirecta: el posteo rom\u00e1ntico pas\u00f3 a ser, para muchos, un dardo simb\u00f3lico en una historia que nunca se apaga del todo. As\u00ed, un brindis de pareja termin\u00f3 converti\u00e9ndose en la primera pol\u00e9mica del 2026.<\/p>\n","protected":false},"excerpt":{"rendered":"Hailey Bieber arranc\u00f3 el 2026 con una dedicatoria rom\u00e1ntica a Justin Bieber que, lejos de quedar en un&hellip;\n","protected":false},"author":2,"featured_media":317931,"comment_status":"","ping_status":"","sticky":false,"template":"","format":"standard","meta":{"footnotes":""},"categories":[170],"tags":[146,147,25,24,184,185,526,23],"class_list":{"0":"post-317930","1":"post","2":"type-post","3":"status-publish","4":"format-standard","5":"has-post-thumbnail","7":"category-musica","8":"tag-entertainment","9":"tag-entretenimiento","10":"tag-es","11":"tag-espana","12":"tag-music","13":"tag-musica","14":"tag-show","15":"tag-spain"},"share_on_mastodon":{"url":"https:\/\/pubeurope.com\/@es\/115821843968644820","error":""},"_links":{"self":[{"href":"https:\/\/www.europesays.com\/es\/wp-json\/wp\/v2\/posts\/317930","targetHints":{"allow":["GET"]}}],"collection":[{"href":"https:\/\/www.europesays.com\/es\/wp-json\/wp\/v2\/posts"}],"about":[{"href":"https:\/\/www.europesays.com\/es\/wp-json\/wp\/v2\/types\/post"}],"author":[{"embeddable":true,"href":"https:\/\/www.europesays.com\/es\/wp-json\/wp\/v2\/users\/2"}],"replies":[{"embeddable":true,"href":"https:\/\/www.europesays.com\/es\/wp-json\/wp\/v2\/comments?post=317930"}],"version-history":[{"count":0,"href":"https:\/\/www.europesays.com\/es\/wp-json\/wp\/v2\/posts\/317930\/revisions"}],"wp:featuredmedia":[{"embeddable":true,"href":"https:\/\/www.europesays.com\/es\/wp-json\/wp\/v2\/media\/317931"}],"wp:attachment":[{"href":"https:\/\/www.europesays.com\/es\/wp-json\/wp\/v2\/media?parent=317930"}],"wp:term":[{"taxonomy":"category","embeddable":true,"href":"https:\/\/www.europesays.com\/es\/wp-json\/wp\/v2\/categories?post=317930"},{"taxonomy":"post_tag","embeddable":true,"href":"https:\/\/www.europesays.com\/es\/wp-json\/wp\/v2\/tags?post=317930"}],"curies":[{"name":"wp","href":"https:\/\/api.w.org\/{rel}","templated":true}]}}