{"id":317940,"date":"2026-01-01T21:01:08","date_gmt":"2026-01-01T21:01:08","guid":{"rendered":"https:\/\/www.europesays.com\/es\/317940\/"},"modified":"2026-01-01T21:01:08","modified_gmt":"2026-01-01T21:01:08","slug":"final-fantasy-xiv-se-acerca-aun-mas-a-nintendo-switch-tras-estas-declaraciones","status":"publish","type":"post","link":"https:\/\/www.europesays.com\/es\/317940\/","title":{"rendered":"Final Fantasy XIV se acerca a\u00fan m\u00e1s a Nintendo Switch tras estas declaraciones"},"content":{"rendered":"<p>\u00a1Hay nuevas declaraciones de cara a <strong>Final<\/strong>\u00a0<strong>Fantasy VII Remake Intergrade, que llega el 22 de enero de 2026 a Nintendo Switch 2<\/strong>! Vuelve a llegarnos informaci\u00f3n tras el\u00a0<a href=\"https:\/\/www.nintenderos.com\/2024\/06\/rumor-filtrados-nuevos-detalles-de-final-fantasy-ix-remake\/\" rel=\"nofollow noopener\" target=\"_blank\">\u00faltimo set de detalles del remake de la novena entrega<\/a>, y esta vez traemos m\u00e1s novedades que interesar\u00e1n a los fans de\u00a0<strong>Final Fantasy<\/strong>.<\/p>\n<p>Y es que <strong>Naoki Yoshida<\/strong> ha vuelto a avivar las esperanzas de ver <strong>Final Fantasy XIV<\/strong> en consolas de Nintendo tras una nueva actualizaci\u00f3n: durante un evento de A\u00f1o Nuevo dentro del propio juego, respondi\u00f3 con un prometedor \u201cesperad con ansias\u201d cuando se le pregunt\u00f3 por una versi\u00f3n para Switch.<\/p>\n<p>Esta declaraci\u00f3n refuerza <a href=\"https:\/\/www.nintenderos.com\/2024\/09\/final-fantasy-xiv-yoshi-p-afirma-que-las-conversaciones-estan-progresando-para-llevar-el-juego-a-nintendo\/\" rel=\"nofollow noopener\" target=\"_blank\">sus palabras anteriores<\/a>, en las que ya hab\u00eda dejado claro que<strong> el objetivo del equipo es llevar el MMO a tantos dispositivos como sea posible y que las conversaciones siguen avanzando<\/strong>. Aunque todav\u00eda no hay un anuncio oficial, todo apunta a que el proyecto sigue vivo y podr\u00eda concretarse en el futuro cercano.<\/p>\n<p>Otros contenidos en esta categor\u00eda:<\/p>\n<p>\u00bfQu\u00e9 pens\u00e1is vosotros de estas novedades confirmadas? No dud\u00e9is en dejarlo en los comentarios. Para terminar, tambi\u00e9n pod\u00e9is encontrar\u00a0<a href=\"https:\/\/www.nintenderos.com\/?s=Final+Fantasy\" rel=\"nofollow noopener\" target=\"_blank\">nuestra cobertura completa sobre Final Fantasy aqu\u00ed<\/a>.<\/p>\n<p><a class=\"external\" href=\"https:\/\/gonintendo.com\/contents\/39731-square-enix-gives-more-hope-for-final-fantasy-xiv-on-nintendo-consoles-update\" rel=\"nofollow noopener\" target=\"_blank\">V\u00eda<\/a>.<\/p>\n","protected":false},"excerpt":{"rendered":"\u00a1Hay nuevas declaraciones de cara a Final\u00a0Fantasy VII Remake Intergrade, que llega el 22 de enero de 2026&hellip;\n","protected":false},"author":2,"featured_media":317941,"comment_status":"","ping_status":"","sticky":false,"template":"","format":"standard","meta":{"footnotes":""},"categories":[81],"tags":[119,123,124,25,24,74191,74192,117,121,122,23,118,120],"class_list":{"0":"post-317940","1":"post","2":"type-post","3":"status-publish","4":"format-standard","5":"has-post-thumbnail","7":"category-ciencia-y-tecnologia","8":"tag-ciencia","9":"tag-ciencia-y-tecnologia","10":"tag-cienciaytecnologia","11":"tag-es","12":"tag-espana","13":"tag-final-fantasy-xiv","14":"tag-naoki-yoshida","15":"tag-science","16":"tag-science-and-technology","17":"tag-scienceandtechnology","18":"tag-spain","19":"tag-technology","20":"tag-tecnologia"},"share_on_mastodon":{"url":"https:\/\/pubeurope.com\/@es\/115821863502352320","error":""},"_links":{"self":[{"href":"https:\/\/www.europesays.com\/es\/wp-json\/wp\/v2\/posts\/317940","targetHints":{"allow":["GET"]}}],"collection":[{"href":"https:\/\/www.europesays.com\/es\/wp-json\/wp\/v2\/posts"}],"about":[{"href":"https:\/\/www.europesays.com\/es\/wp-json\/wp\/v2\/types\/post"}],"author":[{"embeddable":true,"href":"https:\/\/www.europesays.com\/es\/wp-json\/wp\/v2\/users\/2"}],"replies":[{"embeddable":true,"href":"https:\/\/www.europesays.com\/es\/wp-json\/wp\/v2\/comments?post=317940"}],"version-history":[{"count":0,"href":"https:\/\/www.europesays.com\/es\/wp-json\/wp\/v2\/posts\/317940\/revisions"}],"wp:featuredmedia":[{"embeddable":true,"href":"https:\/\/www.europesays.com\/es\/wp-json\/wp\/v2\/media\/317941"}],"wp:attachment":[{"href":"https:\/\/www.europesays.com\/es\/wp-json\/wp\/v2\/media?parent=317940"}],"wp:term":[{"taxonomy":"category","embeddable":true,"href":"https:\/\/www.europesays.com\/es\/wp-json\/wp\/v2\/categories?post=317940"},{"taxonomy":"post_tag","embeddable":true,"href":"https:\/\/www.europesays.com\/es\/wp-json\/wp\/v2\/tags?post=317940"}],"curies":[{"name":"wp","href":"https:\/\/api.w.org\/{rel}","templated":true}]}}