{"id":317953,"date":"2026-01-01T21:13:11","date_gmt":"2026-01-01T21:13:11","guid":{"rendered":"https:\/\/www.europesays.com\/es\/317953\/"},"modified":"2026-01-01T21:13:11","modified_gmt":"2026-01-01T21:13:11","slug":"chima-moneke-se-alia-con-el-representante-mas-poderoso-de-europa","status":"publish","type":"post","link":"https:\/\/www.europesays.com\/es\/317953\/","title":{"rendered":"Chima Moneke se al\u00eda con el representante m\u00e1s poderoso de Europa"},"content":{"rendered":"<p>\n        <strong>Chima Moneke vuelve a dar que hablar en este arranque de 2026<\/strong>. Y nuevamente por un aspecto extradeportivo como es el en\u00e9simo cambio de agencia de representaci\u00f3n que acaba de protagonizar en su carrera y <strong>su nuevo matrimonio con el agente m\u00e1s poderoso del Viejo Continente<\/strong>.\n<\/p>\n<p class=\"article-body__text \">\n        Misko Raznatovic ha anunciado a trav\u00e9s de sus redes sociales que el ala-p\u00edvot nigeriano del Estrella Roja ha pasado a formar parte de su selecta lista de clientes <strong>donde, por cierto, sigue sin haber ning\u00fan jugador del Kosner Baskonia<\/strong>.\n<\/p>\n<blockquote class=\"twitter-tweet\" data-lang=\"es\" wp_automatic_readability=\"3.5858585858586\">\n<p lang=\"en\" dir=\"ltr\">Chima Moneke is our new client!<a href=\"https:\/\/twitter.com\/hashtag\/BeoBasket?src=hash&amp;ref_src=twsrc%5Etfw\" rel=\"nofollow noopener\" target=\"_blank\">#BeoBasket<\/a><\/p>\n<p>\u2014 Misko4Raznatovic (@MiskoRaznatovic) <a href=\"https:\/\/twitter.com\/MiskoRaznatovic\/status\/2006759346743705842?ref_src=twsrc%5Etfw\" rel=\"nofollow noopener\" target=\"_blank\">1 de enero de 2026<\/a><\/p><\/blockquote>\n<p class=\"article-body__text \">\n        <strong>El todopoderoso agente balc\u00e1nico tiene sus propios c\u00f3digos a la hora de dar primicias<\/strong> y esta tarde ha dado a conocer este movimiento que, si bien en el fondo no resulta del todo sorprendente conociendo a ambas partes, s\u00ed es llamativo a primera vista.\n<\/p>\n<p class=\"article-body__text \">\n        <strong>Moneke ya cambi\u00f3 de agencia en el verano de 2024<\/strong> tras un verano convulso en el que tuvo m\u00e1s de un pie fuera del Baskonia, pero finalmente permaneci\u00f3 en Vitoria tras no concretarse el inter\u00e9s de los dos clubes serbios de Euroliga (Partizan y Estrella Roja) o el propio Barcelona. En concreto, dej\u00f3 plantado a Hoops Internacional y <strong>se comprometi\u00f3 con You First<\/strong>, que por entonces era la agencia dominante del club vitoriano <strong>llevando a jugadores como Sedekerskis, Raieste, Miller-McIntyre, Kotsar o Costello<\/strong>.\n<\/p>\n<p>            <a href=\"https:\/\/www.noticiasdealava.eus\/baskonia\/2025\/06\/12\/amargo-adios-chima-moneke-baskonia-9749123.html\" title=\"El amargo adi\u00f3s de Chima Moneke\" class=\"new__media\" rel=\"nofollow noopener\" target=\"_blank\"><\/p>\n<p>                <img alt=\"El amargo adi\u00f3s de Chima Moneke\" data-src=\"https:\/\/www.europesays.com\/es\/wp-content\/uploads\/2026\/01\/63696ada-a42f-42fe-b1d1-680dbf5ab5b0_16-9-aspect-ratio_default_0_x504y394.jpg\" class=\"lozad\"\/><\/p>\n<p>        <\/a><\/p>\n<p>        <a href=\"https:\/\/www.noticiasdealava.eus\/baskonia\/2025\/06\/12\/amargo-adios-chima-moneke-baskonia-9749123.html\" title=\"El amargo adi\u00f3s de Chima Moneke\" class=\"new__headline\" rel=\"nofollow noopener\" target=\"_blank\"><br \/>\n            El amargo adi\u00f3s de Chima Moneke<br \/>\n        <\/a><\/p>\n<p class=\"article-body__text \">\n        <strong>Ahora quien pasa a controlar el futuro del ala-p\u00edvot del Estrella Roja es BeoBasket por medio de Misko Raznatovic<\/strong>, que cuenta posiblemente hoy en d\u00eda con la mejor cartera de jugadores en la Euroliga.\n<\/p>\n<p class=\"article-body__text \">\n        El nigeriano, que promedia 14,3 puntos y 7,6 rebotes en la m\u00e1xima competici\u00f3n continental, <strong>ha firmado por el cuadro de Belgrado hasta junio de 2027<\/strong>.\n<\/p>\n<p>            <script async src=\"https:\/\/platform.twitter.com\/widgets.js\" charset=\"utf-8\"><\/script><\/p>\n","protected":false},"excerpt":{"rendered":"Chima Moneke vuelve a dar que hablar en este arranque de 2026. Y nuevamente por un aspecto extradeportivo&hellip;\n","protected":false},"author":2,"featured_media":317954,"comment_status":"","ping_status":"","sticky":false,"template":"","format":"standard","meta":{"footnotes":""},"categories":[269],"tags":[3827,25044,299,298,4714,74193,168,25,24,41078,48728,14933,23,167,74194],"class_list":{"0":"post-317953","1":"post","2":"type-post","3":"status-publish","4":"format-standard","5":"has-post-thumbnail","7":"category-baloncesto","8":"tag-agente","9":"tag-alia","10":"tag-baloncesto","11":"tag-basketball","12":"tag-baskonia","13":"tag-chima","14":"tag-deportes","15":"tag-es","16":"tag-espana","17":"tag-estrella-roja","18":"tag-moneke","19":"tag-poderoso","20":"tag-spain","21":"tag-sports","22":"tag-you-first"},"share_on_mastodon":{"url":"https:\/\/pubeurope.com\/@es\/115821910636717938","error":""},"_links":{"self":[{"href":"https:\/\/www.europesays.com\/es\/wp-json\/wp\/v2\/posts\/317953","targetHints":{"allow":["GET"]}}],"collection":[{"href":"https:\/\/www.europesays.com\/es\/wp-json\/wp\/v2\/posts"}],"about":[{"href":"https:\/\/www.europesays.com\/es\/wp-json\/wp\/v2\/types\/post"}],"author":[{"embeddable":true,"href":"https:\/\/www.europesays.com\/es\/wp-json\/wp\/v2\/users\/2"}],"replies":[{"embeddable":true,"href":"https:\/\/www.europesays.com\/es\/wp-json\/wp\/v2\/comments?post=317953"}],"version-history":[{"count":0,"href":"https:\/\/www.europesays.com\/es\/wp-json\/wp\/v2\/posts\/317953\/revisions"}],"wp:featuredmedia":[{"embeddable":true,"href":"https:\/\/www.europesays.com\/es\/wp-json\/wp\/v2\/media\/317954"}],"wp:attachment":[{"href":"https:\/\/www.europesays.com\/es\/wp-json\/wp\/v2\/media?parent=317953"}],"wp:term":[{"taxonomy":"category","embeddable":true,"href":"https:\/\/www.europesays.com\/es\/wp-json\/wp\/v2\/categories?post=317953"},{"taxonomy":"post_tag","embeddable":true,"href":"https:\/\/www.europesays.com\/es\/wp-json\/wp\/v2\/tags?post=317953"}],"curies":[{"name":"wp","href":"https:\/\/api.w.org\/{rel}","templated":true}]}}