{"id":317957,"date":"2026-01-01T21:15:08","date_gmt":"2026-01-01T21:15:08","guid":{"rendered":"https:\/\/www.europesays.com\/es\/317957\/"},"modified":"2026-01-01T21:15:08","modified_gmt":"2026-01-01T21:15:08","slug":"macarena-garcia-y-enric-auquer-ponen-fin-a-su-relacion-estos-son-los-motivos","status":"publish","type":"post","link":"https:\/\/www.europesays.com\/es\/317957\/","title":{"rendered":"Macarena Garc\u00eda y Enric Auquer ponen fin a su relaci\u00f3n: estos son los motivos"},"content":{"rendered":"<p style=\"\">Una nueva ruptura ha sacudido a la familia de Javier Ambrossi. Su hermana,<strong> Macarena Garc\u00eda<\/strong> (37 a\u00f1os), ha puesto fin a su relaci\u00f3n con el tambi\u00e9n actor <strong>Enric Auquer <\/strong>(37). La pareja de int\u00e9rpretes se conoci\u00f3 durante el rodaje de &#8216;<a href=\"https:\/\/www.abc.es\/play\/cine\/criticas\/critica-casa-llamas-hogar-pegamento-material-inflamable-20240627182921-nt.html\" target=\"_self\" data-voc-vtm-id=\"in-text-traffic\" title=\"Casa en llamas\" data-mrf-link=\"www.abc.es\" rel=\"nofollow noopener\">Casa en llamas<\/a> &#8230; &#8216; y su relaci\u00f3n se desvel\u00f3 a principios del pasado a\u00f1o gracias a unas fotograf\u00edas publicadas por la revista &#8216;\u00a1Hola!&#8217;.<\/p>\n<p class=\"voc-p\" style=\"\">Ahora su ruptura sacude a los seguidores de ambos, puesto que recientemente se les hab\u00eda visto juntos en As\u00ed lo han contado en el p\u00f3dcast de &#8216;<a href=\"https:\/\/www.abc.es\/play\/television\/noticias\/laura-dispara-piedad-campos-aprendido-utilizar-enfermedades-20240220113811-nt.html\" target=\"_self\" data-voc-vtm-id=\"in-text-traffic\" title=\"Las Mamarazzis\" data-mrf-link=\"www.abc.es\" rel=\"nofollow noopener\">Las Mamarazzis<\/a>&#8216;, en donde adem\u00e1s han dado la que podr\u00eda ser la clave de su ruptura. <strong>Lorena V\u00e1zquez y Laura Fa<\/strong> han explicado que el motivo por el que no ha podido ser entre estos dos actores ha sido la distancia. <\/p>\n<p class=\"voc-p\" style=\"\">\u00abHa pasado de ser f\u00edsica a emocional\u00bb, han comentado las dos comunicadoras, que han admitido que eran muy seguidores de la pareja que formaban estos dos artistas. La relaci\u00f3n, sin embargo, podr\u00eda tener una <strong>segunda oportunidad<\/strong>. Porque tal y como han desvelado las &#8216;Mamarazzis&#8217;, Macarena y Enric est\u00e1n actualmente juntos en las Islas Canarias, donde han pasado la Navidad y tambi\u00e9n han disfrutado de la Nochevieja. <\/p>\n<p class=\"voc-p\" style=\"\">Las periodistas hablan de que este plan pueda ser o bien una oportunidad para reconciliarse o bien todo lo contrario, una muestra de la <strong>buena relaci\u00f3n que existe entre ellos<\/strong> y una manera de poner fin a su relaci\u00f3n definitivamente.<\/p>\n<p>\nPrivacidad ante todo\n<\/p>\n<p class=\"voc-p\" style=\"\">Macarena siempre se ha caracterizado por la <strong>privacidad<\/strong> con la que ha llevado su vida personal a pesar de su \u00e9xito profesional. Un aspecto que se vio claramente con su relaci\u00f3n con Leiva, con quien nunca pos\u00f3 en un photocall pese a pasar casi ocho a\u00f1os de su vida juntos. La int\u00e9rprete y el cantante comenzaron a salir en 2014 y, tras un breve par\u00f3n a su romance, volvieron despu\u00e9s. Finalmente su ruptura se hizo oficial en el oto\u00f1o de 2022, aunque hac\u00eda tiempo que ya hab\u00edan puesto el final definitivo a su noviazgo. <\/p>\n<p class=\"voc-p\" style=\"\">Con Enric, en cambio, s\u00ed que pos\u00f3, aunque fue durante la promoci\u00f3n de la pel\u00edcula que grabaron juntos. Fue en enero de 2025, cuando durante los premios Feroz se dejaron fotografiar junto al resto del equipo de &#8216;Casa en llamas&#8217; y se les vio cari\u00f1osos y cercanos, aunque sin muestras definitivas de su romance. <\/p>\n<p class=\"voc-p\" style=\"\">Como <a href=\"https:\/\/www.abc.es\/gente\/javi-calvo-tras-ruptura-javi-ambrossi-persona-20251125100250-nt.html\" target=\"_self\" data-voc-vtm-id=\"in-text-traffic\" title=\"Javier Ambrossi y Javier Calvo\" data-mrf-link=\"www.abc.es\" rel=\"nofollow noopener\">Javier Ambrossi y Javier Calvo<\/a> han dejado claro en su ruptura, la amistad es lo m\u00e1s importante. Y como Macarena y Leiva pusieron fin a su relaci\u00f3n con muy buen rollo -tanto que el cantante a\u00fan habla de ella con mucho cari\u00f1o- no ser\u00eda de extra\u00f1ar que lo mismo ocurriera para el final de su noviazgo con Enric Auquer. <\/p>\n","protected":false},"excerpt":{"rendered":"Una nueva ruptura ha sacudido a la familia de Javier Ambrossi. Su hermana, Macarena Garc\u00eda (37 a\u00f1os), ha&hellip;\n","protected":false},"author":2,"featured_media":317958,"comment_status":"","ping_status":"","sticky":false,"template":"","format":"standard","meta":{"footnotes":""},"categories":[174],"tags":[73670,255,4021,146,147,25,24,256,772,3142,60,12408,15611,5977,23],"class_list":{"0":"post-317957","1":"post","2":"type-post","3":"status-publish","4":"format-standard","5":"has-post-thumbnail","7":"category-famosos","8":"tag-auquer","9":"tag-celebrities","10":"tag-enric","11":"tag-entertainment","12":"tag-entretenimiento","13":"tag-es","14":"tag-espana","15":"tag-famosos","16":"tag-fin","17":"tag-garcia","18":"tag-macarena","19":"tag-motivos","20":"tag-ponen","21":"tag-relacion","22":"tag-spain"},"share_on_mastodon":{"url":"https:\/\/pubeurope.com\/@es\/115821918457849400","error":""},"_links":{"self":[{"href":"https:\/\/www.europesays.com\/es\/wp-json\/wp\/v2\/posts\/317957","targetHints":{"allow":["GET"]}}],"collection":[{"href":"https:\/\/www.europesays.com\/es\/wp-json\/wp\/v2\/posts"}],"about":[{"href":"https:\/\/www.europesays.com\/es\/wp-json\/wp\/v2\/types\/post"}],"author":[{"embeddable":true,"href":"https:\/\/www.europesays.com\/es\/wp-json\/wp\/v2\/users\/2"}],"replies":[{"embeddable":true,"href":"https:\/\/www.europesays.com\/es\/wp-json\/wp\/v2\/comments?post=317957"}],"version-history":[{"count":0,"href":"https:\/\/www.europesays.com\/es\/wp-json\/wp\/v2\/posts\/317957\/revisions"}],"wp:featuredmedia":[{"embeddable":true,"href":"https:\/\/www.europesays.com\/es\/wp-json\/wp\/v2\/media\/317958"}],"wp:attachment":[{"href":"https:\/\/www.europesays.com\/es\/wp-json\/wp\/v2\/media?parent=317957"}],"wp:term":[{"taxonomy":"category","embeddable":true,"href":"https:\/\/www.europesays.com\/es\/wp-json\/wp\/v2\/categories?post=317957"},{"taxonomy":"post_tag","embeddable":true,"href":"https:\/\/www.europesays.com\/es\/wp-json\/wp\/v2\/tags?post=317957"}],"curies":[{"name":"wp","href":"https:\/\/api.w.org\/{rel}","templated":true}]}}