{"id":317961,"date":"2026-01-01T21:19:09","date_gmt":"2026-01-01T21:19:09","guid":{"rendered":"https:\/\/www.europesays.com\/es\/317961\/"},"modified":"2026-01-01T21:19:09","modified_gmt":"2026-01-01T21:19:09","slug":"nikki-sixx-dice-que-la-gira-de-motley-crue-de-2026-sera-de-otro-nivel","status":"publish","type":"post","link":"https:\/\/www.europesays.com\/es\/317961\/","title":{"rendered":"Nikki Sixx dice que la gira de M\u00f6tley Cr\u00fce de 2026 ser\u00e1 \u201cde otro nivel\u201d"},"content":{"rendered":"<p>All\u00e1 por noviembre los norteamericanos <strong>M\u00f6tley Cr\u00fce<\/strong> sorprend\u00edan anunciando <strong><a target=\"_blank\" href=\"https:\/\/mariskalrock.com\/actualidad\/motley-crue-anuncia-gira-en-2026-con-tesla-y-extreme-como-bandas-acompanantes\/\" rel=\"nofollow noopener\">una gira para 2026 con Tesla y Extreme como bandas acompa\u00f1antes<\/a><\/strong>. Lejos de conformarse con repetir lo mismo de periplos anteriores, el bajista <strong>Nikki Sixx<\/strong> afirma que lo que ofrecer\u00e1n en esta ocasi\u00f3n ser\u00e1 \u201cde otro nivel\u201d y adem\u00e1s promet\u00eda llevar a los fans \u201cen un viaje completamente loco\u201d.<\/p>\n<p>En una entrevista con <strong><a target=\"_blank\" href=\"https:\/\/www.youtube.com\/watch?v=3KJxJBlC0SA\" rel=\"nofollow noopener\">Jon Smith de 103.5 The Arrow<\/a><\/strong>, Sixx habl\u00f3 sobre la pr\u00f3xima gira <strong>\u201cThe Return of Carnival of Sins\u201d<\/strong>, que marca el 45\u00ba aniversario de la banda: \u201cDos de nuestras giras m\u00e1s grandes fueron la de \u2018Dr. Feelgood\u2019 y la de \u2018Carnival Of Sins\u2019 hace 20 a\u00f1os. En aquella \u00e9poca ten\u00edamos probablemente unos 20 tr\u00e1ileres llenos de equipo; material pesado, como lo llaman, con todo tipo de cosas. Y ahora, con el avance de la tecnolog\u00eda, podemos llevar a los fans en un viaje completamente loco. Creo que va a ser algo de otro nivel, porque la primera fue la gira favorita de much\u00edsima gente, as\u00ed que tenemos mucho que igualar\u201d.<\/p>\n<p>La necesidad de superarse en cuesti\u00f3n de directo es algo que siempre sobrevuela a la hora de planificar los shows: \u201cSiempre es nuestro objetivo. De verdad lo es. Es lo que nos encanta hacer. Hay muchas cosas en las que nos metimos a fondo. Como el v\u00eddeo de \u201cLive Wire\u201d en el que la banda me prendi\u00f3 fuego, y desde entonces hemos estado estirando los l\u00edmites constantemente. Luego con los efectos pirot\u00e9cnicos, trabajando con compa\u00f1\u00edas y desarrollando, no nuestra propia tecnolog\u00eda, pero muchas veces al mezclar distintos combustibles se creaban colores diferentes. As\u00ed que coloc\u00e1bamos un efecto pirot\u00e9cnico en una pared de acero y otro golpeaba, y cambiaba\u2026\u201d.<\/p>\n<p style=\"text-align: center;\">\n<p>Nikki subrayaba la voluntad de no quedarse atr\u00e1s en t\u00e9rminos\u00a0 de espect\u00e1culo: \u201cPara nosotros, eso era s\u00faper emocionante. Y luego como que superamos la pirotecnia, porque ahora puedes ver un partido de b\u00e9isbol y tambi\u00e9n tienen pirotecnia. Entonces, nos preguntamos: \u00bfc\u00f3mo podemos aprovechar la nueva tecnolog\u00eda? No queremos que llegues y digas: \u201cS\u00ed, se ve igual que las \u00faltimas cuatro bandas que vi\u201d. Siempre hay mucha presi\u00f3n para hacerlo diferente. Y creo que eso es lo que realmente nos impulsa\u201d.<\/p>\n<p>De esta manera suelen configurar sus espect\u00e1culos <strong>M\u00f6tley Cr\u00fce<\/strong>: \u201cPrimero y ante todo, es un tema. Por ejemplo, con \u2018Dr. Feelgood\u2019, cuando dise\u00f1amos la portada del \u00e1lbum, fue en el \u00faltimo momento cuando decidimos cambiarla al verde. Antes era una pared de lin\u00f3leo blanco de hospital con el s\u00edmbolo m\u00e9dico, y la pasamos a verde. Y una vez que hicimos ese cambio, de repente nos dio toda una paleta de colores para definir c\u00f3mo ser\u00eda realmente el show. Ese tipo de cosas marcan la diferencia. Entonces, obviamente, algo tan colorido como un carnaval hace que nuestras mentes se vuelvan locas. Y ver qu\u00e9 hay disponible, especialmente en v\u00eddeo, te permite llevar a la gente en un viaje que simplemente no se puede lograr con un tel\u00f3n de fondo y algo de fuego. As\u00ed que es muy emocionante\u201d.<\/p>\n<p><a target=\"_blank\" href=\"https:\/\/www.europesays.com\/es\/wp-content\/uploads\/2026\/01\/Motley-Crue-The-Return-Of-Carnival-Of-Sins-cartel-web.jpg\"><img fetchpriority=\"high\" decoding=\"async\" class=\"size-full wp-image-379181 aligncenter\" src=\"https:\/\/www.europesays.com\/es\/wp-content\/uploads\/2026\/01\/Motley-Crue-The-Return-Of-Carnival-Of-Sins-cartel-web.jpg\" alt=\"\" width=\"440\" height=\"700\"  \/><\/a><\/p>\n<p>Estas son todas las fechas confirmadas de <strong>\u201cThe Return of Carnival of Sins\u201d<\/strong> (puedes encontrar entradas <strong><a target=\"_blank\" href=\"https:\/\/www.motley.com\/\" rel=\"nofollow noopener\">en este enlace<\/a><\/strong>):<\/p>\n<p style=\"text-align: center;\"><strong>17 jul. \u2013 Burgettstown, PA \u2013 The Pavilion at Star Lake<\/strong><br \/><strong>18 jul. \u2013 Buffalo, NY \u2013 Darien Lake Amphitheater<\/strong><br \/><strong>20 jul. \u2013 Clarkson, MI \u2013 Pine Knob Music Theatre<\/strong><br \/><strong>22 jul. \u2013 Toronto, ON \u2013 RBC Amphitheatre<\/strong><br \/><strong>24 jul. \u2013 Gilford, NH \u2013 BankNH Pavilion<\/strong><br \/><strong>25 jul. \u2013 Bangor, ME \u2013 Maine Savings Amphitheater<\/strong><br \/><strong>27 jul. \u2013 Camden, NJ \u2013 Freedom Mortgage Pavilion<\/strong><br \/><strong>29 jul. \u2013 Saratoga Springs, NY \u2013 Saratoga Performing Arts Center<\/strong><br \/><strong>31 jul. \u2013 Holmdel, NJ \u2013 PNC Bank Arts Center<\/strong><br \/><strong>1 ago. \u2013 Mansfield, MA \u2013 Xfinity Center<\/strong><br \/><strong>3 ago. \u2013 Bristow, VA \u2013 Jiffy Lube Live<\/strong><br \/><strong>12 ago. \u2013 Alpharetta, GA \u2013 Ameris Bank Amphitheatre<\/strong><br \/><strong>14 ago. \u2013 West Palm Beach, FL \u2013 iTHINK Financial Amphitheatre<\/strong><br \/><strong>15 ago. \u2013 Tampa, FL \u2013 MIDFLORIDA Credit Union Amphitheatre<\/strong><br \/><strong>17 ago. \u2013 Charlotte, NC \u2013 PNC Music Pavilion<\/strong><br \/><strong>19 ago. \u2013 St. Louis, MO \u2013 Hollywood Casino Amphitheater<\/strong><br \/><strong>21 ago. \u2013 Shakopee, MN \u2013 Mystic Lake Amphitheater<\/strong><br \/><strong>22 ago. \u2013 Tinley Park, IL \u2013 Credit Union 1 Amphitheatre<\/strong><br \/><strong>24 ago. \u2013 Cuyahoga Falls, OH \u2013 Blossom Music Center<\/strong><br \/><strong>25 ago. \u2013 Cincinnati, OH \u2013 Riverbend Music Center<\/strong><br \/><strong>27 ago. \u2013 Grand Rapids, MI \u2013 Acrisure Amphitheater<\/strong><br \/><strong>28 ago. \u2013 Noblesville, IN \u2013 Ruoff Music Center<\/strong><br \/><strong>8 sep. \u2013 Kansas City, MO \u2013 Morton Amphitheater<\/strong><br \/><strong>10 sep. \u2013 Dallas, TX \u2013 Dos Equis Pavilion<\/strong><br \/><strong>11 sep. \u2013 Houston, TX \u2013 The Cynthia Woods Mitchell Pavilion<\/strong><br \/><strong>13 sep. \u2013 Albuquerque, NM \u2013 Isleta Amphitheater<\/strong><br \/><strong>16 sep. \u2013 Phoenix, AZ \u2013 Talking Stick Resort Amphitheatre<\/strong><br \/><strong>18 sep. \u2013 Chula Vista, CA \u2013 North Island Credit Union Amphitheatre<\/strong><br \/><strong>19 sep. \u2013 Long Beach, CA \u2013 Long Beach Amphitheater<\/strong><br \/><strong>21 sep. \u2013 Salt Lake City, UT \u2013 Utah First Credit Union Amphitheatre<\/strong><br \/><strong>23 sep. \u2013 Wheatland, CA \u2013 Toyota Amphitheatre<\/strong><br \/><strong>24 sep. \u2013 Mountain View, CA \u2013 Shoreline Amphitheater<\/strong><br \/><strong>26 sep. \u2013 Ridgefield, WA \u2013 Cascades Amphitheater<\/strong><\/p>\n<p>                         <a target=\"_blank\" href=\"http:\/\/\/\/mariskalrock.com\/author\/alfredo-villaescusa\" class=\"url\" title=\"Alfredo Villaescusa\" rel=\"nofollow\"> <img loading=\"lazy\" decoding=\"async\" alt=\"Alfredo Villaescusa\" src=\"https:\/\/www.europesays.com\/es\/wp-content\/uploads\/2026\/01\/530a443b1b382213cd8904d80e5db5b65050f07dbbdf467c1fe992f8b069826e.jpeg\"  class=\"avatar avatar-250 photo\" height=\"250\" width=\"250\"\/><\/a> <\/p>\n<p>Eclecticismo en vena. No hay nadie que no dispare el viernes por la noche, ni hay quien esquive los disparos.<\/p>\n<p> <a href=\"http:\/\/\/\/mariskalrock.com\/author\/alfredo-villaescusa\" class=\"url\" target=\"_blank\" title=\"Alfredo Villaescusa\" rel=\"nofollow\"><img loading=\"lazy\" decoding=\"async\" alt=\"Alfredo Villaescusa\" src=\"https:\/\/www.europesays.com\/es\/wp-content\/uploads\/2026\/01\/530a443b1b382213cd8904d80e5db5b65050f07dbbdf467c1fe992f8b069826e.jpeg\"  class=\"avatar avatar-250 photo\" height=\"250\" width=\"250\"\/><\/a>\u00daltimas entradas de Alfredo Villaescusa (<a target=\"_blank\" href=\"https:\/\/mariskalrock.com\/author\/alfredo-villaescusa\/\" rel=\"nofollow noopener\">ver todo<\/a>)  <\/p>\n","protected":false},"excerpt":{"rendered":"All\u00e1 por noviembre los norteamericanos M\u00f6tley Cr\u00fce sorprend\u00edan anunciando una gira para 2026 con Tesla y Extreme como&hellip;\n","protected":false},"author":2,"featured_media":317962,"comment_status":"","ping_status":"","sticky":false,"template":"","format":"standard","meta":{"footnotes":""},"categories":[170],"tags":[146,147,25,24,1236,35836,4622,184,185,65568,23],"class_list":{"0":"post-317961","1":"post","2":"type-post","3":"status-publish","4":"format-standard","5":"has-post-thumbnail","7":"category-musica","8":"tag-entertainment","9":"tag-entretenimiento","10":"tag-es","11":"tag-espana","12":"tag-gira","13":"tag-motley-crue","14":"tag-mr2022","15":"tag-music","16":"tag-musica","17":"tag-nikki-sixx","18":"tag-spain"},"share_on_mastodon":{"url":"https:\/\/pubeurope.com\/@es\/115821934458578445","error":""},"_links":{"self":[{"href":"https:\/\/www.europesays.com\/es\/wp-json\/wp\/v2\/posts\/317961","targetHints":{"allow":["GET"]}}],"collection":[{"href":"https:\/\/www.europesays.com\/es\/wp-json\/wp\/v2\/posts"}],"about":[{"href":"https:\/\/www.europesays.com\/es\/wp-json\/wp\/v2\/types\/post"}],"author":[{"embeddable":true,"href":"https:\/\/www.europesays.com\/es\/wp-json\/wp\/v2\/users\/2"}],"replies":[{"embeddable":true,"href":"https:\/\/www.europesays.com\/es\/wp-json\/wp\/v2\/comments?post=317961"}],"version-history":[{"count":0,"href":"https:\/\/www.europesays.com\/es\/wp-json\/wp\/v2\/posts\/317961\/revisions"}],"wp:featuredmedia":[{"embeddable":true,"href":"https:\/\/www.europesays.com\/es\/wp-json\/wp\/v2\/media\/317962"}],"wp:attachment":[{"href":"https:\/\/www.europesays.com\/es\/wp-json\/wp\/v2\/media?parent=317961"}],"wp:term":[{"taxonomy":"category","embeddable":true,"href":"https:\/\/www.europesays.com\/es\/wp-json\/wp\/v2\/categories?post=317961"},{"taxonomy":"post_tag","embeddable":true,"href":"https:\/\/www.europesays.com\/es\/wp-json\/wp\/v2\/tags?post=317961"}],"curies":[{"name":"wp","href":"https:\/\/api.w.org\/{rel}","templated":true}]}}