{"id":317977,"date":"2026-01-01T21:27:19","date_gmt":"2026-01-01T21:27:19","guid":{"rendered":"https:\/\/www.europesays.com\/es\/317977\/"},"modified":"2026-01-01T21:27:19","modified_gmt":"2026-01-01T21:27:19","slug":"feijoo-remitira-a-la-jueza-de-la-dana-su-conversacion-integra-con-carlos-mazon-politica","status":"publish","type":"post","link":"https:\/\/www.europesays.com\/es\/317977\/","title":{"rendered":"Feij\u00f3o remitir\u00e1 a la jueza de la DANA su conversaci\u00f3n \u00edntegra con Carlos Maz\u00f3n | Pol\u00edtica"},"content":{"rendered":"<p>El l\u00edder del PP, Alberto N\u00fa\u00f1ez Feij\u00f3o, ha confirmado que remitir\u00e1 otra acta notarial a la jueza que investiga la gesti\u00f3n de la DANA del 29 de octubre de 2024 con la conversaci\u00f3n \u00edntegra que mantuvo con Carlos Maz\u00f3n, entonces presidente de la Generalitat Valenciana, entre las 19.59 y las 23.29 horas del d\u00eda de la tragedia, que acab\u00f3 con 230 fallecidos.<\/p>\n<p>\u00abVoy a seguir colaborando con los jueces y no voy a hacer lo que hace el Gobierno, diciendo que los jueces prevarican, borrando los mensajes o cambiando de m\u00f3vil. Eso se lo dejo al Gobierno, al presidente del Gobierno y a sus colaboradores. Si la jueza quiere saber cu\u00e1l es los mensajes a efectos de saber qu\u00e9 es lo que estaba pasando en Valencia aquella noche, no tenga ninguna duda de que, de la misma forma que he colaborado, voy a seguir haci\u00e9ndolo\u00bb, avanz\u00f3 en esta entrevista, la primera que el l\u00edder de la oposici\u00f3n concede en 2026.<\/p>\n<p>Feij\u00f3o ya envi\u00f3 a la jueza de la DANA el pasado 23 de diciembre los mensajes que le escribi\u00f3 Maz\u00f3n durante las horas de la cat\u00e1strofe a trav\u00e9s de WhatsApp, aunque no incluy\u00f3 sus respuestas y se limit\u00f3 a contextualizarlas.<\/p>\n<p><img decoding=\"async\" src=\"https:\/\/www.europesays.com\/es\/wp-content\/uploads\/2026\/01\/OD2HXEMMD5EL7D2KEPU7SR4NLE.jpeg\" alt=\"Carlos Cuerpo estrena el 2026 en la SER\" width=\"240\" height=\"135\"  loading=\"lazy\"\/><\/p>\n<p>La jueza de la DANA firm\u00f3 un nuevo auto el 29 de diciembre para ofrecerle la posibilidad de aportar tambi\u00e9n esos mensajes y Feij\u00f3o aceptar\u00e1 la propuesta. \u00abEn cuanto tenga un notario de guardia, le volver\u00e9 a citar, le volver\u00e9 a ense\u00f1ar mi m\u00f3vil, transcribir\u00e1 los mensajes y se los remitir\u00e9 a la jueza\u00bb, explicit\u00f3.<\/p>\n<p>El l\u00edder del PP se resisti\u00f3 a valorar las decisiones de la jueza para \u00abreestablecer\u00bb el \u00abedificio democr\u00e1tico\u00bb que, a su juicio, el Gobierno de Pedro S\u00e1nchez ha decidido \u00abdinamitar\u00bb al sumarse \u00aba la teor\u00eda de lawfare\u00bb y no respetar la separaci\u00f3n poderes.<\/p>\n<p>Aunque reconoci\u00f3 que no entiende tanto inter\u00e9s por sus conversaciones privadas. \u00abNo lo s\u00e9, pero bueno, a m\u00ed no me corresponde hacer preguntas, a m\u00ed me corresponde contestarlas\u00bb, se\u00f1al\u00f3 al ser preguntado al respecto.<\/p>\n","protected":false},"excerpt":{"rendered":"El l\u00edder del PP, Alberto N\u00fa\u00f1ez Feij\u00f3o, ha confirmado que remitir\u00e1 otra acta notarial a la jueza que&hellip;\n","protected":false},"author":2,"featured_media":305236,"comment_status":"","ping_status":"","sticky":false,"template":"","format":"standard","meta":{"footnotes":""},"categories":[8],"tags":[17,18,25,24,13,14,11,19,20,9,10,15,16,23,12,21,22],"class_list":{"0":"post-317977","1":"post","2":"type-post","3":"status-publish","4":"format-standard","5":"has-post-thumbnail","7":"category-espana","8":"tag-breaking-news","9":"tag-breakingnews","10":"tag-es","11":"tag-espana","12":"tag-featured-news","13":"tag-featurednews","14":"tag-headlines","15":"tag-latest-news","16":"tag-latestnews","17":"tag-news","18":"tag-noticias","19":"tag-noticias-destacadas","20":"tag-noticiasdestacadas","21":"tag-spain","22":"tag-titulares","23":"tag-ultimas-noticias","24":"tag-ultimasnoticias"},"share_on_mastodon":{"url":"https:\/\/pubeurope.com\/@es\/115821965733109776","error":""},"_links":{"self":[{"href":"https:\/\/www.europesays.com\/es\/wp-json\/wp\/v2\/posts\/317977","targetHints":{"allow":["GET"]}}],"collection":[{"href":"https:\/\/www.europesays.com\/es\/wp-json\/wp\/v2\/posts"}],"about":[{"href":"https:\/\/www.europesays.com\/es\/wp-json\/wp\/v2\/types\/post"}],"author":[{"embeddable":true,"href":"https:\/\/www.europesays.com\/es\/wp-json\/wp\/v2\/users\/2"}],"replies":[{"embeddable":true,"href":"https:\/\/www.europesays.com\/es\/wp-json\/wp\/v2\/comments?post=317977"}],"version-history":[{"count":0,"href":"https:\/\/www.europesays.com\/es\/wp-json\/wp\/v2\/posts\/317977\/revisions"}],"wp:featuredmedia":[{"embeddable":true,"href":"https:\/\/www.europesays.com\/es\/wp-json\/wp\/v2\/media\/305236"}],"wp:attachment":[{"href":"https:\/\/www.europesays.com\/es\/wp-json\/wp\/v2\/media?parent=317977"}],"wp:term":[{"taxonomy":"category","embeddable":true,"href":"https:\/\/www.europesays.com\/es\/wp-json\/wp\/v2\/categories?post=317977"},{"taxonomy":"post_tag","embeddable":true,"href":"https:\/\/www.europesays.com\/es\/wp-json\/wp\/v2\/tags?post=317977"}],"curies":[{"name":"wp","href":"https:\/\/api.w.org\/{rel}","templated":true}]}}