{"id":317978,"date":"2026-01-01T21:28:10","date_gmt":"2026-01-01T21:28:10","guid":{"rendered":"https:\/\/www.europesays.com\/es\/317978\/"},"modified":"2026-01-01T21:28:10","modified_gmt":"2026-01-01T21:28:10","slug":"la-comentada-actuacion-de-shakira-en-el-especial-de-nochevieja-de-la-1-la-voz-de-galicia","status":"publish","type":"post","link":"https:\/\/www.europesays.com\/es\/317978\/","title":{"rendered":"La comentada actuaci\u00f3n de Shakira en el especial de Nochevieja de La 1 &#8211; La Voz de Galicia"},"content":{"rendered":"<ol>\n<li><a href=\"https:\/\/news.google.com\/rss\/articles\/CBMi0wFBVV95cUxOYjBzMHlZdUlKYzRJMnBZMnAyZHlfdFJxa3FGZEVEVzZpclZ5a1NwWGpqQzVvN1M4bFNRLXZjSVNwbG9lTnRKN0xYSlgyb1gxMDJfakU2RkdoWjRocG1MazRBbUFyeVA2ekFsQTZ1VElyUl9ZOWhMb3R6NlpTazFMQjU0eGR1Y2QwMG1pNzNyTzBtNS1OMldmTGFSMldMcUhiTDRIV1ZFM1pBa3Jwd1lpc0xlZS1PYjBGMFFHMVNFSFpVR0F4SFNiZlV2OHRYbDdfd2ln?oc=5\" target=\"_blank\" rel=\"nofollow noopener\">La comentada actuaci\u00f3n de Shakira en el especial de Nochevieja de La 1<\/a>&nbsp;&nbsp;La Voz de Galicia<\/li>\n<li><a href=\"https:\/\/news.google.com\/rss\/articles\/CBMirAFBVV95cUxPcno2OVJqUHJyakVyaFVnRGxjQWl3YnpyRjhBUnpnX2NmYV9LUzNuVVZEb1lDUGJ0dnFXUTNNVXo4c2Y4Sk9aY1Iwd2dVc3JDMHpmTUpyUG9TMWpvVy1sOWZ4WHlWVVh3ZmpyOUxLbWxhSkN3b3VyY0V1LTdmQzdHSVpIT1J6VTYyektaVFZnckxXaTlQc1RTNWlsQTJKSC1US1dqUUNFaHV3MmF40gHAAUFVX3lxTE90NUNtNzVEZVZmT2xfU2NzSjFEaDVPSmw1NlBiRlFiSW9OOTlpWW84QkM1amxZX1V1QzVVOWQ0cFRFUkhTbTlMU1dBeHZtWEZ3TmNZYkUxSEFtY3RTMU1GX1Uyel9yaWJFVTdxMFJ3aUdRZWFEZmt5SmphRmRJRW5iZUptdlhUWDlPbGU1LU12bXJ6WWpsOFZTZlJlQ1VHem5BajYwMmJnVnF0bE9yQmpoMHV5NFkzR19wR1JhR2VjNg?oc=5\" target=\"_blank\" rel=\"nofollow noopener\">Aluvi\u00f3n de cr\u00edticas a TVE por lo ocurrido con Shakira en el especial de Nochevieja: \u00abQu\u00e9 mal queda\u00bb<\/a>&nbsp;&nbsp;El HuffPost<\/li>\n<li><a href=\"https:\/\/news.google.com\/rss\/articles\/CBMiwAFBVV95cUxPQUdqV2V4b0V4ckhDazFsdUZoenRfZktDakJCejBEWW9sWFV1VUJFdW9pSWZkd05QZGdGejdydXdPa01xOWozZjdWbmFFd2pONURuYUJ1a1k2SXVkR2pydFpsLUIyTEtVMVlJeFhBbm5udm9zYzFiUXlSX2hYR1I5azdFM3BJNXBDR2FER2tZbTJ0OElzVzdlSGZFNERZc2UtTjBKOWdfc2o3RGY4XzNyV2hPeWpRdnYtNjNzM0F5Q1U?oc=5\" target=\"_blank\" rel=\"nofollow noopener\">Campanadas &#8216;musicales&#8217;, el humor de Mota y la tradici\u00f3n de Pedroche en Nochevieja<\/a>&nbsp;&nbsp;El Correo<\/li>\n<li><a href=\"https:\/\/news.google.com\/rss\/articles\/CBMiygFBVV95cUxPNXJGNFFSYUJDM2ZCeGpVeVBZWTJaWG9CLWJrMHRmc0dUTjVVYnk5NG5qTkZsa1pUc3MwNmgwSFBNSmVhQmoyWUFvWHJaWTNDZzNFTWNKMlE0Wnhad09sWThpOXY5d0tIbWs3T29iNjZ1aHZPRzZmVXlFSzQtMFF2dXRGdGJoNEVtczlRM3FIbnBaTmo5cDMwMWNyb01tQm94b2dlMEpPeFNCS2RJc3c3MDRJSUdxUlU1dWZGQWYyLUpJQ2dqUWxqNUV3?oc=5\" target=\"_blank\" rel=\"nofollow noopener\">TVE confirma que Shakira es la artista internacional que participar\u00e1 en el especial de Nochevieja<\/a>&nbsp;&nbsp;ABC<\/li>\n<li><a href=\"https:\/\/news.google.com\/rss\/articles\/CBMirgFBVV95cUxNT3htbGRRbjBjdk43b09kMmM3NzdxbFpRV0g2cTNXSDdta0RaQzRSMThzd3MtclE3VFdHSHhJQkNaT3Q5VndUSmFyWW4yRXVwWE9rTk5SbVFkMlNDc0w0M0FEeVR1bHJ4Y09QZXprR215VU9nTUZNeXJIS0NuTlBrcWhpb29JdUoyVnk2ekRuMjNfQS1VSlVNZFRtM1FMQ2dsZ2F5b0c5R0dKVDN2eXfSAbMBQVVfeXFMTV9SOHVWZEpDMXA0cUdjd1BxVkcxRk5yOTRISnhrcUtMblB4R1RpSWEtdkg1OHhUMnQzRG9WOXBISFVQeHNtUVRyM2RGLW9FNzc0ZzVLZkZNaXI4Mk43UVF1Y0hOR2FGZV93eF9Zb1BkaGFVblcwNFFMTVRfd0NoZ0w2dzhyWUlfc1Z3MkR3b3ZoTmQ4bTBuZTBtbEJtLVVBQURnY1Fpc2c1UWItdTg3SkhrMGc?oc=5\" target=\"_blank\" rel=\"nofollow noopener\">Cr\u00edticas a TVE por el enga\u00f1o de la actuaci\u00f3n de Shakira en Nochevieja<\/a>&nbsp;&nbsp;El Debate<\/li>\n<\/ol>\n","protected":false},"excerpt":{"rendered":"La comentada actuaci\u00f3n de Shakira en el especial de Nochevieja de La 1&nbsp;&nbsp;La Voz de Galicia Aluvi\u00f3n de&hellip;\n","protected":false},"author":2,"featured_media":317979,"comment_status":"","ping_status":"","sticky":false,"template":"","format":"standard","meta":{"footnotes":""},"categories":[5],"tags":[17,18,25,24,13,14,11,19,20,9,5199,10,15,16,518,12504,23,12,21,22],"class_list":{"0":"post-317978","1":"post","2":"type-post","3":"status-publish","4":"format-standard","5":"has-post-thumbnail","7":"category-titulares","8":"tag-breaking-news","9":"tag-breakingnews","10":"tag-es","11":"tag-espana","12":"tag-featured-news","13":"tag-featurednews","14":"tag-headlines","15":"tag-latest-news","16":"tag-latestnews","17":"tag-news","18":"tag-nochevieja","19":"tag-noticias","20":"tag-noticias-destacadas","21":"tag-noticiasdestacadas","22":"tag-rtve","23":"tag-shakira","24":"tag-spain","25":"tag-titulares","26":"tag-ultimas-noticias","27":"tag-ultimasnoticias"},"share_on_mastodon":{"url":"https:\/\/pubeurope.com\/@es\/115821969678535106","error":""},"_links":{"self":[{"href":"https:\/\/www.europesays.com\/es\/wp-json\/wp\/v2\/posts\/317978","targetHints":{"allow":["GET"]}}],"collection":[{"href":"https:\/\/www.europesays.com\/es\/wp-json\/wp\/v2\/posts"}],"about":[{"href":"https:\/\/www.europesays.com\/es\/wp-json\/wp\/v2\/types\/post"}],"author":[{"embeddable":true,"href":"https:\/\/www.europesays.com\/es\/wp-json\/wp\/v2\/users\/2"}],"replies":[{"embeddable":true,"href":"https:\/\/www.europesays.com\/es\/wp-json\/wp\/v2\/comments?post=317978"}],"version-history":[{"count":0,"href":"https:\/\/www.europesays.com\/es\/wp-json\/wp\/v2\/posts\/317978\/revisions"}],"wp:featuredmedia":[{"embeddable":true,"href":"https:\/\/www.europesays.com\/es\/wp-json\/wp\/v2\/media\/317979"}],"wp:attachment":[{"href":"https:\/\/www.europesays.com\/es\/wp-json\/wp\/v2\/media?parent=317978"}],"wp:term":[{"taxonomy":"category","embeddable":true,"href":"https:\/\/www.europesays.com\/es\/wp-json\/wp\/v2\/categories?post=317978"},{"taxonomy":"post_tag","embeddable":true,"href":"https:\/\/www.europesays.com\/es\/wp-json\/wp\/v2\/tags?post=317978"}],"curies":[{"name":"wp","href":"https:\/\/api.w.org\/{rel}","templated":true}]}}