{"id":317986,"date":"2026-01-01T21:38:08","date_gmt":"2026-01-01T21:38:08","guid":{"rendered":"https:\/\/www.europesays.com\/es\/317986\/"},"modified":"2026-01-01T21:38:08","modified_gmt":"2026-01-01T21:38:08","slug":"aitana-y-plex-celebran-nochevieja-juntos-despidiendo-2025-en-su-mejor-momento","status":"publish","type":"post","link":"https:\/\/www.europesays.com\/es\/317986\/","title":{"rendered":"Aitana y Plex celebran Nochevieja juntos despidiendo 2025 en su mejor momento"},"content":{"rendered":"<p data-journey-content=\"true\" data-node-id=\"3\" class=\"css-6wxqfj emevuu60\"><strong data-node-id=\"3.0\">Aitana y Plex han dado la bienvenida a 2026 de la forma m\u00e1s especial: juntos.<\/strong> Las fiestas para despedir el a\u00f1o<a href=\"https:\/\/www.diezminutos.es\/famosos-corazon\/famosos-espanoles\/a69898006\/los-javis-fiesta-nochevieja-2025-juntos-ruptura\/\" target=\"_blank\" data-vars-ga-outbound-link=\"https:\/\/www.diezminutos.es\/famosos-corazon\/famosos-espanoles\/a69898006\/los-javis-fiesta-nochevieja-2025-juntos-ruptura\/\" data-vars-ga-ux-element=\"Hyperlink\" data-vars-ga-call-to-action=\" han unido a los personajes del coraz\u00f3n\" data-node-id=\"3.2\" class=\"body-link css-177bzfx emevuu60\" rel=\"nofollow noopener\"> han unido a los personajes del coraz\u00f3n<\/a> y la cantante y el creador de contenido no han sido menos. La pareja ha pasado la Nochevieja unidos, compartiendo con sus seguidores una imagen frente al espejo en la que ambos posan c\u00f3mplices y relajados. Sin grandes alardes ni demasiados detalles, <strong data-node-id=\"3.4\">la instant\u00e1nea ha sido m\u00e1s que suficiente para confirmar que la pareja empieza el nuevo a\u00f1o tan unida <\/strong>como termina el anterior.<\/p>\n<p data-journey-content=\"true\" data-node-id=\"6\" class=\"css-6wxqfj emevuu60\">Aunque no han querido desvelar demasiados aspectos de la celebraci\u00f3n, el gesto tiene un claro significado. <strong data-node-id=\"6.1\"><a href=\"https:\/\/www.diezminutos.es\/famosos-corazon\/famosos-espanoles\/a69675041\/aitana-plex-captados-beso-viaje-a-las-maldivas\/\" target=\"_blank\" data-vars-ga-outbound-link=\"https:\/\/www.diezminutos.es\/famosos-corazon\/famosos-espanoles\/a69675041\/aitana-plex-captados-beso-viaje-a-las-maldivas\/\" data-vars-ga-ux-element=\"Hyperlink\" data-vars-ga-call-to-action=\"Aitana y Plex ya no esconden lo suyo\" data-node-id=\"6.1.0\" class=\"body-link css-177bzfx emevuu60\" rel=\"nofollow noopener\">Aitana y Plex ya no esconden lo suyo<\/a> y su relaci\u00f3n se ha ido afianzando con el paso de los meses. <\/strong>Un proceso que hemos podido comprobar especialmente a trav\u00e9s de las declaraciones de la artista en sus \u00faltimas apariciones p\u00fablicas, donde no ha dudado en agradecer el apoyo constante del youtuber en todos los proyectos profesionales que ha emprendido recientemente.<\/p>\n<p><img draggable=\"true\" alt=\"aitana plex nochevieja 2025\" title=\"Aitana Plex Nochevieja 2025\" loading=\"lazy\" width=\"1612\" height=\"2866\" decoding=\"async\" data-nimg=\"1\" style=\"color:transparent;width:100%;height:auto;\"   src=\"https:\/\/www.europesays.com\/es\/wp-content\/uploads\/2026\/01\/aitana-plex-nochevieja-6956c2a1eda4f.jpg\" class=\"css-0 e1g79fud0\"\/><\/p>\n<p>Instagram<\/p>\n<p data-journey-content=\"true\" data-node-id=\"9\" class=\"css-6wxqfj emevuu60\">Ese respaldo no se ha quedado en el \u00e1mbito privado. <a href=\"https:\/\/www.diezminutos.es\/famosos-corazon\/famosos-espanoles\/a65456110\/plex-concierto-de-aitana-barcelona-escenario\/\" target=\"_blank\" data-vars-ga-outbound-link=\"https:\/\/www.diezminutos.es\/famosos-corazon\/famosos-espanoles\/a65456110\/plex-concierto-de-aitana-barcelona-escenario\/\" data-vars-ga-ux-element=\"Hyperlink\" data-vars-ga-call-to-action=\"Plex ha acompa\u00f1ado a Aitana en algunos de los momentos m\u00e1s importantes\" data-node-id=\"9.1\" class=\"body-link css-177bzfx emevuu60\" rel=\"nofollow noopener\">Plex ha acompa\u00f1ado a Aitana en algunos de los momentos m\u00e1s importantes<\/a> de su carrera en los \u00faltimos meses, asistiendo a sus conciertos y <strong data-node-id=\"9.3\">estando presente en citas clave <a href=\"https:\/\/www.diezminutos.es\/famosos-corazon\/famosos-espanoles\/a69433063\/aitana-dedicatoria-novio-plex-premio-latin-grammy\/\" target=\"_blank\" data-vars-ga-outbound-link=\"https:\/\/www.diezminutos.es\/famosos-corazon\/famosos-espanoles\/a69433063\/aitana-dedicatoria-novio-plex-premio-latin-grammy\/\" data-vars-ga-ux-element=\"Hyperlink\" data-vars-ga-call-to-action=\"como entregas de premios\" data-node-id=\"9.3.1\" class=\"body-link css-177bzfx emevuu60\" rel=\"nofollow noopener\">como entregas de premios<\/a> y eventos destacados.<\/strong> Un apoyo visible y natural que refuerza la imagen de una pareja s\u00f3lida, c\u00f3moda y plenamente consciente del momento que est\u00e1 viviendo.<\/p>\n<p data-journey-content=\"true\" data-node-id=\"13\" class=\"css-6wxqfj emevuu60\">El punto de partida de esta historia se sit\u00faa en marzo, durante aquel viaje a Jap\u00f3n que despert\u00f3 todas las sospechas.<strong data-node-id=\"13.1\"> Las c\u00e1maras captaron entonces una complicidad evidente entre ambos que, con el tiempo, fue creciendo. <\/strong>Desde aquella discreci\u00f3n inicial, marcada por intentos de despistar a fans y medios, Aitana y Plex han pasado a mostrarse cada vez m\u00e1s espont\u00e1neos y naturales, sin necesidad de esconderse.<\/p>\n<p data-journey-content=\"true\" data-node-id=\"15\" class=\"css-6wxqfj emevuu60\">La confirmaci\u00f3n definitiva lleg\u00f3 hace apenas unos d\u00edas, cuando<strong data-node-id=\"15.1\"> el propio Plex se expres\u00f3 sin rodeos y asegur\u00f3 que <a href=\"https:\/\/www.diezminutos.es\/famosos-corazon\/famosos-espanoles\/a69492409\/plex-declara-amor-aitana\/\" target=\"_blank\" data-vars-ga-outbound-link=\"https:\/\/www.diezminutos.es\/famosos-corazon\/famosos-espanoles\/a69492409\/plex-declara-amor-aitana\/\" data-vars-ga-ux-element=\"Hyperlink\" data-vars-ga-call-to-action=\"Aitana \u201ces la mujer de su vida\u201d. \" data-node-id=\"15.1.1\" class=\"body-link css-177bzfx emevuu60\" rel=\"nofollow noopener\">Aitana \u201ces la mujer de su vida\u201d. <\/a><\/strong>Una declaraci\u00f3n que termin\u00f3 de confirmar lo que muchos ya intu\u00edan y que deja claro que la relaci\u00f3n atraviesa uno de sus mejores momentos. Con esta Nochevieja compartida, la pareja comienza 2026 reforzando un v\u00ednculo que ya no necesita explicaciones y que se consolida, paso a paso, ante los ojos de todos.<\/p>\n<p><img src=\"https:\/\/www.europesays.com\/es\/wp-content\/uploads\/2026\/01\/1767303488_321_323095e3-d675-4360-ad79-c3a735f161a1_1681830139.file.png\" alt=\"Headshot of Aroa D\u00edaz\" title=\"Headshot of Aroa D\u00edaz\" width=\"100%\" height=\"100%\" decoding=\"async\" loading=\"lazy\" class=\"css-o0wq4v ev8dhu53\"\/><\/p>\n<p>Aroa D\u00edaz es experta en realities, televisi\u00f3n y actualidad en general. No hay momento del d\u00eda en el que no tenga encendida la televisi\u00f3n conociendo los \u00faltimos desvelos de los famosos, disfrutando de los realities como Supervivientes o de los concursos m\u00e1s rocambolescos. Las \u00faltimas novedades de los famosos del coraz\u00f3n son su perdici\u00f3n y la actualidad de las Casas Reales, su gran pasi\u00f3n. \u00a0\u00a0<\/p>\n<p>En sus ratos libres disfruta de las pel\u00edculas y series de moda, y bucea por los cat\u00e1logos de las plataformas de podcast buscando nuevas entrevistas y charlas de famosos.<\/p>\n<p>Adem\u00e1s, no ha parado de formarse en todos los aspectos convirti\u00e9ndose en una periodista 360: locuci\u00f3n, doblaje, grabaci\u00f3n de v\u00eddeo, periodismo m\u00f3vil, producci\u00f3n de podcast y SEO. Actualmente est\u00e1 form\u00e1ndose en el M\u00e1ster universitario de Periodismo y Comunicaci\u00f3n Digital: Datos y Nuevas Narrativas de la UOC.<\/p>\n<p>Graduada en periodismo por la Universidad Rey Juan Carlos, no ha parado de trabajar desde que obtuvo su t\u00edtulo all\u00e1 por el 2013. Despu\u00e9s de un breve impass en Palma de Mallorca, volvi\u00f3 a Legan\u00e9s donde arranc\u00f3 su experiencia con Legan\u00e9s Activo. En este tiempo he pasado por las redacciones de varios medios recayendo finalmente en Hearst Espa\u00f1a (Telenovela, Qu\u00e9 me dices y Diez Minutos). Tambi\u00e9n tiene experiencia en diferentes radios. \u00a0<\/p>\n","protected":false},"excerpt":{"rendered":"Aitana y Plex han dado la bienvenida a 2026 de la forma m\u00e1s especial: juntos. Las fiestas para&hellip;\n","protected":false},"author":2,"featured_media":317987,"comment_status":"","ping_status":"","sticky":false,"template":"","format":"standard","meta":{"footnotes":""},"categories":[174],"tags":[255,253,146,147,25,24,256,23],"class_list":{"0":"post-317986","1":"post","2":"type-post","3":"status-publish","4":"format-standard","5":"has-post-thumbnail","7":"category-famosos","8":"tag-celebrities","9":"tag-discover","10":"tag-entertainment","11":"tag-entretenimiento","12":"tag-es","13":"tag-espana","14":"tag-famosos","15":"tag-spain"},"share_on_mastodon":{"url":"https:\/\/pubeurope.com\/@es\/115822008955572565","error":""},"_links":{"self":[{"href":"https:\/\/www.europesays.com\/es\/wp-json\/wp\/v2\/posts\/317986","targetHints":{"allow":["GET"]}}],"collection":[{"href":"https:\/\/www.europesays.com\/es\/wp-json\/wp\/v2\/posts"}],"about":[{"href":"https:\/\/www.europesays.com\/es\/wp-json\/wp\/v2\/types\/post"}],"author":[{"embeddable":true,"href":"https:\/\/www.europesays.com\/es\/wp-json\/wp\/v2\/users\/2"}],"replies":[{"embeddable":true,"href":"https:\/\/www.europesays.com\/es\/wp-json\/wp\/v2\/comments?post=317986"}],"version-history":[{"count":0,"href":"https:\/\/www.europesays.com\/es\/wp-json\/wp\/v2\/posts\/317986\/revisions"}],"wp:featuredmedia":[{"embeddable":true,"href":"https:\/\/www.europesays.com\/es\/wp-json\/wp\/v2\/media\/317987"}],"wp:attachment":[{"href":"https:\/\/www.europesays.com\/es\/wp-json\/wp\/v2\/media?parent=317986"}],"wp:term":[{"taxonomy":"category","embeddable":true,"href":"https:\/\/www.europesays.com\/es\/wp-json\/wp\/v2\/categories?post=317986"},{"taxonomy":"post_tag","embeddable":true,"href":"https:\/\/www.europesays.com\/es\/wp-json\/wp\/v2\/tags?post=317986"}],"curies":[{"name":"wp","href":"https:\/\/api.w.org\/{rel}","templated":true}]}}