{"id":318001,"date":"2026-01-01T21:49:08","date_gmt":"2026-01-01T21:49:08","guid":{"rendered":"https:\/\/www.europesays.com\/es\/318001\/"},"modified":"2026-01-01T21:49:08","modified_gmt":"2026-01-01T21:49:08","slug":"la-unam-se-fortalece-para-seguir-formando-generaciones","status":"publish","type":"post","link":"https:\/\/www.europesays.com\/es\/318001\/","title":{"rendered":"La UNAM se fortalece para seguir formando generaciones"},"content":{"rendered":"<p>\t\t\t\t\t\t\t\t\t\t\t\t\t\tLa UNAM se fortalece para seguir formando generaciones<br \/>\n\t\t\t\t\t\t\t\t\t\t\t\t\t\t\u2022\tSe prepara para afrontar los retos de este a\u00f1o <\/p>\n<p><a href=\"https:\/\/www.dgcs.unam.mx\/boletin\/bdboletin\/multimedia\/WAV260101\/001(1).jpg\" target=\"new\" rel=\"nofollow noopener\"><img decoding=\"async\" src=\"https:\/\/www.europesays.com\/es\/wp-content\/uploads\/2026\/01\/001(1)a.jpg\" alt=\"\"\/><\/a><\/p>\n<p align=\"justify\"><strong>Este 2025 que concluy\u00f3, si  bien estuvo caracterizado por momentos complejos y dif\u00edciles, ha sido tambi\u00e9n  la oportunidad de concretar cambios y ampliar oportunidades acad\u00e9micas que nos  fortalecen como la instituci\u00f3n de educaci\u00f3n superior m\u00e1s importante del pa\u00eds. <\/strong><\/p>\n<p align=\"justify\"><strong>La gesti\u00f3n se ha centrado  de manera especial en incrementar los espacios de formaci\u00f3n acad\u00e9mica con la  convicci\u00f3n de que el conocimiento es hoy el factor m\u00e1s importante para impulsar  el crecimiento econ\u00f3mico y personal, as\u00ed como el desarrollo de la sociedad.<\/strong><\/p>\n<p align=\"justify\"><strong>Para el ciclo escolar  2025-2026, la UNAM increment\u00f3 en m\u00e1s de mil 500 los espacios adicionales en  educaci\u00f3n media superior, permitiendo atender a 35 mil 195 alumnas y alumnos de  nuevo ingreso en este nivel. <\/strong><\/p>\n<p align=\"justify\"><strong>Con un gran esfuerzo y  satisfacci\u00f3n, la Universidad suma, en total, una poblaci\u00f3n estudiantil de casi  380 mil estudiantes, desde iniciaci\u00f3n universitaria hasta posgrado.<\/strong><\/p>\n<p align=\"justify\"><strong>Este crecimiento  cuantitativo se complement\u00f3 con una expansi\u00f3n de la oferta acad\u00e9mica a nivel  nacional. Se inaugur\u00f3 la Escuela Nacional de Estudios Superiores (ENES), Unidad  Oaxaca, con cinco nuevas licenciaturas; esta expansi\u00f3n se extendi\u00f3 a las ENES  Morelia, Le\u00f3n, Juriquilla y M\u00e9rida, que sumaron m\u00e1s carreras a su oferta  acad\u00e9mica, fortaleciendo la presencia de la Universidad en diversas regiones. <\/strong><\/p>\n<p align=\"justify\"><strong>Paralelamente se revisaron  y crearon planes de estudio de vanguardia y pertinencia, incluyendo un nuevo  Doctorado en Trabajo Social y especializaciones en Enfermer\u00eda y Contadur\u00eda,  asegurando la pertinencia de la formaci\u00f3n profesional ante las demandas sociales.<\/strong><\/p>\n<p align=\"justify\"><strong>El apoyo integral a la  comunidad estudiantil es y ser\u00e1 la prioridad de la Universidad.\u00a0 Para acompa\u00f1ar a las y los j\u00f3venes  universitarios se otorgaron m\u00e1s de 170 mil becas, incluyendo la nueva Beca  Ifigenia Mart\u00ednez, dise\u00f1ada como un complemento para la alimentaci\u00f3n de los  estudiantes que as\u00ed lo requieran; adem\u00e1s, la totalidad de los 106 mil de  bachillerato reciben la beca Benito Ju\u00e1rez del Gobierno federal. En suma, casi  280 mil estudiantes de la UNAM, desde bachillerato hasta posgrado, tienen  alguna beca. <\/strong><\/p>\n<p align=\"justify\"><strong>El bienestar emocional  adquiri\u00f3 un papel central con la consolidaci\u00f3n del Programa Universitario de  Cuidado y Apoyo a la Salud Mental y programas como \u00abEspora  Psicol\u00f3gica\u00bb, Salud Comunitaria, as\u00ed como el Programa Universitario  Cultura de Paz, con los que se busca fortalecer entornos sanos y emp\u00e1ticos en  donde las y los estudiantes puedan desarrollar todo su potencial.<\/strong><\/p>\n<p align=\"justify\"><strong>En materia de  infraestructura destaca el avance en el Programa de Rehabilitaci\u00f3n de Espacios,  con \u00e9nfasis particular en el fortalecimiento del equipamiento para hacer m\u00e1s  seguro el acceso y los entornos alrededor del Colegio de Ciencias y Humanidades  plantel Sur, al igual que m\u00e1s trabajos que se est\u00e1n acordando con las  comunidades de otros espacios de educaci\u00f3n media superior. <\/strong><\/p>\n<p align=\"justify\"><strong>En el \u00e1mbito cient\u00edfico, la  colaboraci\u00f3n internacional rindi\u00f3 frutos con la instalaci\u00f3n del telescopio  rob\u00f3tico Colibr\u00ed, en San Pedro M\u00e1rtir, demostrando el alcance global de la  investigaci\u00f3n universitaria.<\/strong><\/p>\n<p align=\"justify\"><strong>En un esfuerzo por  consolidar una gobernanza m\u00e1s horizontal y participativa, el rector Leonardo  Lomel\u00ed Vanegas impuls\u00f3 reformas institucionales para responder a las  necesidades de la comunidad en un entorno de cambio permanente. <\/strong><\/p>\n<p align=\"justify\"><strong>La Coordinaci\u00f3n de Reforma  Institucional y Prospectiva Universitaria, que se cre\u00f3 en 2024, avanz\u00f3 en sus  trabajos de an\u00e1lisis y para el a\u00f1o que inicia prepara la convocatoria a foros  de consejeros, que permitir\u00e1n escuchar y enriquecer propuestas de transformaci\u00f3n  institucional, a fin de fortalecer la autonom\u00eda y adaptar a la Universidad a  los cambios del siglo XXI. <\/strong><\/p>\n<p align=\"justify\"><strong>Paralelamente, la  Secretar\u00eda de Servicio y Atenci\u00f3n a la Comunidad Universitaria se estableci\u00f3  para garantizar cercan\u00eda y respuesta oportuna a las necesidades de los  estudiantes.<\/strong><\/p>\n<p align=\"justify\"><strong>Se avanz\u00f3 de manera  significativa en mejorar las condiciones laborales, particularmente de los  t\u00e9cnicos acad\u00e9micos.<\/strong><\/p>\n<p align=\"justify\"><strong>La UNAM reafirm\u00f3 su  compromiso social y cultural, fungiendo como un faro para la naci\u00f3n. Su amplia  oferta sum\u00f3 alrededor de 12 mil actividades de danza, teatro, cine y m\u00fasica,  que disfrutaron cerca de 2.5 millones de asistentes. Destacan la proyecci\u00f3n que  tuvieron la Fiesta del Libro y la Rosa o la Feria Internacional del Libro  Universitario, dos importantes citas editoriales que congregan a miles de  personas anualmente. <\/strong><\/p>\n<p align=\"justify\"><strong>Como parte de su compromiso  social, durante 2025, en coordinaci\u00f3n con autoridades de salud federales, se  instalaron dos centros masivos de vacunaci\u00f3n en los cuales se aplicaron m\u00e1s de  120 mil vacunas.<\/strong><\/p>\n<p align=\"justify\"><strong>La vinculaci\u00f3n  internacional se estrech\u00f3 mediante la firma de convenios estrat\u00e9gicos con  prestigiosas instituciones como la Sorbona de Par\u00eds, Universidad de Costa Rica,  Universidad de Chile y el Instituto Max Planck de Alemania, asegurando un flujo  constante de intercambio acad\u00e9mico y de investigaci\u00f3n. Los resultados  sobresalientes de la UNAM en rankings globales reflejan la excelencia acad\u00e9mica  de la Universidad de la naci\u00f3n, proporcionando una base s\u00f3lida para los  desaf\u00edos futuros que la instituci\u00f3n est\u00e1 preparada para asumir.<\/strong><\/p>\n<p align=\"justify\"><strong>La Universidad Nacional  Aut\u00f3noma de M\u00e9xico no se detiene. Durante 2026 continuar\u00e1 trabajando con  responsabilidad, transparencia y cercan\u00eda con la comunidad para responder con  firmeza y planeaci\u00f3n estrat\u00e9gica a los retos del nuevo a\u00f1o. El compromiso de la  comunidad seguir\u00e1 formando personas egresadas e investigadoras que sigan  aportando al desarrollo del pa\u00eds.                                                    <\/strong><\/p>\n<p align=\"center\"><strong>\u2014oOo\u2014<\/strong><\/p>\n","protected":false},"excerpt":{"rendered":"La UNAM se fortalece para seguir formando generaciones \u2022 Se prepara para afrontar los retos de este a\u00f1o&hellip;\n","protected":false},"author":2,"featured_media":318002,"comment_status":"","ping_status":"","sticky":false,"template":"","format":"standard","meta":{"footnotes":""},"categories":[42],"tags":[17,18,13,14,11,61,62,63,64,19,20,9,10,15,16,12,21,22,65,66,67],"class_list":{"0":"post-318001","1":"post","2":"type-post","3":"status-publish","4":"format-standard","5":"has-post-thumbnail","7":"category-internacional","8":"tag-breaking-news","9":"tag-breakingnews","10":"tag-featured-news","11":"tag-featurednews","12":"tag-headlines","13":"tag-internacional","14":"tag-international","15":"tag-international-news","16":"tag-internationalnews","17":"tag-latest-news","18":"tag-latestnews","19":"tag-news","20":"tag-noticias","21":"tag-noticias-destacadas","22":"tag-noticiasdestacadas","23":"tag-titulares","24":"tag-ultimas-noticias","25":"tag-ultimasnoticias","26":"tag-world","27":"tag-world-news","28":"tag-worldnews"},"share_on_mastodon":{"url":"https:\/\/pubeurope.com\/@es\/115822052252824822","error":""},"_links":{"self":[{"href":"https:\/\/www.europesays.com\/es\/wp-json\/wp\/v2\/posts\/318001","targetHints":{"allow":["GET"]}}],"collection":[{"href":"https:\/\/www.europesays.com\/es\/wp-json\/wp\/v2\/posts"}],"about":[{"href":"https:\/\/www.europesays.com\/es\/wp-json\/wp\/v2\/types\/post"}],"author":[{"embeddable":true,"href":"https:\/\/www.europesays.com\/es\/wp-json\/wp\/v2\/users\/2"}],"replies":[{"embeddable":true,"href":"https:\/\/www.europesays.com\/es\/wp-json\/wp\/v2\/comments?post=318001"}],"version-history":[{"count":0,"href":"https:\/\/www.europesays.com\/es\/wp-json\/wp\/v2\/posts\/318001\/revisions"}],"wp:featuredmedia":[{"embeddable":true,"href":"https:\/\/www.europesays.com\/es\/wp-json\/wp\/v2\/media\/318002"}],"wp:attachment":[{"href":"https:\/\/www.europesays.com\/es\/wp-json\/wp\/v2\/media?parent=318001"}],"wp:term":[{"taxonomy":"category","embeddable":true,"href":"https:\/\/www.europesays.com\/es\/wp-json\/wp\/v2\/categories?post=318001"},{"taxonomy":"post_tag","embeddable":true,"href":"https:\/\/www.europesays.com\/es\/wp-json\/wp\/v2\/tags?post=318001"}],"curies":[{"name":"wp","href":"https:\/\/api.w.org\/{rel}","templated":true}]}}