{"id":318003,"date":"2026-01-01T21:50:10","date_gmt":"2026-01-01T21:50:10","guid":{"rendered":"https:\/\/www.europesays.com\/es\/318003\/"},"modified":"2026-01-01T21:50:10","modified_gmt":"2026-01-01T21:50:10","slug":"denuncian-por-acoso-laboral-al-sustituto-de-gallardo-en-el-psoe-extremeno","status":"publish","type":"post","link":"https:\/\/www.europesays.com\/es\/318003\/","title":{"rendered":"Denuncian por acoso laboral al sustituto de Gallardo en el PSOE extreme\u00f1o"},"content":{"rendered":"<p style=\"\">Una militante y concejal del PSOE en Extremadura ha denunciado a Jos\u00e9 Luis Quintana, actual delegado del Gobierno y l\u00edder de la gestora formada tras la dimisi\u00f3n del ex secretario general <a href=\"https:\/\/www.abc.es\/espana\/extremadura\/gallardo-explorar-via-senado-juzgue-tribunal-supremo-20251224042301-nt.html\" title=\"www.abc.es\" data-voc-vtm-id=\"in-text-traffic\" data-mrf-link=\"www.abc.es\" rel=\"nofollow noopener\" target=\"_blank\">Miguel \u00c1ngel Gallardo <\/a>por los malos resultados en las elecciones auton\u00f3micas, por los presuntos  &#8230; delitos de coacciones y acoso laboral. Seg\u00fan ha podido saber ABC la afiliada puso en conocimiento de la Ejecutiva Federal los hechos que afectan a uno de los hombres de la m\u00e1xima confianza de <strong>Pedro S\u00e1nchez<\/strong>, al que el propio presidente design\u00f3 de forma expresa para el cargo la semana pasada. Desde el entorno de la denunciante y otros cargos org\u00e1nicos lamentan que Ferraz oculte que \u00abJos\u00e9 Luis Quintana, amigo personal de S\u00e1nchez, fuera denunciado por acosar y amenazar a una compa\u00f1era del partido y concejal socialista siendo delegado del Gobierno\u00bb.<\/p>\n<p class=\"voc-p\" style=\"\">Afirman que, adem\u00e1s, presion\u00f3 al partido extreme\u00f1o y a Gallardo para que \u00abla despidieran como trabajadora del PSOE regional <strong>porque critic\u00f3 a Quintana <\/strong>y lo hicieron hace unos meses\u00bb. Seg\u00fan explican a este diario, \u00abla denuncia lleg\u00f3 a Ferraz la semana pasada a trav\u00e9s del canal interno de denuncias\u00bb. \u00abPregunten a la Secretar\u00eda Federal de Organizaci\u00f3n. Pedro S\u00e1nchez estar\u00eda al tanto de la denuncia que afecta a quien fue su primer mentor en la carrera para dirigir el PSOE\u00bb, a\u00f1aden.<\/p>\n<p class=\"voc-p\" style=\"\">Desde la direcci\u00f3n regional, este jueves por la noche negaron los hechos. Seg\u00fan los socialistas extreme\u00f1os \u00abno ha habido ning\u00fan tipo de persecuci\u00f3n laboral y, adem\u00e1s, la persona en cuesti\u00f3n nunca dependi\u00f3 laboralmente de Jos\u00e9 Luis Quintana\u00bb. Afirmaron que \u00abes falso lo que cuenta en sus redes sociales; adem\u00e1s, es muy llamativo que el asunto se d\u00e9 a conocer a los canales internos del partido ahora, cuando el despido tuvo lugar hace m\u00e1s de un a\u00f1o\u00bb. El propio Quintana, desde su cuenta de X (antes Twitter), neg\u00f3 cualquier tipo de \u00abpersecuci\u00f3n\u00bb contra la exmilitante y <strong>recalc\u00f3 que es \u00abrotundamente falso\u00bb la acusaci\u00f3n<\/strong>.<\/p>\n<p class=\"voc-p\" style=\"\">Esta denuncia sobre un presunto caso de acoso laboral no es la primera contra Quintana. Este medio ha tenido acceso a otras denuncias presentadas en Ferraz relativas al proceso de renovaci\u00f3n de <strong>la agrupaci\u00f3n de Don Benito (Badajoz)<\/strong>. Denuncias, seg\u00fan explican fuentes del partido, que todav\u00eda no han sido respondidas a d\u00eda de hoy, ya que han sido ocultadas por Ferraz. <\/p>\n<p>\nCenso interno\n<\/p>\n<p class=\"voc-p\" style=\"\">Varios cargos de la organizaci\u00f3n presentaron una comunicaci\u00f3n formal ante la direcci\u00f3n del partido en la que se denunciaba presuntas irregularidades graves en la agrupaci\u00f3n local de Don Benito, que podr\u00edan constituir delitos penales. El escrito, amparado en la ley de protecci\u00f3n de informantes, <strong>solicitaba la apertura de una investigaci\u00f3n interna<\/strong> y, en su caso, la interposici\u00f3n de acciones ante la jurisdicci\u00f3n penal, algo que no atendi\u00f3 la anterior direcci\u00f3n encabezada por Gallardo. <\/p>\n<p class=\"voc-p\" style=\"\">La denuncia se centra en una supuesta alteraci\u00f3n del censo de militantes durante el <strong>proceso de renovaci\u00f3n de la direcci\u00f3n local<\/strong> celebrado en octubre de 2024. Seg\u00fan el denunciante, al menos dos personas habr\u00edan sido incluidas en el censo tras el cierre oficial del mismo, el 1 de junio de 2024, lo que habr\u00eda beneficiado a determinados sectores.<\/p>\n<p class=\"voc-p\" style=\"\">Estos hechos se producir\u00edan en un contexto m\u00e1s amplio de irregularidades internas, entre ellas un <strong>incremento inusual de afiliaciones<\/strong> antes del cierre censal, que deriv\u00f3 en la dimisi\u00f3n de m\u00e1s de la mitad de la ejecutiva local y en la posterior constituci\u00f3n de una comisi\u00f3n gestora.<\/p>\n<p class=\"voc-p\" style=\"\">El escrito apunta a la posible participaci\u00f3n de personas con acceso a los registros federales de militancia y reclama que se analicen los sistemas inform\u00e1ticos y la documentaci\u00f3n existente. El denunciante subraya que el caso <strong>pone a prueba los compromisos de regeneraci\u00f3n<\/strong> y lucha contra la corrupci\u00f3n anunciados recientemente por la direcci\u00f3n del PSOE.<\/p>\n<p class=\"voc-p\" style=\"\"><strong>Quintana fue alcalde de Don Benito <\/strong>-localidad donde naci\u00f3 en 1960- desde 2015 hasta 2023, a\u00f1o en el que fue nombrado delegado del Gobierno en Extremadura. Antes de ello, fue consejero de Fomento de la Junta de Extremadura desde 2007 hasta 2011 con Guillermo Fern\u00e1ndez Vara como presidente de la comunidad aut\u00f3noma. <\/p>\n","protected":false},"excerpt":{"rendered":"Una militante y concejal del PSOE en Extremadura ha denunciado a Jos\u00e9 Luis Quintana, actual delegado del Gobierno&hellip;\n","protected":false},"author":2,"featured_media":318004,"comment_status":"","ping_status":"","sticky":false,"template":"","format":"standard","meta":{"footnotes":""},"categories":[8],"tags":[19530,4420,17,18,13294,3114,25,24,7234,13,14,38245,582,11,14230,9416,19,20,5564,9,10,15,16,1699,199,23,12,21,22],"class_list":{"0":"post-318003","1":"post","2":"type-post","3":"status-publish","4":"format-standard","5":"has-post-thumbnail","7":"category-espana","8":"tag-acoso","9":"tag-amigo","10":"tag-breaking-news","11":"tag-breakingnews","12":"tag-delegado","13":"tag-denuncian","14":"tag-es","15":"tag-espana","16":"tag-extremadura","17":"tag-featured-news","18":"tag-featurednews","19":"tag-gestora","20":"tag-gobierno","21":"tag-headlines","22":"tag-intimo","23":"tag-laboral","24":"tag-latest-news","25":"tag-latestnews","26":"tag-lider","27":"tag-news","28":"tag-noticias","29":"tag-noticias-destacadas","30":"tag-noticiasdestacadas","31":"tag-psoe","32":"tag-sanchez","33":"tag-spain","34":"tag-titulares","35":"tag-ultimas-noticias","36":"tag-ultimasnoticias"},"share_on_mastodon":{"url":"https:\/\/pubeurope.com\/@es\/115822056420604653","error":""},"_links":{"self":[{"href":"https:\/\/www.europesays.com\/es\/wp-json\/wp\/v2\/posts\/318003","targetHints":{"allow":["GET"]}}],"collection":[{"href":"https:\/\/www.europesays.com\/es\/wp-json\/wp\/v2\/posts"}],"about":[{"href":"https:\/\/www.europesays.com\/es\/wp-json\/wp\/v2\/types\/post"}],"author":[{"embeddable":true,"href":"https:\/\/www.europesays.com\/es\/wp-json\/wp\/v2\/users\/2"}],"replies":[{"embeddable":true,"href":"https:\/\/www.europesays.com\/es\/wp-json\/wp\/v2\/comments?post=318003"}],"version-history":[{"count":0,"href":"https:\/\/www.europesays.com\/es\/wp-json\/wp\/v2\/posts\/318003\/revisions"}],"wp:featuredmedia":[{"embeddable":true,"href":"https:\/\/www.europesays.com\/es\/wp-json\/wp\/v2\/media\/318004"}],"wp:attachment":[{"href":"https:\/\/www.europesays.com\/es\/wp-json\/wp\/v2\/media?parent=318003"}],"wp:term":[{"taxonomy":"category","embeddable":true,"href":"https:\/\/www.europesays.com\/es\/wp-json\/wp\/v2\/categories?post=318003"},{"taxonomy":"post_tag","embeddable":true,"href":"https:\/\/www.europesays.com\/es\/wp-json\/wp\/v2\/tags?post=318003"}],"curies":[{"name":"wp","href":"https:\/\/api.w.org\/{rel}","templated":true}]}}