{"id":318013,"date":"2026-01-01T22:00:07","date_gmt":"2026-01-01T22:00:07","guid":{"rendered":"https:\/\/www.europesays.com\/es\/318013\/"},"modified":"2026-01-01T22:00:07","modified_gmt":"2026-01-01T22:00:07","slug":"continua-el-caos-en-los-banquillos-de-la-premier","status":"publish","type":"post","link":"https:\/\/www.europesays.com\/es\/318013\/","title":{"rendered":"contin\u00faa el caos en los banquillos de la Premier"},"content":{"rendered":"<p style=\"\">Mientras el mundo del f\u00fatbol descansa durante las vacaciones navide\u00f1as, la <a href=\"https:\/\/www.abc.es\/deportes\/orgullodenervion\/fichajes-sevilla-fc\/premier-league-quiere-ruben-vargas-20251228204449-nts.html\" target=\"_self\" data-voc-vtm-id=\"in-text-traffic\" title=\"Premier League\" rel=\"nofollow noopener\">Premier League<\/a> aprieta el acelerador, tremendo el carrusel de partidos que lanza la competici\u00f3n inglesa y que forma el <strong>&#8216;Boxing Day&#8217;<\/strong>, uno de los eventos deportivos con m\u00e1s carisma del a\u00f1o.  &#8230; Un torrente que, adem\u00e1s, ya ha comenzado a dejar im\u00e1genes para el recuerdo y ha creado un amago de caos en los banquillos de la isla. <\/p>\n<p class=\"voc-p\" style=\"\">Sin ir m\u00e1s lejos, dos entrenadores espa\u00f1oles, <strong>Unay Emery<\/strong> y <strong>Mikel Arteta<\/strong>, protagonizaron un roce el pasado d\u00eda 30 durante la clara victoria del Arsenal ante el <strong>Aston Villa<\/strong> (4-1). Tras el final del choque, se vio c\u00f3mo el ext\u00e9cnico del Villarreal abandonaba el terreno de juego mientras que las c\u00e1maras enfocaban a su compatriota, que parec\u00eda molesto por su desbandada.<\/p>\n<p class=\"voc-p\" style=\"\">Fue el propio <strong>Emery<\/strong> el que se justific\u00f3 ante los micr\u00f3fonos. \u00abDespu\u00e9s del partido, mi rutina siempre es r\u00e1pida: dar la mano e ir con mis entrenadores, con mis jugadores, o ir al vestuario (&#8230;). Y estuve esperando, y esperando y fuera hace fr\u00edo\u00bb, asegur\u00f3 el vasco. <\/p>\n<p class=\"voc-p\" style=\"\">Aunque el asunto no fue a m\u00e1s, al menos de cara a la galer\u00eda, en el <strong>Chelsea<\/strong> s\u00ed se ha producido un terremoto de calado. La parroquia azul despert\u00f3 confusa este jueves al ver que <strong>Enzo Maresca<\/strong>, que llevaba en el cargo desde verano de 2024, hab\u00eda sido despedido de manera inesperada. <\/p>\n<p class=\"voc-p\" style=\"\">Los <a href=\"https:\/\/www.abc.es\/deportes\/futbol\/chelsea-sobrevive-rasca-punto-arsenal-20251130193659-nt.html\" target=\"_self\" data-voc-vtm-id=\"in-text-traffic\" title=\"malos resultados\" rel=\"nofollow noopener\">malos resultados<\/a> en la competici\u00f3n dom\u00e9stica parecen el motivo principal, pues el Chelsea, en las \u00faltimas seis jornadas, no hab\u00eda ganado ning\u00fan partido, cuatro empates y dos derrotas que lo han dejado en la quinta posici\u00f3n y a 15 puntos del <strong>Arsenal<\/strong>, l\u00edder y principal candidato para conquistar el t\u00edtulo. <\/p>\n<p class=\"voc-p\" style=\"\">De este modo, el Chelsea vuelve a convertirse en una trituradora de t\u00e9cnicos, pues ya son seis los que ha tenido desde el a\u00f1o 2020. <strong>Thomas Tuchel<\/strong> (589 d\u00edas en el cargo),<strong> Graham Potter<\/strong> (206), <strong>Bruno Saltor<\/strong> (2), <strong>Mauricio Pochettino<\/strong> (365) y el ya mencionado <strong>Maresca<\/strong> (549) as\u00ed lo demuestran. <\/p>\n<p class=\"voc-p\" style=\"\">Est\u00e1 por ver qui\u00e9n sustituye al italiano, que parec\u00eda haber tra\u00eddo cierta estabilidad al cargo tras ganar la <strong>Conference League<\/strong> el pasado curso y el <a href=\"https:\/\/www.abc.es\/deportes\/futbol\/enzo-maresca-estratega-desquicio-luis-enrique-20250714201806-nt.html\" target=\"_self\" data-voc-vtm-id=\"in-text-traffic\" title=\"Mundial de Clubes\" rel=\"nofollow noopener\">Mundial de Clubes<\/a> en verano. Dos conquistas, al parecer, insuficientes para el multimillonario proyecto de <strong>Todd Boehly<\/strong>, que desde que compr\u00f3 el club en 2022 no ha dado con la tecl&lt; del \u00e9xito. <\/p>\n","protected":false},"excerpt":{"rendered":"Mientras el mundo del f\u00fatbol descansa durante las vacaciones navide\u00f1as, la Premier League aprieta el acelerador, tremendo el&hellip;\n","protected":false},"author":2,"featured_media":318014,"comment_status":"","ping_status":"","sticky":false,"template":"","format":"standard","meta":{"footnotes":""},"categories":[268],"tags":[69250,11579,10600,168,5702,48601,25,24,280,16249,282,74139,17656,281,23,167],"class_list":{"0":"post-318013","1":"post","2":"type-post","3":"status-publish","4":"format-standard","5":"has-post-thumbnail","7":"category-futbol","8":"tag-banquillos","9":"tag-caos","10":"tag-continua","11":"tag-deportes","12":"tag-despido","13":"tag-emery","14":"tag-es","15":"tag-espana","16":"tag-football","17":"tag-frio","18":"tag-futbol","19":"tag-maresca","20":"tag-premier","21":"tag-soccer","22":"tag-spain","23":"tag-sports"},"share_on_mastodon":{"url":"https:\/\/pubeurope.com\/@es\/115822095589295661","error":""},"_links":{"self":[{"href":"https:\/\/www.europesays.com\/es\/wp-json\/wp\/v2\/posts\/318013","targetHints":{"allow":["GET"]}}],"collection":[{"href":"https:\/\/www.europesays.com\/es\/wp-json\/wp\/v2\/posts"}],"about":[{"href":"https:\/\/www.europesays.com\/es\/wp-json\/wp\/v2\/types\/post"}],"author":[{"embeddable":true,"href":"https:\/\/www.europesays.com\/es\/wp-json\/wp\/v2\/users\/2"}],"replies":[{"embeddable":true,"href":"https:\/\/www.europesays.com\/es\/wp-json\/wp\/v2\/comments?post=318013"}],"version-history":[{"count":0,"href":"https:\/\/www.europesays.com\/es\/wp-json\/wp\/v2\/posts\/318013\/revisions"}],"wp:featuredmedia":[{"embeddable":true,"href":"https:\/\/www.europesays.com\/es\/wp-json\/wp\/v2\/media\/318014"}],"wp:attachment":[{"href":"https:\/\/www.europesays.com\/es\/wp-json\/wp\/v2\/media?parent=318013"}],"wp:term":[{"taxonomy":"category","embeddable":true,"href":"https:\/\/www.europesays.com\/es\/wp-json\/wp\/v2\/categories?post=318013"},{"taxonomy":"post_tag","embeddable":true,"href":"https:\/\/www.europesays.com\/es\/wp-json\/wp\/v2\/tags?post=318013"}],"curies":[{"name":"wp","href":"https:\/\/api.w.org\/{rel}","templated":true}]}}