{"id":318017,"date":"2026-01-01T22:04:16","date_gmt":"2026-01-01T22:04:16","guid":{"rendered":"https:\/\/www.europesays.com\/es\/318017\/"},"modified":"2026-01-01T22:04:16","modified_gmt":"2026-01-01T22:04:16","slug":"enfrentamiento-directo-en-el-restaurante-entre-lucia-y-azucena","status":"publish","type":"post","link":"https:\/\/www.europesays.com\/es\/318017\/","title":{"rendered":"\u00a1Enfrentamiento directo en el restaurante entre Luc\u00eda y Azucena!"},"content":{"rendered":"<p data-start=\"143\" data-end=\"761\"><strong data-start=\"243\" data-end=\"252\">Luc\u00eda<\/strong> qued\u00f3 cara a cara con <strong data-start=\"275\" data-end=\"286\">Azucena<\/strong> cuando esta apareci\u00f3 en el restaurante ofreciendo \u201cayuda\u201d. La incomodidad fue inmediata y los cruces no tardaron en escalar. <strong data-start=\"412\" data-end=\"438\">\u201c\u00bfQu\u00e9 haces ac\u00e1?\u201d<\/strong>, lanz\u00f3 Luc\u00eda, mientras Azucena respondi\u00f3 con iron\u00eda, dejando claro que no piensa irse.<\/p>\n<p data-start=\"143\" data-end=\"761\">La tensi\u00f3n tiene un trasfondo claro: Luc\u00eda la vio horas antes en la casa de <strong data-start=\"602\" data-end=\"612\">Foncho<\/strong>, usando el polo que ella sol\u00eda llevar cuando se quedaba con \u00e9l. Las miradas, los silencios y las palabras cargadas dejaron todo a punto de estallar. \u00bfLlegar\u00e1n a los golpes? \u00bfQu\u00e9 oculta Azucena? \u00bfC\u00f3mo reaccionar\u00e1 Foncho?<\/p>\n<p>\u00a1No te olvides de unirte a nuestro canal oficial!<\/p>\n<p>\u00a1No te pierdas de contenido y noticias\u00a0<strong>EXCLUSIVAS<\/strong>! Interact\u00faa con los talentos, obt\u00e9n datos in\u00e9ditos y noticias de \u00faltima hora.<\/p>\n<p>\ud83d\udc49\u00a0<strong><a href=\"https:\/\/whatsapp.com\/channel\/0029Va4WPy1FMqraDNgjzM3Q\" target=\"_blank\" rel=\"noopener nofollow\">https:\/\/whatsapp.com\/channel\/0029Va4WPy1FMqraDNgjzM3Q<\/a><\/strong><\/p>\n<p>\u00bfD\u00f3nde ver todos los cap\u00edtulos de \u201cEres mi bien\u201d?<\/p>\n<p>\u00a1Latino! Todos los cap\u00edtulos de \u201c<strong>Eres mi bien<\/strong>\u201d est\u00e1n disponibles en nuestro canal de Youtube de\u00a0<a href=\"https:\/\/www.youtube.com\/@Latina_pe\/featured\" rel=\"nofollow noopener\" target=\"_blank\"><strong>Latina Televisi\u00f3n<\/strong><\/a>. Tambi\u00e9n pueden verlo por medio del\u00a0<a href=\"https:\/\/www.latina.pe\/entretenimiento\/eres-mi-bien\/capitulos-completos-eres-mi-bien\/\" rel=\"nofollow noopener\" target=\"_blank\"><strong>Latina.pe en ESTE enlace<\/strong><\/a>.<\/p>\n<p>\u00bfC\u00f3mo ver el REACT EN VIVO de \u201cEres mi bien\u201d?<\/p>\n<p>\u00a1No te pierdas el\u00a0<strong>REACT EN VIVO\u00a0<\/strong>de \u201cEres mi bien\u201d con Daniella Acosta v\u00eda el\u00a0<a href=\"https:\/\/www.youtube.com\/@Latina_pe\/streams\" rel=\"nofollow noopener\" target=\"_blank\"><strong>canal de YouTube de Latina EN ESTE LINK<\/strong><\/a>\u00a0de LUNES A VIERNES, inmediatamente despu\u00e9s de \u201cYo Soy\u201d!<\/p>\n<p>ESTE VIDEO TE VA A INTERESAR<\/p>\n","protected":false},"excerpt":{"rendered":"Luc\u00eda qued\u00f3 cara a cara con Azucena cuando esta apareci\u00f3 en el restaurante ofreciendo \u201cayuda\u201d. La incomodidad fue&hellip;\n","protected":false},"author":2,"featured_media":318018,"comment_status":"","ping_status":"","sticky":false,"template":"","format":"standard","meta":{"footnotes":""},"categories":[171],"tags":[74196,146,147,74197,25,24,5053,74198,74199,74200,74201,74202,2879,74203,74204,74205,23,807,214],"class_list":{"0":"post-318017","1":"post","2":"type-post","3":"status-publish","4":"format-standard","5":"has-post-thumbnail","7":"category-tv","8":"tag-cesar-ritter","9":"tag-entertainment","10":"tag-entretenimiento","11":"tag-eres-mi-bien","12":"tag-es","13":"tag-espana","14":"tag-latina","15":"tag-latina-novelas","16":"tag-latina-television","17":"tag-monica-sanchez","18":"tag-natalia-salas","19":"tag-novela-latina","20":"tag-novelas","21":"tag-novelas-latina","22":"tag-paul-martin","23":"tag-pierina-carcelen","24":"tag-spain","25":"tag-television","26":"tag-tv"},"share_on_mastodon":{"url":"https:\/\/pubeurope.com\/@es\/115822111223610754","error":""},"_links":{"self":[{"href":"https:\/\/www.europesays.com\/es\/wp-json\/wp\/v2\/posts\/318017","targetHints":{"allow":["GET"]}}],"collection":[{"href":"https:\/\/www.europesays.com\/es\/wp-json\/wp\/v2\/posts"}],"about":[{"href":"https:\/\/www.europesays.com\/es\/wp-json\/wp\/v2\/types\/post"}],"author":[{"embeddable":true,"href":"https:\/\/www.europesays.com\/es\/wp-json\/wp\/v2\/users\/2"}],"replies":[{"embeddable":true,"href":"https:\/\/www.europesays.com\/es\/wp-json\/wp\/v2\/comments?post=318017"}],"version-history":[{"count":0,"href":"https:\/\/www.europesays.com\/es\/wp-json\/wp\/v2\/posts\/318017\/revisions"}],"wp:featuredmedia":[{"embeddable":true,"href":"https:\/\/www.europesays.com\/es\/wp-json\/wp\/v2\/media\/318018"}],"wp:attachment":[{"href":"https:\/\/www.europesays.com\/es\/wp-json\/wp\/v2\/media?parent=318017"}],"wp:term":[{"taxonomy":"category","embeddable":true,"href":"https:\/\/www.europesays.com\/es\/wp-json\/wp\/v2\/categories?post=318017"},{"taxonomy":"post_tag","embeddable":true,"href":"https:\/\/www.europesays.com\/es\/wp-json\/wp\/v2\/tags?post=318017"}],"curies":[{"name":"wp","href":"https:\/\/api.w.org\/{rel}","templated":true}]}}