{"id":318032,"date":"2026-01-01T22:12:10","date_gmt":"2026-01-01T22:12:10","guid":{"rendered":"https:\/\/www.europesays.com\/es\/318032\/"},"modified":"2026-01-01T22:12:10","modified_gmt":"2026-01-01T22:12:10","slug":"un-incendio-devasta-una-iglesia-de-amsterdam-durante-nochevieja","status":"publish","type":"post","link":"https:\/\/www.europesays.com\/es\/318032\/","title":{"rendered":"Un incendio devasta una iglesia de \u00c1msterdam durante Nochevieja"},"content":{"rendered":"<p>    <img src=\"https:\/\/www.europesays.com\/es\/wp-content\/uploads\/2026\/01\/2026-01-01T133A053A51Z-90714214.jpg\" width=\"1024\" height=\"740\" alt=\"\" loading=\"eager\" decoding=\"sync\" fetchpriority=\"high\"\/><\/p>\n<p>            afp_tickers        <\/p>\n<p>        Este contenido fue publicado en    <\/p>\n<p>        01 enero 2026 &#8211; 14:05\n<\/p>\n<p>Un incendio destruy\u00f3 el jueves una iglesia de \u00c1msterdam del siglo XIX durante una Nochevieja convulsa en Pa\u00edses Bajos, con dos muertos por fuegos artificiales y varios actos violentos contra la polic\u00eda.<\/p>\n<p>El incendio se declar\u00f3 de madrugada en la iglesia Vondelkerk, de 1872.\u00a0<\/p>\n<p>La torre de 50 metros de altura se derrumb\u00f3 y el techo sufri\u00f3 graves da\u00f1os, pero las autoridades esperan que la estructura permanezca intacta.\u00a0<\/p>\n<p>Por el momento la causa del incendio se desconoce.\u00a0<\/p>\n<p>Por otra parte, la presidenta del sindicato de la polic\u00eda neerlandesa, Nine Kooiman, denunci\u00f3 una ola de \u00abviolencia sin precedentes\u00bb contra la polic\u00eda y los servicios de emergencia durante la celebraci\u00f3n del A\u00f1o Nuevo.\u00a0<\/p>\n<p>Ella misma dijo haber sido alcanzada en tres ocasiones por fuegos artificiales en \u00c1msterdam y en la ciudad de Breda varias personas lanzaron c\u00f3cteles molotov contra los agentes.<\/p>\n<p>Adem\u00e1s, dos personas, un menor de 17 a\u00f1os y un hombre de 38, murieron en accidentes con fuegos artificiales y otras tres resultaron heridas de gravedad.<\/p>\n<p>Tambi\u00e9n hubo dos muertos en el oeste de Alemania, en Bielefeld, por el uso de artefactos pirot\u00e9cnicos artesanales durante las celebraciones de A\u00f1o Nuevo.<\/p>\n<p>Los dos j\u00f3venes de 18 a\u00f1os \u00abactivaron de manera descontrolada artilugios pirot\u00e9cnicos que ellos mismos fabricaron\u00bb y \u00absufrieron heridas mortales en el rostro\u00bb, dijo la polic\u00eda local.<\/p>\n<p>En B\u00e9lgica, el inicio de 2026 tambi\u00e9n se vio empa\u00f1ado por altercados violentos.\u00a0<\/p>\n<p>Las fuerzas policiales arrestaron a decenas de personas y fueron blanco de fuegos artificiales durante las celebraciones en Bruselas y Amberes.<\/p>\n<p>En esta ciudad portuaria, los agentes usaron gas lacrim\u00f3geno y detuvieron a m\u00e1s de cien personas. J\u00f3venes y ni\u00f1os, algunos de 10 u 11 a\u00f1os, atacaron a polic\u00edas y a trabajadores de emergencias con pirotecnia y piedras y prendieron fuego a bicicletas y coches, dijo un portavoz.<\/p>\n<p>En la capital, Bruselas, la polic\u00eda dijo que sus agentes fueron \u00abrepetidamente\u00bb blanco de lanzamientos de fuegos artificiales y que practicaron 70 arrestos.<\/p>\n<p>ric\/pc\/dbh\/jvb<\/p>\n","protected":false},"excerpt":{"rendered":"afp_tickers Este contenido fue publicado en 01 enero 2026 &#8211; 14:05 Un incendio destruy\u00f3 el jueves una iglesia&hellip;\n","protected":false},"author":2,"featured_media":318033,"comment_status":"","ping_status":"","sticky":false,"template":"","format":"standard","meta":{"footnotes":""},"categories":[42],"tags":[17,18,11892,637,638,13,14,5595,11,61,62,63,64,19,20,7657,9,10,15,16,90,12,21,22,65,66,67],"class_list":{"0":"post-318032","1":"post","2":"type-post","3":"status-publish","4":"format-standard","5":"has-post-thumbnail","7":"category-internacional","8":"tag-breaking-news","9":"tag-breakingnews","10":"tag-crime","11":"tag-disaster","12":"tag-disaster-general","13":"tag-featured-news","14":"tag-featurednews","15":"tag-fire","16":"tag-headlines","17":"tag-internacional","18":"tag-international","19":"tag-international-news","20":"tag-internationalnews","21":"tag-latest-news","22":"tag-latestnews","23":"tag-law-and-order","24":"tag-news","25":"tag-noticias","26":"tag-noticias-destacadas","27":"tag-noticiasdestacadas","28":"tag-ticker","29":"tag-titulares","30":"tag-ultimas-noticias","31":"tag-ultimasnoticias","32":"tag-world","33":"tag-world-news","34":"tag-worldnews"},"share_on_mastodon":{"url":"https:\/\/pubeurope.com\/@es\/115822142702314556","error":""},"_links":{"self":[{"href":"https:\/\/www.europesays.com\/es\/wp-json\/wp\/v2\/posts\/318032","targetHints":{"allow":["GET"]}}],"collection":[{"href":"https:\/\/www.europesays.com\/es\/wp-json\/wp\/v2\/posts"}],"about":[{"href":"https:\/\/www.europesays.com\/es\/wp-json\/wp\/v2\/types\/post"}],"author":[{"embeddable":true,"href":"https:\/\/www.europesays.com\/es\/wp-json\/wp\/v2\/users\/2"}],"replies":[{"embeddable":true,"href":"https:\/\/www.europesays.com\/es\/wp-json\/wp\/v2\/comments?post=318032"}],"version-history":[{"count":0,"href":"https:\/\/www.europesays.com\/es\/wp-json\/wp\/v2\/posts\/318032\/revisions"}],"wp:featuredmedia":[{"embeddable":true,"href":"https:\/\/www.europesays.com\/es\/wp-json\/wp\/v2\/media\/318033"}],"wp:attachment":[{"href":"https:\/\/www.europesays.com\/es\/wp-json\/wp\/v2\/media?parent=318032"}],"wp:term":[{"taxonomy":"category","embeddable":true,"href":"https:\/\/www.europesays.com\/es\/wp-json\/wp\/v2\/categories?post=318032"},{"taxonomy":"post_tag","embeddable":true,"href":"https:\/\/www.europesays.com\/es\/wp-json\/wp\/v2\/tags?post=318032"}],"curies":[{"name":"wp","href":"https:\/\/api.w.org\/{rel}","templated":true}]}}