{"id":318036,"date":"2026-01-01T22:14:07","date_gmt":"2026-01-01T22:14:07","guid":{"rendered":"https:\/\/www.europesays.com\/es\/318036\/"},"modified":"2026-01-01T22:14:07","modified_gmt":"2026-01-01T22:14:07","slug":"se-han-cargado-el-concierto-de-ano-nuevo","status":"publish","type":"post","link":"https:\/\/www.europesays.com\/es\/318036\/","title":{"rendered":"Se han cargado el Concierto de A\u00f1o Nuevo"},"content":{"rendered":"<p style=\"\">Apareci\u00f3 el director canadiense Yannick N\u00e9zet-S\u00e9guin en pantalla, vestido de acr\u00f3bata de circo barato o de novio adolescente de boda por conveniencia en un sal\u00f3n de celebraciones de Bak\u00fa, o de algo. Digo que bast\u00f3 verle subirse a dirigir el Concierto de A\u00f1o Nuevo  &#8230; 2026 vestido de azul para saber, tristemente, que esta tradici\u00f3n tambi\u00e9n habr\u00eda de <strong>ser destruida a manos de la supuesta modernidad<\/strong>, esto es, de la barbarie. Ven\u00edamos de ver a Estopa en &#8216;Tele-Pedro&#8217; en zapatillas de deporte y a Cristina Pedroche aparecer vestida como si se hubiera precipitado por un patio y se hubiera llevado, en su ca\u00edda, ropa de todos los tendederos, como dijo Rebeca Argudo.<\/p>\n<p class=\"voc-p\" style=\"\">Estaba yo pensando que las formas lo son todo y que en un pa\u00eds se empieza por vestir zapatillas de deporte para presentar las campanadas y se termina asaltando el poder judicial, cuando me encontr\u00e9 con N\u00e9zet-S\u00e9guin <strong>vestido de mamarracho en Viena<\/strong> y me entraron ganas de salir a hacer una barricada con coches, tarea que podr\u00eda llevar a cabo porque ya he observado c\u00f3mo se hace.<\/p>\n<p class=\"voc-p\" style=\"\">Despu\u00e9s me anim\u00e9, porque el bandido de N\u00e9zet-S\u00e9guin lo bord\u00f3 y lo cierto es que me rob\u00f3 el coraz\u00f3n con su sensibilidad y su entusiasmo; mejor hubiera estado bien vestido. Pero el problema no era \u00e9l: es lo que vendr\u00e1 despu\u00e9s. El Concierto de Viena <strong>es lo que es porque resulta intocable<\/strong>, y en la continuidad de todo lo que rodea a su retransmisi\u00f3n vivimos, durante un tiempo al a\u00f1o, la fabulaci\u00f3n de que nuestro mundo y nosotros mismos no nos derrumbamos sin soluci\u00f3n. Porque sabes que perdiste a tu padre, que tu madre es mayor, que hoy no est\u00e1s con ella, que hace tiempo que no hablas con tus amigos, que te est\u00e1s haciendo viejo, que los ni\u00f1os crecen demasiado r\u00e1pido, que te has vuelto duro y, por lo tanto, quebradizo por el inmisericorde transcurrir del tiempo. <\/p>\n<p class=\"voc-p\" style=\"\">S\u00ed; pero cada a\u00f1o <strong>puedes volver a ser aquel ni\u00f1o en pijama y bata <\/strong>bailando &#8216;El Danubio azul&#8217; y dej\u00e1ndote las manos con la &#8216;Marcha Radetzky&#8217;, como Maris\u00fa Montero ante un estriptis de Pedro S\u00e1nchez. Porque la vida es maravillarse y a\u00fan puedo hacerlo cada 1 de enero, rodeado por mi familia, rendido ante toda esa belleza, esa tradici\u00f3n y eso que llaman civilizaci\u00f3n.<\/p>\n<p class=\"voc-p\" style=\"\">Mucho ojo con tocarla, porque uno empieza visti\u00e9ndose de domador de leones para dirigir una orquesta e incluye dos nuevos temas de compositoras para retratar el olvidado papel de la mujer en el mundo de la m\u00fasica y termina convirtiendo el Concierto de Viena en una batucada por los ni\u00f1os de Gaza, con coreograf\u00eda de esas en las que el violador eres t\u00fa. <\/p>\n<p class=\"voc-p\" style=\"\"><strong>Modificar la tradici\u00f3n para mejorarla es destruirla<\/strong>, porque hay cosas que, pudiendo, no se deben mejorar, o dentro de un tiempo el del oboe llevar\u00e1 una sand\u00eda en la solapa, una chapa de Perro Sanxe, y se celebrar\u00e1 en un pabell\u00f3n de balonmano para que quepa m\u00e1s gente, pues no es justo que puedan ir los ricos japoneses y no los ni\u00f1os de Jan Yunis que traen los de las juventudes de Sortu. Pondr\u00e1n pancartas contra Ayuso, versionar\u00e1n el &#8216;Gangnam style&#8217;, o como Dios quiera que se llame, porque se ha cumplido el centenario de su compositor, o la de las tetas de Rigoberta. Bien pensado, Viena ser\u00e1 Eurovisi\u00f3n. La gracia no es que el Concierto de A\u00f1o Nuevo sea cada vez mejor: es que sea el mismo de siempre.<\/p>\n","protected":false},"excerpt":{"rendered":"Apareci\u00f3 el director canadiense Yannick N\u00e9zet-S\u00e9guin en pantalla, vestido de acr\u00f3bata de circo barato o de novio adolescente&hellip;\n","protected":false},"author":2,"featured_media":318037,"comment_status":"","ping_status":"","sticky":false,"template":"","format":"standard","meta":{"footnotes":""},"categories":[5],"tags":[1611,17,18,28692,2339,25,24,13,14,11,19,20,9,10,15,16,524,23,12,21,22],"class_list":{"0":"post-318036","1":"post","2":"type-post","3":"status-publish","4":"format-standard","5":"has-post-thumbnail","7":"category-titulares","8":"tag-ano","9":"tag-breaking-news","10":"tag-breakingnews","11":"tag-cargado","12":"tag-concierto","13":"tag-es","14":"tag-espana","15":"tag-featured-news","16":"tag-featurednews","17":"tag-headlines","18":"tag-latest-news","19":"tag-latestnews","20":"tag-news","21":"tag-noticias","22":"tag-noticias-destacadas","23":"tag-noticiasdestacadas","24":"tag-nuevo","25":"tag-spain","26":"tag-titulares","27":"tag-ultimas-noticias","28":"tag-ultimasnoticias"},"share_on_mastodon":{"url":"https:\/\/pubeurope.com\/@es\/115822150457218737","error":""},"_links":{"self":[{"href":"https:\/\/www.europesays.com\/es\/wp-json\/wp\/v2\/posts\/318036","targetHints":{"allow":["GET"]}}],"collection":[{"href":"https:\/\/www.europesays.com\/es\/wp-json\/wp\/v2\/posts"}],"about":[{"href":"https:\/\/www.europesays.com\/es\/wp-json\/wp\/v2\/types\/post"}],"author":[{"embeddable":true,"href":"https:\/\/www.europesays.com\/es\/wp-json\/wp\/v2\/users\/2"}],"replies":[{"embeddable":true,"href":"https:\/\/www.europesays.com\/es\/wp-json\/wp\/v2\/comments?post=318036"}],"version-history":[{"count":0,"href":"https:\/\/www.europesays.com\/es\/wp-json\/wp\/v2\/posts\/318036\/revisions"}],"wp:featuredmedia":[{"embeddable":true,"href":"https:\/\/www.europesays.com\/es\/wp-json\/wp\/v2\/media\/318037"}],"wp:attachment":[{"href":"https:\/\/www.europesays.com\/es\/wp-json\/wp\/v2\/media?parent=318036"}],"wp:term":[{"taxonomy":"category","embeddable":true,"href":"https:\/\/www.europesays.com\/es\/wp-json\/wp\/v2\/categories?post=318036"},{"taxonomy":"post_tag","embeddable":true,"href":"https:\/\/www.europesays.com\/es\/wp-json\/wp\/v2\/tags?post=318036"}],"curies":[{"name":"wp","href":"https:\/\/api.w.org\/{rel}","templated":true}]}}