{"id":318038,"date":"2026-01-01T22:18:08","date_gmt":"2026-01-01T22:18:08","guid":{"rendered":"https:\/\/www.europesays.com\/es\/318038\/"},"modified":"2026-01-01T22:18:08","modified_gmt":"2026-01-01T22:18:08","slug":"golf-se-jugaron-los-ultimos-9-hoyos-del-ano","status":"publish","type":"post","link":"https:\/\/www.europesays.com\/es\/318038\/","title":{"rendered":"Golf: se jugaron los \u00faltimos 9 hoyos del a\u00f1o"},"content":{"rendered":"<p><strong>En el campo de golf del Club Atl\u00e9tico Estudiantes se jug\u00f3 el tradicional Medal Play 9 hoyos reservado para dos categor\u00edas.<\/strong><\/p>\n<p>\u00a0<\/p>\n<p>El Torneo \u201cFin de A\u00f1o\u201d tuvo muy buena afluencia pese al gran calor de la jornada y el ganador en Hasta 16 de H\u00e1ndicap fue Conrado Gonz\u00e1lez Pini con 35 golpes tras aventajar en el desempate autom\u00e1tico a Ramiro Derdoy. Marcelo Fabbi con 36 golpes complet\u00f3 el podio.<\/p>\n<p>\u00a0<\/p>\n<p>Jos\u00e9 Armendano con 32 golpes y tras imponerse en el desempate autom\u00e1tico ante Fernando Recalde y Sebasti\u00e1n Pacheco se impuso en De 17 al M\u00e1ximo.<\/p>\n<p>\u00a0<\/p>\n<p>Fuente: Prensa CAE<\/p>\n<p>\u00a0<\/p>\n","protected":false},"excerpt":{"rendered":"En el campo de golf del Club Atl\u00e9tico Estudiantes se jug\u00f3 el tradicional Medal Play 9 hoyos reservado&hellip;\n","protected":false},"author":2,"featured_media":318039,"comment_status":"","ping_status":"","sticky":false,"template":"","format":"standard","meta":{"footnotes":""},"categories":[275],"tags":[168,25,24,329,23,167],"class_list":{"0":"post-318038","1":"post","2":"type-post","3":"status-publish","4":"format-standard","5":"has-post-thumbnail","7":"category-golf","8":"tag-deportes","9":"tag-es","10":"tag-espana","11":"tag-golf","12":"tag-spain","13":"tag-sports"},"share_on_mastodon":{"url":"https:\/\/pubeurope.com\/@es\/115822166320002697","error":""},"_links":{"self":[{"href":"https:\/\/www.europesays.com\/es\/wp-json\/wp\/v2\/posts\/318038","targetHints":{"allow":["GET"]}}],"collection":[{"href":"https:\/\/www.europesays.com\/es\/wp-json\/wp\/v2\/posts"}],"about":[{"href":"https:\/\/www.europesays.com\/es\/wp-json\/wp\/v2\/types\/post"}],"author":[{"embeddable":true,"href":"https:\/\/www.europesays.com\/es\/wp-json\/wp\/v2\/users\/2"}],"replies":[{"embeddable":true,"href":"https:\/\/www.europesays.com\/es\/wp-json\/wp\/v2\/comments?post=318038"}],"version-history":[{"count":0,"href":"https:\/\/www.europesays.com\/es\/wp-json\/wp\/v2\/posts\/318038\/revisions"}],"wp:featuredmedia":[{"embeddable":true,"href":"https:\/\/www.europesays.com\/es\/wp-json\/wp\/v2\/media\/318039"}],"wp:attachment":[{"href":"https:\/\/www.europesays.com\/es\/wp-json\/wp\/v2\/media?parent=318038"}],"wp:term":[{"taxonomy":"category","embeddable":true,"href":"https:\/\/www.europesays.com\/es\/wp-json\/wp\/v2\/categories?post=318038"},{"taxonomy":"post_tag","embeddable":true,"href":"https:\/\/www.europesays.com\/es\/wp-json\/wp\/v2\/tags?post=318038"}],"curies":[{"name":"wp","href":"https:\/\/api.w.org\/{rel}","templated":true}]}}