{"id":318054,"date":"2026-01-01T22:29:09","date_gmt":"2026-01-01T22:29:09","guid":{"rendered":"https:\/\/www.europesays.com\/es\/318054\/"},"modified":"2026-01-01T22:29:09","modified_gmt":"2026-01-01T22:29:09","slug":"critica-de-abuela-tremenda-cine-de-buen-rollo","status":"publish","type":"post","link":"https:\/\/www.europesays.com\/es\/318054\/","title":{"rendered":"Cr\u00edtica de &#8216;Abuela tremenda&#8217;: cine de buen rollo"},"content":{"rendered":"<p><a class=\"v-mdl-ath__fig-a\" href=\"https:\/\/www.elcorreo.com\/autor\/borja-crespo-955.html\" title=\"Borja Crespo\" rel=\"nofollow noopener\" target=\"_blank\"><br \/>\n<img decoding=\"async\" class=\"v-mdl-ath__img\" src=\"https:\/\/www.europesays.com\/es\/wp-content\/uploads\/2025\/07\/autor-955-foto-5.png\" alt=\"Borja Crespo\"\/><br \/>\n<\/a><\/p>\n<p class=\"v-mdl-ath__p v-mdl-ath__p--6\">\nJueves, 1 de enero 2026, 20:01<\/p>\n<p class=\"v-p\">Comedias espa\u00f1olas con una familia como protagonista. La f\u00f3rmula, lejos de perder fuerza, no para de funcionar en las salas. La quinta entrega de la saga millonaria <a href=\"https:\/\/www.elcorreo.com\/pantallas\/cine\/padre-despedida-taylor-swift-rodolfo-chikilicuatre-20250625005752-ntrc.html\" data-voc-vtm-id=\"in-text-traffic\" title=\"&#039;Padre no hay m\u00e1s que uno&#039;\" rel=\"nofollow noopener\" target=\"_blank\">&#8216;Padre no hay m\u00e1s que uno&#8217;<\/a> ha sido la pel\u00edcula made in Spain m\u00e1s taquillera del a\u00f1o y hace unas semanas no le ha ido mal a &#8216;Cuerpos locos&#8217; en la cartelera, explotando viejos esquemas con Paz Padilla a la cabeza del reparto. Adem\u00e1s, la Navidad es una \u00e9poca ideal para las feel good movies, anglicismo bajo el cual se agrupan aquellos filmes, generalmente comedias para todos los p\u00fablicos, que buscan dejar un buen sabor de boca en el espectador medio, una sensaci\u00f3n agradable, de optimismo y felicidad a contracorriente. &#8216;Abuela tremenda&#8217;, \u00f3pera prima de Ana V\u00e1zquez, curtida tras la c\u00e1mara en series como &#8216;Bandolera&#8217; o &#8216;Zorras&#8217;, est\u00e1 protagonizada Elena Irureta y Toni Acosta, cuya evidente vis c\u00f3mica no se discute a estas alturas. La actriz vasca, que afortunadamente no para de trabajar -no se la pierdan en &#8216;Gaua&#8217;-, encarna a una abuela dicharachera que no duda en presentarse donde nadie le ha llamado con su caravana para dar vidilla al retiro rural de su hija y descendencia, con el correspondiente enredo. <\/p>\n<p class=\"v-p\">Carla Pastor (&#8216;La Navidad en sus manos&#8217;), Carlos Serrano (&#8216;Soy Nevenka&#8217;), Santiago Alver\u00fa (&#8216;Selfie&#8217;), Gorka Aguinagalde (&#8216;Sin instrucciones&#8217;), Kandido Uranga (&#8216;Maspalomas&#8217;), Esperanza Elipe (&#8216;Camera Caf\u00e9: la pel\u00edcula&#8217;) y Ram\u00f3n Ibarra (&#8216;El hombre de las mil caras&#8217;) completan el nutrido reparto principal. El guion va con el sello de Roberto Jim\u00e9nez, autor del libreto de &#8216;El casopl\u00f3n&#8217;, otro hit nacional.&#8217;Abuela tremenda&#8217; es \u00abuna historia llena de luz, diversi\u00f3n y amor\u00bb, seg\u00fan explica su directora, interesada en el proyecto desde el primer momento en que le ofrecieron el guion porque \u00abme daba la oportunidad de unir a tres generaciones de mujeres, abuela, hija y nieta que normalmente estamos separadas por ideas distintas de la vida. <\/p>\n<p class=\"v-p\">Adoro las comedias para ni\u00f1os que mezclan aventuras, slapstick y algo de conflicto social y la pel\u00edcula tiene todo esto. Adem\u00e1s, tengo la oportunidad de mostrar la incorrecci\u00f3n bastante ochentera de esta abuela y hacerla chocar con hoy en d\u00eda, creando situaciones hilarantes y tiernas, a la vez\u00ab. La abuela desvergonzada saca de quicio a su hija mientras su nieta le aplaude las gracias. Pone todo patas arriba y, a su vez, indirectamente, coloca algunas cosas en su sitio. El caos da pie al entendimiento y al cambio de vida.<\/p>\n<p>Reporta un error<\/p>\n","protected":false},"excerpt":{"rendered":"Jueves, 1 de enero 2026, 20:01 Comedias espa\u00f1olas con una familia como protagonista. La f\u00f3rmula, lejos de perder&hellip;\n","protected":false},"author":2,"featured_media":318055,"comment_status":"","ping_status":"","sticky":false,"template":"","format":"standard","meta":{"footnotes":""},"categories":[169],"tags":[20265,5436,177,1497,146,147,25,24,176,175,38330,23,30713],"class_list":{"0":"post-318054","1":"post","2":"type-post","3":"status-publish","4":"format-standard","5":"has-post-thumbnail","7":"category-cine","8":"tag-abuela","9":"tag-buen","10":"tag-cine","11":"tag-critica","12":"tag-entertainment","13":"tag-entretenimiento","14":"tag-es","15":"tag-espana","16":"tag-film","17":"tag-movies","18":"tag-rollo","19":"tag-spain","20":"tag-tremenda"},"share_on_mastodon":{"url":"https:\/\/pubeurope.com\/@es\/115822209666312712","error":""},"_links":{"self":[{"href":"https:\/\/www.europesays.com\/es\/wp-json\/wp\/v2\/posts\/318054","targetHints":{"allow":["GET"]}}],"collection":[{"href":"https:\/\/www.europesays.com\/es\/wp-json\/wp\/v2\/posts"}],"about":[{"href":"https:\/\/www.europesays.com\/es\/wp-json\/wp\/v2\/types\/post"}],"author":[{"embeddable":true,"href":"https:\/\/www.europesays.com\/es\/wp-json\/wp\/v2\/users\/2"}],"replies":[{"embeddable":true,"href":"https:\/\/www.europesays.com\/es\/wp-json\/wp\/v2\/comments?post=318054"}],"version-history":[{"count":0,"href":"https:\/\/www.europesays.com\/es\/wp-json\/wp\/v2\/posts\/318054\/revisions"}],"wp:featuredmedia":[{"embeddable":true,"href":"https:\/\/www.europesays.com\/es\/wp-json\/wp\/v2\/media\/318055"}],"wp:attachment":[{"href":"https:\/\/www.europesays.com\/es\/wp-json\/wp\/v2\/media?parent=318054"}],"wp:term":[{"taxonomy":"category","embeddable":true,"href":"https:\/\/www.europesays.com\/es\/wp-json\/wp\/v2\/categories?post=318054"},{"taxonomy":"post_tag","embeddable":true,"href":"https:\/\/www.europesays.com\/es\/wp-json\/wp\/v2\/tags?post=318054"}],"curies":[{"name":"wp","href":"https:\/\/api.w.org\/{rel}","templated":true}]}}