{"id":318068,"date":"2026-01-01T22:36:17","date_gmt":"2026-01-01T22:36:17","guid":{"rendered":"https:\/\/www.europesays.com\/es\/318068\/"},"modified":"2026-01-01T22:36:17","modified_gmt":"2026-01-01T22:36:17","slug":"la-borrasca-francis-impacta-en-canarias-carreteras-cortadas-vuelos-cancelados-y-alerta-por-lluvias-viento-y-fenomenos-costeros-en-directo","status":"publish","type":"post","link":"https:\/\/www.europesays.com\/es\/318068\/","title":{"rendered":"La Borrasca Francis impacta en Canarias: carreteras cortadas, vuelos cancelados y alerta por lluvias, viento y fen\u00f3menos costeros, en directo"},"content":{"rendered":"<p>Actualizaciones de la borrasca Francis en Canarias<\/p>\n<p class=\"v-p \">\nLas \u00faltimas actualizaciones indican que la borrasca Francis contin\u00faa dejando un notable impacto en Canarias, con rachas de viento superiores a los 90 kil\u00f3metros por hora en las cumbres de Gran Canaria, Tenerife y El Hierro, alcanz\u00e1ndose 81 kil\u00f3metros por hora en Agaete, en el norte de Gran Canaria. En La Palma se han cancelado cinco vuelos con conexiones en Tenerife Norte y Tenerife Sur, mientras que en La Gomera se registra lluvia ininterrumpida y peque\u00f1os desprendimientos en la carretera del sur. En El Hierro, el viento es el principal protagonista, manteniendo fuerte oleaje en la costa, provocando desprendimientos en algunas carreteras y retrasos en un vuelo procedente de Tenerife Norte. <\/p>\n<p class=\"v-p is-hidden\" is-hidden=\"\">\nLas lluvias llegar\u00e1n a Gran Canaria bien entrada la tarde y, ya por la noche, a Lanzarote y Fuerteventura, donde el viento y el oleaje ser\u00e1n los fen\u00f3menos m\u00e1s destacados; en el caso de Lanzarote, los efectos de la borrasca se esperan a partir de las 22.00 horas. Hasta el momento no se han registrado incidencias en las operaciones de los puertos canarios, aunque los puntos m\u00e1s cr\u00edticos de la tarde-noche ser\u00e1n Tenerife y Gran Canaria, donde se prev\u00e9n fuertes precipitaciones y se pide especial atenci\u00f3n a posibles desprendimientos, seg\u00fan advierten los servicios meteorol\u00f3gicos.<\/p>\n","protected":false},"excerpt":{"rendered":"Actualizaciones de la borrasca Francis en Canarias Las \u00faltimas actualizaciones indican que la borrasca Francis contin\u00faa dejando un&hellip;\n","protected":false},"author":2,"featured_media":318069,"comment_status":"","ping_status":"","sticky":false,"template":"","format":"standard","meta":{"footnotes":""},"categories":[8],"tags":[3830,45206,17,18,1896,815,11052,2125,25,24,13,14,27045,11,1458,19,20,6194,9,16248,10,15,16,23,12,1885,21,22],"class_list":{"0":"post-318068","1":"post","2":"type-post","3":"status-publish","4":"format-standard","5":"has-post-thumbnail","7":"category-espana","8":"tag-alerta","9":"tag-borrasca","10":"tag-breaking-news","11":"tag-breakingnews","12":"tag-canarias","13":"tag-carreteras","14":"tag-cortadas","15":"tag-directo","16":"tag-es","17":"tag-espana","18":"tag-featured-news","19":"tag-featurednews","20":"tag-francis","21":"tag-headlines","22":"tag-hora","23":"tag-latest-news","24":"tag-latestnews","25":"tag-lluvias","26":"tag-news","27":"tag-nieve","28":"tag-noticias","29":"tag-noticias-destacadas","30":"tag-noticiasdestacadas","31":"tag-spain","32":"tag-titulares","33":"tag-ultima","34":"tag-ultimas-noticias","35":"tag-ultimasnoticias"},"share_on_mastodon":{"url":"https:\/\/pubeurope.com\/@es\/115822237018661037","error":""},"_links":{"self":[{"href":"https:\/\/www.europesays.com\/es\/wp-json\/wp\/v2\/posts\/318068","targetHints":{"allow":["GET"]}}],"collection":[{"href":"https:\/\/www.europesays.com\/es\/wp-json\/wp\/v2\/posts"}],"about":[{"href":"https:\/\/www.europesays.com\/es\/wp-json\/wp\/v2\/types\/post"}],"author":[{"embeddable":true,"href":"https:\/\/www.europesays.com\/es\/wp-json\/wp\/v2\/users\/2"}],"replies":[{"embeddable":true,"href":"https:\/\/www.europesays.com\/es\/wp-json\/wp\/v2\/comments?post=318068"}],"version-history":[{"count":0,"href":"https:\/\/www.europesays.com\/es\/wp-json\/wp\/v2\/posts\/318068\/revisions"}],"wp:featuredmedia":[{"embeddable":true,"href":"https:\/\/www.europesays.com\/es\/wp-json\/wp\/v2\/media\/318069"}],"wp:attachment":[{"href":"https:\/\/www.europesays.com\/es\/wp-json\/wp\/v2\/media?parent=318068"}],"wp:term":[{"taxonomy":"category","embeddable":true,"href":"https:\/\/www.europesays.com\/es\/wp-json\/wp\/v2\/categories?post=318068"},{"taxonomy":"post_tag","embeddable":true,"href":"https:\/\/www.europesays.com\/es\/wp-json\/wp\/v2\/tags?post=318068"}],"curies":[{"name":"wp","href":"https:\/\/api.w.org\/{rel}","templated":true}]}}