{"id":318070,"date":"2026-01-01T22:37:10","date_gmt":"2026-01-01T22:37:10","guid":{"rendered":"https:\/\/www.europesays.com\/es\/318070\/"},"modified":"2026-01-01T22:37:10","modified_gmt":"2026-01-01T22:37:10","slug":"la-alcaldesa-visita-a-una-de-las-usuarias-mas-veteranas-del-servicio-de-ayuda-a-domicilio","status":"publish","type":"post","link":"https:\/\/www.europesays.com\/es\/318070\/","title":{"rendered":"La alcaldesa visita a una de las usuarias m\u00e1s veteranas del servicio de ayuda a domicilio"},"content":{"rendered":"<tr>\n<td>\n\t\t\t\t\t\t<img decoding=\"async\" src=\"https:\/\/www.europesays.com\/es\/wp-content\/uploads\/2026\/01\/visita_usuaria_ayuda_a_domicilio_diciemebre_2025.jpeg\" alt=\"noticias\/imagen-asociada\/2026\/01\/visita_usuaria_ayuda_a_domicilio_diciemebre_2025.jpeg\" class=\"col-xs-12 col-md-12 img-responsive img-left\"\/>\n\t\t\t\t\t<\/td>\n<\/tr>\n<p class=\"lead\">\n\t\t\t\tDurante 2025, la empresa Domusvi, prestadora del servicio, ha atendido a un total de 1.237 usuarios del municipio, para su atenci\u00f3n tanto personal como dom\u00e9stica\t\t\t<\/p>\n<p style=\"text-align: justify;\">La alcaldesa de Santander, Gema Igual, ha visitado hoy a Mar\u00eda Jes\u00fas Canal, una de las usuarias m\u00e1s veteranas del servicio de ayuda a domicilio.<\/p>\n<p style=\"text-align: justify;\">Durante la visita, Igual ha destacado de esta mujer su \u201cvitalidad\u201d ya que con sus 91 a\u00f1os pinta cuadros, hace cer\u00e1mica y aprovecha para vender sus obras. \u201cEs una mujer muy creativa\u201d, ha subrayado.<\/p>\n<p style=\"text-align: justify;\">La regidora ha compartido un rato con la mujer, con la que ha charlado animadamente, y le ha agradecido la confianza depositada en el servicio, que en 2025 ha atendido a un total de 1.237 usuarios del municipio, para su atenci\u00f3n tanto personal como dom\u00e9stica.<\/p>\n<p style=\"text-align: justify;\">Tal y como ha detallado Igual, del total de personas atendidas, 952 son mujeres y 285 hombres. Adem\u00e1s, a lo largo del a\u00f1o, ha habido un total de 219 usuarios nuevos que han comenzado a recibir el servicio, incorpor\u00e1ndose al SAD municipal.<\/p>\n<p style=\"text-align: justify;\">Adem\u00e1s de esta atenci\u00f3n, se han llevado a cabo otros servicios con intervenciones tanto psico-educativas como educativas. En concreto, un total de 25 casos atendidos, de los cuales han sido psico-educativos 10 y educativos, 15.<\/p>\n<p style=\"text-align: justify;\">Durante la visita, la regidora ha informado de que durante este a\u00f1o tambi\u00e9n se han llevado a cabo una serie de mejoras para los usuarios del SAD municipal. Entre ellas, se han realizado servicios de pedicura y peluquer\u00eda para aquellos que lo solicitaron. En concreto, ha explicado que un total de 170 personas recibieron el servicio de pedicura y otras 79 recibieron el servicio de peluquer\u00eda.<\/p>\n<p style=\"text-align: justify;\">El servicio, gestionado por la empresa Domusvi, comprende el apoyo en actividades de car\u00e1cter personal, dom\u00e9stico y socio-educativo a personas y familias de Santander, previamente evaluadas y seleccionadas desde la Concejal\u00eda de Servicios Sociales.<\/p>\n<p style=\"text-align: justify;\">Las tareas que se realizan se dividen en cuatro bloques: de atenci\u00f3n personal, de car\u00e1cter dom\u00e9stico; de ayuda en la vida social; y de apoyo en la organizaci\u00f3n familiar.<\/p>\n<p style=\"text-align: justify;\">Con respecto al primero, se trata de colaborar o realizar el aseo y vestido, ayuda a la movilizaci\u00f3n, control de medicaci\u00f3n (no se incluye la realizaci\u00f3n de curas y administraci\u00f3n de medicamentos por v\u00eda parenteral o en general, cualquier otra actuaci\u00f3n para la que sea exigible titulaci\u00f3n de car\u00e1cter sanitario), etc..; mientras que el de car\u00e1cter dom\u00e9stico consiste en la realizaci\u00f3n o colaboraci\u00f3n en la ejecuci\u00f3n de las tareas dom\u00e9sticas que los usuarios no puedan realizar o para las que necesiten ayuda como la limpieza cotidiana, lavado y planchado de ropa, elaboraci\u00f3n de comida, hacer la compra, etc\u2026<\/p>\n<p style=\"text-align: justify;\">Asimismo, con respecto a la ayuda en la vida social, se les acompa\u00f1a en los paseos, y en la realizaci\u00f3n de gestiones.<\/p>\n<p style=\"text-align: justify;\">Por \u00faltimo, se les apoya en la organizaci\u00f3n familiar, fomento de destrezas y h\u00e1bitos saludables, as\u00ed como en habilidades parentales.<\/p>\n","protected":false},"excerpt":{"rendered":"Durante 2025, la empresa Domusvi, prestadora del servicio, ha atendido a un total de 1.237 usuarios del municipio,&hellip;\n","protected":false},"author":2,"featured_media":318071,"comment_status":"","ping_status":"","sticky":false,"template":"","format":"standard","meta":{"footnotes":""},"categories":[5],"tags":[17,18,25,24,13,14,11,19,20,9,10,15,16,23,12,21,22],"class_list":{"0":"post-318070","1":"post","2":"type-post","3":"status-publish","4":"format-standard","5":"has-post-thumbnail","7":"category-titulares","8":"tag-breaking-news","9":"tag-breakingnews","10":"tag-es","11":"tag-espana","12":"tag-featured-news","13":"tag-featurednews","14":"tag-headlines","15":"tag-latest-news","16":"tag-latestnews","17":"tag-news","18":"tag-noticias","19":"tag-noticias-destacadas","20":"tag-noticiasdestacadas","21":"tag-spain","22":"tag-titulares","23":"tag-ultimas-noticias","24":"tag-ultimasnoticias"},"share_on_mastodon":{"url":"https:\/\/pubeurope.com\/@es\/115822240895208790","error":""},"_links":{"self":[{"href":"https:\/\/www.europesays.com\/es\/wp-json\/wp\/v2\/posts\/318070","targetHints":{"allow":["GET"]}}],"collection":[{"href":"https:\/\/www.europesays.com\/es\/wp-json\/wp\/v2\/posts"}],"about":[{"href":"https:\/\/www.europesays.com\/es\/wp-json\/wp\/v2\/types\/post"}],"author":[{"embeddable":true,"href":"https:\/\/www.europesays.com\/es\/wp-json\/wp\/v2\/users\/2"}],"replies":[{"embeddable":true,"href":"https:\/\/www.europesays.com\/es\/wp-json\/wp\/v2\/comments?post=318070"}],"version-history":[{"count":0,"href":"https:\/\/www.europesays.com\/es\/wp-json\/wp\/v2\/posts\/318070\/revisions"}],"wp:featuredmedia":[{"embeddable":true,"href":"https:\/\/www.europesays.com\/es\/wp-json\/wp\/v2\/media\/318071"}],"wp:attachment":[{"href":"https:\/\/www.europesays.com\/es\/wp-json\/wp\/v2\/media?parent=318070"}],"wp:term":[{"taxonomy":"category","embeddable":true,"href":"https:\/\/www.europesays.com\/es\/wp-json\/wp\/v2\/categories?post=318070"},{"taxonomy":"post_tag","embeddable":true,"href":"https:\/\/www.europesays.com\/es\/wp-json\/wp\/v2\/tags?post=318070"}],"curies":[{"name":"wp","href":"https:\/\/api.w.org\/{rel}","templated":true}]}}