{"id":318080,"date":"2026-01-01T22:46:09","date_gmt":"2026-01-01T22:46:09","guid":{"rendered":"https:\/\/www.europesays.com\/es\/318080\/"},"modified":"2026-01-01T22:46:09","modified_gmt":"2026-01-01T22:46:09","slug":"gattoni-adelanta-su-regreso-y-se-convierte-en-la-primera-llegada-del-2026","status":"publish","type":"post","link":"https:\/\/www.europesays.com\/es\/318080\/","title":{"rendered":"Gattoni adelanta su regreso y se convierte en la primera llegada del 2026"},"content":{"rendered":"<p>El central argentino ya se ha incorporado a las sesiones de entrenamiento tras una infructuosa cesi\u00f3n en River Plate que no sirvi\u00f3 para convencerlos<\/p>\n<p class=\"parrafo\">A\u00f1o nuevo, \u00bfvida nueva? El <strong>Sevilla FC<\/strong> abandona de forma oficial un 2025 negativo para la entidad, donde los fantasmas de Segunda Divisi\u00f3n volvieron a estar muy cercanos. Sin embargo, en la entidad saben que ya hay sensaciones muy distintas, gracias tambi\u00e9n a los cambios que as\u00ed lo han permitido. Estos tienen dos nombres propios, como son <strong>Antonio Cord\u00f3n<\/strong> y <strong>Mat\u00edas Almeyda<\/strong>, y tambi\u00e9n son los dos hombres que cuentan con la confianza del sevillismo para poder evitar un descalabro de grandes proporciones. El actual d\u00e9cimo puesto en la tabla muestra ese cambio de tendencia y, en m\u00e1s de una uva comida la pasada noche, los deseos iban encaminados en ese sentido. Es \u00e9poca tambi\u00e9n de regresos, y eso lo ha querido protagonizar<strong> Gattoni<\/strong>.<\/p>\n<p class=\"parrafo\">La \u00faltima sesi\u00f3n del a\u00f1o 2025, como si de un regalo se tratase, trajo consigo la reincorporaci\u00f3n de Peque Fern\u00e1ndez a los entrenamientos. El catal\u00e1n estuvo fuera debido a que se encontraba recuper\u00e1ndose de un proceso febril, por lo que no exist\u00eda preocupaci\u00f3n por una posible lesi\u00f3n muscular. Las bajas, en este sentido, fueron las de <strong>Rub\u00e9n Vargas, Akor Adams, Ejuke y Suazo<\/strong>. Una situaci\u00f3n algo m\u00e1s halag\u00fce\u00f1a incluso si se compara con semanas anteriores, donde el equipo tuvo que hacer uso de numerosos jugadores de la cantera. <\/p>\n<p class=\"parrafo\">Y ese cambio de a\u00f1o parece haberse significado en regresos. Fede Gattoni, tras una infructuosa cesi\u00f3n en River Plate, ha regresado a los entrenamientos con el primer equipo sevillista. En <strong>ESTADIO Deportivo<\/strong> contamos que su aparici\u00f3n sobre el c\u00e9sped se producir\u00eda en estos primeros d\u00edas de enero y el central no ha fallado a su cita. Tal y como hemos podido conocer, el argentino <strong>ha adelantado su fecha de regreso<\/strong> a las sesiones con Mat\u00edas Almeyda, de lo que ten\u00edan previsto en el club. Su situaci\u00f3n, sin embargo, es <strong>complicada<\/strong>, ya que es m\u00e1s que probable que Federico tenga que buscar hueco en otro lugar. <\/p>\n<p><a class=\"elementos-rel-t2\" href=\"https:\/\/www.estadiodeportivo.com\/futbol\/sevilla-fc\/fecha-para-vuelta-gattoni-sevilla-argumento-para-convencer-almeyda-20251229-525073.html\" title=\"Fecha para la vuelta de Gattoni al Sevilla y su argumento para convencer a Almeyda\" rel=\"nofollow noopener\" target=\"_blank\"><\/p>\n<p class=\"titular titulo-4\">Fecha para la vuelta de Gattoni al Sevilla y su argumento para convencer a Almeyda<\/p>\n<p><img decoding=\"async\" src=\"https:\/\/www.europesays.com\/es\/wp-content\/uploads\/2026\/01\/0f1a0316-161a-4534-90e2-26f330c11213_320x180.jpeg\" alt=\"Fecha para la vuelta de Gattoni al Sevilla y su argumento para convencer a Almeyda\"\/><\/a><a class=\"elementos-rel-t2\" href=\"https:\/\/www.estadiodeportivo.com\/futbol\/sevilla-fc\/intencion-fabio-cardoso-ante-compleja-situacion-sevilla-quiere-mas-20260101-525370.html\" title=\"La intenci\u00f3n de F\u00e1bio Cardoso ante su compleja situaci\u00f3n en el Sevilla: &quot;Quiere m\u00e1s&quot;\" rel=\"nofollow noopener\" target=\"_blank\"><\/p>\n<p class=\"titular titulo-4\">La intenci\u00f3n de F\u00e1bio Cardoso ante su compleja situaci\u00f3n en el Sevilla: \u00abQuiere m\u00e1s\u00bb<\/p>\n<p><img decoding=\"async\" src=\"https:\/\/www.europesays.com\/es\/wp-content\/uploads\/2026\/01\/99238990-59fe-4412-b78c-cefcf8897e4b_320x180.jpeg\" alt=\"La intenci\u00f3n de F\u00e1bio Cardoso ante su compleja situaci\u00f3n en el Sevilla: &quot;Quiere m\u00e1s&quot;\"\/><\/a><\/p>\n<p class=\"parrafo\">Por el resto de noticias, no ha habido <strong>ninguna novedad rese\u00f1able<\/strong>, ya que se mantienen las mismas bajas que ya estuvieron en el d\u00eda de ayer. De esta forma, el Sevilla FC estrena a\u00f1o con una nueva \u00abincorporaci\u00f3n\u00bb, que se ha mostrado muy cercano a uno de los canteranos que m\u00e1s sorprendiendo en estas \u00faltimas jornadas, como es <strong>Oso<\/strong>. Habr\u00e1 que ver lo que pasa con el argentino, que no ha conseguido convencer en su aventura en Argentina. El central fue uno de los <strong>\u00faltimos fichajes de Monchi<\/strong>, aterrizando procedente de San Lorenzo. A pesar del cartel que ten\u00eda, el<strong> salto a Europa<\/strong> parece haberle quedado algo grande.  <\/p>\n","protected":false},"excerpt":{"rendered":"El central argentino ya se ha incorporado a las sesiones de entrenamiento tras una infructuosa cesi\u00f3n en River&hellip;\n","protected":false},"author":2,"featured_media":318081,"comment_status":"","ping_status":"","sticky":false,"template":"","format":"standard","meta":{"footnotes":""},"categories":[268],"tags":[168,25,24,284,280,282,2993,281,23,167],"class_list":{"0":"post-318080","1":"post","2":"type-post","3":"status-publish","4":"format-standard","5":"has-post-thumbnail","7":"category-futbol","8":"tag-deportes","9":"tag-es","10":"tag-espana","11":"tag-estadio-deportivo","12":"tag-football","13":"tag-futbol","14":"tag-sevilla-futbol-club","15":"tag-soccer","16":"tag-spain","17":"tag-sports"},"share_on_mastodon":{"url":"https:\/\/pubeurope.com\/@es\/115822276543900149","error":""},"_links":{"self":[{"href":"https:\/\/www.europesays.com\/es\/wp-json\/wp\/v2\/posts\/318080","targetHints":{"allow":["GET"]}}],"collection":[{"href":"https:\/\/www.europesays.com\/es\/wp-json\/wp\/v2\/posts"}],"about":[{"href":"https:\/\/www.europesays.com\/es\/wp-json\/wp\/v2\/types\/post"}],"author":[{"embeddable":true,"href":"https:\/\/www.europesays.com\/es\/wp-json\/wp\/v2\/users\/2"}],"replies":[{"embeddable":true,"href":"https:\/\/www.europesays.com\/es\/wp-json\/wp\/v2\/comments?post=318080"}],"version-history":[{"count":0,"href":"https:\/\/www.europesays.com\/es\/wp-json\/wp\/v2\/posts\/318080\/revisions"}],"wp:featuredmedia":[{"embeddable":true,"href":"https:\/\/www.europesays.com\/es\/wp-json\/wp\/v2\/media\/318081"}],"wp:attachment":[{"href":"https:\/\/www.europesays.com\/es\/wp-json\/wp\/v2\/media?parent=318080"}],"wp:term":[{"taxonomy":"category","embeddable":true,"href":"https:\/\/www.europesays.com\/es\/wp-json\/wp\/v2\/categories?post=318080"},{"taxonomy":"post_tag","embeddable":true,"href":"https:\/\/www.europesays.com\/es\/wp-json\/wp\/v2\/tags?post=318080"}],"curies":[{"name":"wp","href":"https:\/\/api.w.org\/{rel}","templated":true}]}}