{"id":318082,"date":"2026-01-01T22:47:11","date_gmt":"2026-01-01T22:47:11","guid":{"rendered":"https:\/\/www.europesays.com\/es\/318082\/"},"modified":"2026-01-01T22:47:11","modified_gmt":"2026-01-01T22:47:11","slug":"david-beckham-recuerda-a-su-hijo-brooklyn-tras-dejarlo-fuera-de-su-mensaje-de-ano-nuevo","status":"publish","type":"post","link":"https:\/\/www.europesays.com\/es\/318082\/","title":{"rendered":"David Beckham recuerda a su hijo Brooklyn tras dejarlo fuera de su mensaje de A\u00f1o Nuevo"},"content":{"rendered":"<p>\n          David Beckham recuerda a Brooklyn tras omitirlo en su mensaje de A\u00f1o Nuevo<\/p>\n<p><b> <a class=\"Link\" href=\"https:\/\/www.quien.com\/espectaculos\/2025\/12\/25\/la-razon-por-la-que-brooklyn-beckham-bloqueo-a-david-y-victoria-beckham-antes-de-navidad?utm_source=internal&amp;utm_medium=link-recommended\" target=\"_blank\" rel=\"nofollow noopener\">David Beckham<\/a>  <\/b> comparti\u00f3 en sus historias de Instagram fotos antiguas junto a sus hijos, inclu\u00eddo <b> <a class=\"Link\" href=\"https:\/\/www.quien.com\/espectaculos\/2025\/12\/22\/tension-en-la-familia-beckham-brooklyn-beckham-bloquea-a-david-y-victoria-de-instagram?utm_source=internal&amp;utm_medium=link-recommended\" target=\"_blank\" rel=\"nofollow noopener\">Brooklyn Peltz Beckham<\/a>  <\/b>, apenas unas horas despu\u00e9s de haber omitido al primog\u00e9nito en su publicaci\u00f3n de balance de 2025, en medio de su conflicto familiar.<\/p>\n<p>             <img loading=\"lazy\" decoding=\"async\" src=\"https:\/\/www.europesays.com\/es\/wp-content\/uploads\/2026\/01\/1767307630_123_.webp\" class=\"lazyload\" alt=\"Brooklyn Beckham y David Beckham\"  width=\"1200\" height=\"1314\"\/> <\/p>\n<p>              Brooklyn Beckham y David Beckham<br \/>\n              (Instagram)<\/p>\n<p>\u00abEstoy muy agradecido por mi familia. Los amo a todos\u00bb, escribi\u00f3 <b>David <\/b>junto a una foto antigua con su hijo <b>Cruz<\/b>. \u00abTengo mucha suerte de tener mi incre\u00edble familia\u00bb, titul\u00f3 la siguiente historia con su hijo <b>Romeo<\/b>.<\/p>\n<p>             <img loading=\"lazy\" decoding=\"async\" src=\"https:\/\/www.europesays.com\/es\/wp-content\/uploads\/2026\/01\/1767307631_18_.webp\" class=\"lazyload\" alt=\"Familia Beckham\"  width=\"1200\" height=\"1200\"\/> <\/p>\n<p>              Familia Beckham<br \/>\n              (Intagram)<\/p>\n<p>Su siguiente publicaci\u00f3n fue una foto de \u00e9l con <b>Brooklyn<\/b>: \u201cLos amo mucho a todos\u201d, escribi\u00f3 encima de la imagen, agregando un emoji de coraz\u00f3n. Luego, <b>David <\/b>comparti\u00f3 una fotograf\u00eda de \u00e9l cargando a su hija Harper cuando era un beb\u00e9 y escribi\u00f3: \u00abSoy un pap\u00e1 muy afortunado\u00bb.<\/p>\n<p>             <img loading=\"lazy\" decoding=\"async\" src=\"https:\/\/www.europesays.com\/es\/wp-content\/uploads\/2026\/01\/1767307631_370_.webp\" class=\"lazyload\" alt=\"Vitoria Beckham\"  width=\"1200\" height=\"1370\"\/> <\/p>\n<p>              Vitoria Beckham y sus hijos<br \/>\n              (Instagram)<\/p>\n<p><b>Beckham <\/b>concluy\u00f3 con una fotograf\u00eda de su esposa, Victoria, recostada con sus cuatro hijos en un sof\u00e1: \u00abSon mi vida\u00bb, escribi\u00f3. \u00abLos amo a todos, con amor, papi. Hacia el 2026\u201d, concluy\u00f3.<\/p>\n","protected":false},"excerpt":{"rendered":"David Beckham recuerda a Brooklyn tras omitirlo en su mensaje de A\u00f1o Nuevo David Beckham comparti\u00f3 en sus&hellip;\n","protected":false},"author":2,"featured_media":318083,"comment_status":"","ping_status":"","sticky":false,"template":"","format":"standard","meta":{"footnotes":""},"categories":[174],"tags":[3064,255,3062,74225,74226,146,147,25,24,2793,256,13415,23],"class_list":{"0":"post-318082","1":"post","2":"type-post","3":"status-publish","4":"format-standard","5":"has-post-thumbnail","7":"category-famosos","8":"tag-brooklyn-beckham","9":"tag-celebrities","10":"tag-david-beckham","11":"tag-david-beckham-incluye-a-brooklyn-en-sus-fotos","12":"tag-david-beckham-recuerda-a-brooklyn","13":"tag-entertainment","14":"tag-entretenimiento","15":"tag-es","16":"tag-espana","17":"tag-espectaculos","18":"tag-famosos","19":"tag-nicola-peltz","20":"tag-spain"},"share_on_mastodon":{"url":"https:\/\/pubeurope.com\/@es\/115822280301589634","error":""},"_links":{"self":[{"href":"https:\/\/www.europesays.com\/es\/wp-json\/wp\/v2\/posts\/318082","targetHints":{"allow":["GET"]}}],"collection":[{"href":"https:\/\/www.europesays.com\/es\/wp-json\/wp\/v2\/posts"}],"about":[{"href":"https:\/\/www.europesays.com\/es\/wp-json\/wp\/v2\/types\/post"}],"author":[{"embeddable":true,"href":"https:\/\/www.europesays.com\/es\/wp-json\/wp\/v2\/users\/2"}],"replies":[{"embeddable":true,"href":"https:\/\/www.europesays.com\/es\/wp-json\/wp\/v2\/comments?post=318082"}],"version-history":[{"count":0,"href":"https:\/\/www.europesays.com\/es\/wp-json\/wp\/v2\/posts\/318082\/revisions"}],"wp:featuredmedia":[{"embeddable":true,"href":"https:\/\/www.europesays.com\/es\/wp-json\/wp\/v2\/media\/318083"}],"wp:attachment":[{"href":"https:\/\/www.europesays.com\/es\/wp-json\/wp\/v2\/media?parent=318082"}],"wp:term":[{"taxonomy":"category","embeddable":true,"href":"https:\/\/www.europesays.com\/es\/wp-json\/wp\/v2\/categories?post=318082"},{"taxonomy":"post_tag","embeddable":true,"href":"https:\/\/www.europesays.com\/es\/wp-json\/wp\/v2\/tags?post=318082"}],"curies":[{"name":"wp","href":"https:\/\/api.w.org\/{rel}","templated":true}]}}