{"id":318101,"date":"2026-01-01T22:59:24","date_gmt":"2026-01-01T22:59:24","guid":{"rendered":"https:\/\/www.europesays.com\/es\/318101\/"},"modified":"2026-01-01T22:59:24","modified_gmt":"2026-01-01T22:59:24","slug":"feijoo-acepta-enviar-a-la-jueza-sus-mensajes-con-mazon-del-dia-de-la-dana-pero-cuestiona-su-peticion-espana","status":"publish","type":"post","link":"https:\/\/www.europesays.com\/es\/318101\/","title":{"rendered":"Feij\u00f3o acepta enviar a la jueza sus mensajes con Maz\u00f3n del d\u00eda de la dana, pero cuestiona su petici\u00f3n | Espa\u00f1a"},"content":{"rendered":"<p class=\"\">La conversaci\u00f3n entre Alberto N\u00fa\u00f1ez Feij\u00f3o y Carlos Maz\u00f3n durante la jornada de la tr\u00e1gica dana se desvelar\u00e1 en su totalidad en breve. El l\u00edder del PP ha confirmado, en una entrevista concedida a la agencia Servimedia publicada este jueves, que enviar\u00e1 otra acta notarial a la jueza Nuria Ruiz Tobarra de Catarroja con los mensajes que \u00e9l escribi\u00f3 al entonces president de la Comunidad Valenciana. Lo har\u00e1 tras haber remitido ya los whatsapp que le mand\u00f3 Maz\u00f3n y despu\u00e9s de que la instructora que investiga la gesti\u00f3n de la gota fr\u00eda que dej\u00f3 230 muertos en Valencia <a href=\"https:\/\/elpais.com\/espana\/comunidad-valenciana\/2025-12-29\/la-jueza-de-la-dana-admite-que-feijoo-testifique-de-forma-telematica-sobre-los-whatsapps-con-mazon-el-proximo-9-de-enero.html\" target=\"_self\" rel=\"nofollow noopener\" title=\"https:\/\/elpais.com\/espana\/comunidad-valenciana\/2025-12-29\/la-jueza-de-la-dana-admite-que-feijoo-testifique-de-forma-telematica-sobre-los-whatsapps-con-mazon-el-proximo-9-de-enero.html\">le solicitase \u201cla posibilidad de aportar voluntariamente\u201d \u00edntegramente las comunicaciones<\/a>. Aunque a Feij\u00f3o le parece \u201csorprendente\u201d dicha petici\u00f3n de la jueza.<\/p>\n<p class=\"\">En sus primeras declaraciones en el nuevo a\u00f1o, Feij\u00f3o adem\u00e1s vaticina que \u201cla agenda judicial\u201d del presidente del Gobierno, Pedro S\u00e1nchez, \u201cser\u00e1 todav\u00eda m\u00e1s dura\u201d en los pr\u00f3ximos 12 meses. Lo que podr\u00eda desembocar, a su juicio, en la convocatoria anticipada de elecciones generales. \u201cEs muy posible que S\u00e1nchez no pueda aguantar en 2026 y abramos una nueva \u00e9poca con elecciones\u201d, se\u00f1ala. Por su parte, el jefe de la oposici\u00f3n insiste en el ofrecimiento a los grupos de una moci\u00f3n de censura instrumental con el \u201c\u00fanico objetivo\u201d de convocar comicios acto seguido. El l\u00edder del PP incluso presume de un \u201ccontacto fluido y respetuoso\u201d con Junts a nivel parlamentario. Pero se niega a hacer concesiones a la formaci\u00f3n de Carles Puigdemont. \u201cNo les debo nada\u201d. En el Congreso, populares y posconvergentes han votado de la mano en varias ocasiones durante los \u00faltimos meses.<\/p>\n<p class=\"\">La entrevista, difundida este jueves para inaugurar el a\u00f1o, se realiz\u00f3 el lunes por la tarde. Esto es, apenas unas horas despu\u00e9s de que se conociera el auto en el que la jueza acepta que Feij\u00f3o declare como testigo por videoconferencia el pr\u00f3ximo d\u00eda 9. Y de que la instructora solicitase en ese mismo documento al l\u00edder del PP que remitiera los mensajes que \u00e9l envi\u00f3 a Maz\u00f3n en la conversaci\u00f3n mantenida por <a href=\"https:\/\/elpais.com\/espana\/2025-12-24\/feijoo-remite-a-la-jueza-sus-whatsapps-con-mazon-el-dia-de-la-dana-y-pide-declarar-por-via-telematica.html\" target=\"_self\" rel=\"nofollow noopener\" title=\"https:\/\/elpais.com\/espana\/2025-12-24\/feijoo-remite-a-la-jueza-sus-whatsapps-con-mazon-el-dia-de-la-dana-y-pide-declarar-por-via-telematica.html\">mensajer\u00eda telef\u00f3nica entre las 20.08 y las 23.29 horas del d\u00eda de la dana<\/a>, adem\u00e1s de los del expresident.<\/p>\n<p class=\"\">\u201cSi la jueza quiere saber los mensajes, a efectos de saber qu\u00e9 es lo que estaba pasando en Valencia aquella noche, no tenga ninguna duda de que, de la misma forma que he colaborado, voy a seguir haci\u00e9ndolo\u201d, asegura Feij\u00f3o. \u201cEn cuanto tenga un notario de guardia, le volver\u00e9 a citar, le volver\u00e9 a ense\u00f1ar mi m\u00f3vil, transcribir\u00e1 los mensajes y se los remitir\u00e9 a la jueza\u201d, a\u00f1ade el l\u00edder del PP. La instructora acept\u00f3 a mediados de diciembre la petici\u00f3n efectuada por la Asociaci\u00f3n de V\u00edctimas Mortales Dana 29-O, que ejerce la acusaci\u00f3n particular, <a href=\"https:\/\/elpais.com\/espana\/comunidad-valenciana\/2025-12-30\/una-acusacion-particular-de-la-dana-recurre-para-que-feijoo-vaya-a-testificar-al-juzgado-de-catarroja.html\" target=\"_self\" rel=\"nofollow noopener\" title=\"https:\/\/elpais.com\/espana\/comunidad-valenciana\/2025-12-30\/una-acusacion-particular-de-la-dana-recurre-para-que-feijoo-vaya-a-testificar-al-juzgado-de-catarroja.html\">de llamar a declarar a Feij\u00f3o como testigo<\/a> y justific\u00f3 su decisi\u00f3n en que podr\u00eda \u201cdar raz\u00f3n de los comentarios\u201d que Maz\u00f3n pudo \u201chaber hecho\u201d el 29-O \u201ca ra\u00edz de las conversaciones\u201d con la entonces consejera de Justicia e Interior, Salom\u00e9 Pradas, investigada en estas diligencias previas, \u201csobre la informaci\u00f3n que iba recibiendo\u201d. <\/p>\n<p class=\"\">Tras ese movimiento, el dirigente popular remiti\u00f3 el pasado d\u00eda de Nochebuena al Juzgado de Catarroja el listado de los mensajes que escribi\u00f3 Maz\u00f3n, acompa\u00f1ados de un documento con contexto, pero no los redactados por \u00e9l mismo en la conversaci\u00f3n, alegando que la instructora no se los hab\u00eda pedido. \u201cUn puto desastre va a ser esto presi\u201d, le escribi\u00f3 entre otras cosas Maz\u00f3n en la fat\u00eddica jornada cuando ya hab\u00eda abandonado el restaurante El Ventorro tras comer durante unas cuatro horas con la periodista Maribel Vilaplana. <\/p>\n<p class=\"\">Pero, en el auto conocido este lunes d\u00eda 29, la jueza ofrece a Feij\u00f3o \u201cla posibilidad de aportar voluntariamente a la causa en un plazo de tres d\u00edas los mensajes de WhatsApp que forman parte \u00edntegra\u201d de la conversaci\u00f3n de aquel d\u00eda con Maz\u00f3n. Si el l\u00edder del PP cumple con ese lapso de tiempo, las comunicaciones est\u00e1n a punto de ser consignadas al Juzgado de Catarroja. Eso s\u00ed, Feij\u00f3o muestra tambi\u00e9n su disconformidad con dicha petici\u00f3n. \u201cEs sorprendente que un jefe de la oposici\u00f3n, a 450 kil\u00f3metros de una tragedia como esta, pueda tener alguna relevancia desde el punto de vista de sus decisiones o actuaciones \u00bfno? En fin, hay muchas personas en el Gobierno a las que no le han pedido nada\u2026 pero eso es una decisi\u00f3n judicial\u201d, declara. Y puntualiza que no quiere sumarse \u201ca la teor\u00eda de lawfare\u201d promovida por el Gobierno de Pedro S\u00e1nchez. <\/p>\n<p class=\"\">Quien s\u00ed ha explicitado sus ataques a la instructora de Catarroja ha sido el diputado del PP en el Congreso, Rafael Hernando. \u201cLo de la jueza Tobarra es ins\u00f3lito. Sigue contra N\u00fa\u00f1ez Feij\u00f3o, que no tiene competencia alguna sobre la prevenci\u00f3n o la ayuda a los afectados en el momento de la dana, pero no pide nada ni al presidente del Gobierno ni a los ministros responsables de prevenir y ayudar. Delirante\u201d, escribi\u00f3 el martes el parlamentario popular en la red social X.<\/p>\n<blockquote class=\"twitter-tweet\">\n<p lang=\"es\" dir=\"ltr\">Lo de la jueza \u201cTobarra\u201d es ins\u00f3lito<\/p>\n<p>Sigue contra <a href=\"https:\/\/twitter.com\/NunezFeijoo?ref_src=twsrc%5Etfw\" rel=\"nofollow noopener\" target=\"_blank\">@NunezFeijoo<\/a> q no tiene competencia alguna sobre la prevenci\u00f3n o la ayuda a los afectados en el momento de la Dana, pero no pide nada ni al Presidente del Gobierno ni a los ministros responsables de prevenir y ayudar<\/p>\n<p>Delirante<\/p>\n<p>\u2014 Rafael Hernando (@Rafa_Hernando) <a href=\"https:\/\/twitter.com\/Rafa_Hernando\/status\/2005955249853391059?ref_src=twsrc%5Etfw\" rel=\"nofollow noopener\" target=\"_blank\">December 30, 2025<\/a><\/p><\/blockquote>\n<p>Aguantar en 2026<\/p>\n<p class=\"\">En el diagn\u00f3stico que Feij\u00f3o hace del nuevo a\u00f1o, el l\u00edder del PP considera que \u201ces muy posible que S\u00e1nchez no pueda aguantar en 2026\u2033 y se abra \u201cuna nueva \u00e9poca con elecciones\u201d. Los comicios generales no est\u00e1n previstos en principio hasta 2027, pero el Gobierno arranca el a\u00f1o con serias dificultades para aunar mayor\u00edas parlamentarias de cara a aprobar proyectos legislativos. De hecho, el presidente ha pedido a los ministros medidas sociales que no dependan del Congreso para recuperar el pulso. Las elecciones que s\u00ed est\u00e1n ya a la vuelta de la esquina son las de Arag\u00f3n, fechadas el 8 de febrero. Y en las que los populares quieren asestar otro golpe como el de Extremadura al PSOE, aunque el reparto de esca\u00f1os dificulta un resultado similar. Tambi\u00e9n las de Castilla y Le\u00f3n, el 14 de marzo, y las de Andaluc\u00eda, en torno a junio.<\/p>\n<p class=\"\">Feij\u00f3o confirma un contacto \u201cfluido y respetuoso\u201d con Junts que durante los \u00faltimos meses se ha reflejado en el Congreso donde ambas formaciones han votado lo mismo en varias ocasiones, provocando duros reveses al Ejecutivo con la suma de Vox en el hemiciclo. Mucho ha llovido, o no tanto, desde que a primeros del 2024 el Partido Popular registrase en la C\u00e1mara baja una ley que propon\u00eda la disoluci\u00f3n de partidos que promuevan declaraciones de independencia o un refer\u00e9ndum ilegal. Como Junts, con quien ahora dice entenderse.<\/p>\n<p><script async src=\"https:\/\/platform.twitter.com\/widgets.js\" charset=\"utf-8\"><\/script><\/p>\n","protected":false},"excerpt":{"rendered":"La conversaci\u00f3n entre Alberto N\u00fa\u00f1ez Feij\u00f3o y Carlos Maz\u00f3n durante la jornada de la tr\u00e1gica dana se desvelar\u00e1&hellip;\n","protected":false},"author":2,"featured_media":318102,"comment_status":"","ping_status":"","sticky":false,"template":"","format":"standard","meta":{"footnotes":""},"categories":[8],"tags":[6069,17,18,2007,9865,242,1681,25,24,13,14,582,11,3837,19,20,9,10,15,16,2959,956,1699,23,12,21,22],"class_list":{"0":"post-318101","1":"post","2":"type-post","3":"status-publish","4":"format-standard","5":"has-post-thumbnail","7":"category-espana","8":"tag-alberto-nunez-feijoo","9":"tag-breaking-news","10":"tag-breakingnews","11":"tag-carlos-mazon","12":"tag-catarroja","13":"tag-comunidad-valenciana","14":"tag-dana","15":"tag-es","16":"tag-espana","17":"tag-featured-news","18":"tag-featurednews","19":"tag-gobierno","20":"tag-headlines","21":"tag-juntsxcat","22":"tag-latest-news","23":"tag-latestnews","24":"tag-news","25":"tag-noticias","26":"tag-noticias-destacadas","27":"tag-noticiasdestacadas","28":"tag-pedro-sanchez","29":"tag-pp","30":"tag-psoe","31":"tag-spain","32":"tag-titulares","33":"tag-ultimas-noticias","34":"tag-ultimasnoticias"},"share_on_mastodon":{"url":"https:\/\/pubeurope.com\/@es\/115822328037300123","error":""},"_links":{"self":[{"href":"https:\/\/www.europesays.com\/es\/wp-json\/wp\/v2\/posts\/318101","targetHints":{"allow":["GET"]}}],"collection":[{"href":"https:\/\/www.europesays.com\/es\/wp-json\/wp\/v2\/posts"}],"about":[{"href":"https:\/\/www.europesays.com\/es\/wp-json\/wp\/v2\/types\/post"}],"author":[{"embeddable":true,"href":"https:\/\/www.europesays.com\/es\/wp-json\/wp\/v2\/users\/2"}],"replies":[{"embeddable":true,"href":"https:\/\/www.europesays.com\/es\/wp-json\/wp\/v2\/comments?post=318101"}],"version-history":[{"count":0,"href":"https:\/\/www.europesays.com\/es\/wp-json\/wp\/v2\/posts\/318101\/revisions"}],"wp:featuredmedia":[{"embeddable":true,"href":"https:\/\/www.europesays.com\/es\/wp-json\/wp\/v2\/media\/318102"}],"wp:attachment":[{"href":"https:\/\/www.europesays.com\/es\/wp-json\/wp\/v2\/media?parent=318101"}],"wp:term":[{"taxonomy":"category","embeddable":true,"href":"https:\/\/www.europesays.com\/es\/wp-json\/wp\/v2\/categories?post=318101"},{"taxonomy":"post_tag","embeddable":true,"href":"https:\/\/www.europesays.com\/es\/wp-json\/wp\/v2\/tags?post=318101"}],"curies":[{"name":"wp","href":"https:\/\/api.w.org\/{rel}","templated":true}]}}