{"id":318103,"date":"2026-01-01T23:00:16","date_gmt":"2026-01-01T23:00:16","guid":{"rendered":"https:\/\/www.europesays.com\/es\/318103\/"},"modified":"2026-01-01T23:00:16","modified_gmt":"2026-01-01T23:00:16","slug":"eagles-planean-descansar-a-jalen-hurts-y-otros-titulares-2","status":"publish","type":"post","link":"https:\/\/www.europesays.com\/es\/318103\/","title":{"rendered":"Eagles planean descansar a Jalen Hurts y otros titulares"},"content":{"rendered":"<ul class=\"authors\">\n<li class=\"mugshot-shown\"><img loading=\"lazy\" decoding=\"async\" src=\"https:\/\/www.europesays.com\/es\/wp-content\/uploads\/2026\/01\/1767308414_113_mcmanus_tim.png&#038;h=80&#038;w=80&#038;scale=crop.png\" alt=\"\" width=\"40\" height=\"40\"\/>\n<p>Tim McManus31  de  dic, 2025, 19:18<\/p>\n<p><a class=\"icon-font-after icon-close-solid-after\" href=\"#\">Cerrar<\/a><\/p>\n<ul>Tim McManus covers the Philadelphia Eagles for ESPN. He joined ESPN in 2016 after covering the Eagles for Philadelphia Magazine&#8217;s Birds 24\/7, a site he helped create, since 2010.<\/ul>\n<\/li>\n<\/ul>\n<p>El equipo de Philadelphia cierra la temporada regular el domingo contra Commanders<\/p>\n<p>PHILADELPHIA \u2013 Se espera que<strong> <a data-player-guid=\"2c956767-311d-3239-9e76-9402f34af990\" href=\"https:\/\/espndeportes.espn.com\/futbol-americano\/nfl\/jugador\/_\/id\/4685201\/tanner-mckee\" rel=\"nofollow noopener\" target=\"_blank\">Tanner McKee<\/a><\/strong> sea el mariscal de campo titular, ya que los<strong> <a data-clubhouse-guid=\"d1a9b001-1df7-fbd7-ae4c-6ca7065286ec\" href=\"https:\/\/www.espn.com.mx\/futbol-americano\/nfl\/equipo\/_\/nombre\/phi\/philadelphia-eagles\" rel=\"nofollow noopener\" target=\"_blank\">Philadelphia Eagles<\/a> <\/strong>planean descansar a algunos jugadores clave en el \u00faltimo partido de la temporada regular del domingo contra los <strong><a data-clubhouse-guid=\"fbeaf73e-6d6c-cca4-0809-713d9d741f90\" href=\"https:\/\/www.espn.com.mx\/futbol-americano\/nfl\/equipo\/_\/nombre\/wsh\/washington-commanders\" rel=\"nofollow noopener\" target=\"_blank\">Washington Commanders<\/a><\/strong>, seg\u00fan confirm\u00f3 una fuente el mi\u00e9rcoles.<\/p>\n<p>Se espera <strong>Tanner McKee<\/strong>, seleccionado en la sexta ronda del draft de 2023 procedente de Stanford, sea titular en lugar de <strong><a data-player-guid=\"caceb80c-6350-a107-9fcf-7c7bd1b4edd8\" href=\"https:\/\/espndeportes.espn.com\/futbol-americano\/nfl\/jugador\/_\/id\/4040715\/jalen-hurts\" rel=\"nofollow noopener\" target=\"_blank\">Jalen Hurts<\/a>,<\/strong> ya que los <strong>Eagles <\/strong>priorizan el descanso y evitar lesiones, aunque a\u00fan quieren ganar el partido.<\/p>\n<p>Los <strong>Eagles <\/strong>ocupan actualmente el tercer puesto en la NFC y podr\u00edan ascender al segundo sembrado con una victoria sobre Washington y una derrota de los <strong><a data-clubhouse-guid=\"19d73366-b5a5-cca2-a176-a2c024ce0bb3\" href=\"https:\/\/www.espn.com.mx\/futbol-americano\/nfl\/equipo\/_\/nombre\/chi\/chicago-bears\" rel=\"nofollow noopener\" target=\"_blank\">Chicago Bears<\/a><\/strong> ante <strong><a data-clubhouse-guid=\"56caffee-178d-f6f2-a076-b277486b8c32\" href=\"https:\/\/www.espn.com.mx\/futbol-americano\/nfl\/equipo\/_\/nombre\/det\/detroit-lions\" rel=\"nofollow noopener\" target=\"_blank\">Detroit Lions<\/a><\/strong>. Si se mantienen en el tercer lugar, los <strong>Eagles <\/strong>se enfrentar\u00e1n a los <strong><a data-clubhouse-guid=\"985a261f-296c-c95c-32a5-addc4df75001\" href=\"https:\/\/www.espn.com.mx\/futbol-americano\/nfl\/equipo\/_\/nombre\/sf\/san-francisco-49ers\" rel=\"nofollow noopener\" target=\"_blank\">San Francisco 49ers<\/a><\/strong> o a los<strong> <a data-clubhouse-guid=\"2e1473b2-e269-fd7a-1137-c1edacb85986\" href=\"https:\/\/www.espn.com.mx\/futbol-americano\/nfl\/equipo\/_\/nombre\/lar\/los-angeles-rams\" rel=\"nofollow noopener\" target=\"_blank\">Los Angeles Rams<\/a>;<\/strong> si consiguen el segundo puesto, contra lo<strong>s <\/strong><a data-clubhouse-guid=\"06cd3bcf-7a86-53d4-28e7-aa049dd36261\" href=\"https:\/\/www.espn.com.mx\/futbol-americano\/nfl\/equipo\/_\/nombre\/gb\/green-bay-packers\" rel=\"nofollow noopener\" target=\"_blank\"><strong>Green Bay<\/strong> <strong>Packers<\/strong><\/a>.<\/p>\n<p><img class=\" lazyload lazyload\" data-image-container=\".inline-photo\" height=\"320\" width=\"570\"\/>Philadelphia Eagles planean darle descanso a su QB titular, Jalen Hurts.\u00a0Nic Antaya\/Getty ImagesPLAYOFF MACHINE<\/p>\n<p><img decoding=\"async\" data-lazyload=\"true\" src=\"https:\/\/www.europesays.com\/es\/wp-content\/uploads\/2025\/12\/1765854255_175_r1449457_1296x729_16-9.jpg\" class=\"round  imageLoaded lazyloaded\" bad-src=\"https:\/\/www.europesays.com\/es\/wp-content\/uploads\/2025\/12\/1765854255_175_r1449457_1296x729_16-9.jpg\"\/><br \/>\nEnsaya tus propios escenarios de postemporada en ambas conferencias y echa un vistazo a nuestro simulador. <a href=\"https:\/\/www.espn.com.mx\/nfl\/playoffs\/machine\" rel=\"nofollow noopener\" target=\"_blank\"><b>Ingresa a la Playoff Machine<\/b><\/a><\/p>\n<p>El entrenador <strong>Nick Sirianni <\/strong>no revel\u00f3 sus planes el mi\u00e9rcoles, diciendo que quer\u00eda hablar primero con los jugadores en la reuni\u00f3n del equipo, pero s\u00ed afirm\u00f3 que estaban \u00abcerca\u00bb de tomar una decisi\u00f3n.<\/p>\n<p>Los <strong>Eagles <\/strong>tuvieron una semana de descanso antes de sus dos participaciones en el Super Bowl bajo su direcci\u00f3n durante las temporadas 2022 y 2024. El a\u00f1o en que intentaron mejorar su posici\u00f3n en la clasificaci\u00f3n, el receptor estrella <strong><a data-player-guid=\"53cf1afe-22f9-ea1f-7d9b-a992d25c8ac5\" href=\"https:\/\/espndeportes.espn.com\/futbol-americano\/nfl\/jugador\/_\/id\/4047646\/aj-brown\" rel=\"nofollow noopener\" target=\"_blank\">A.J. Brown<\/a><\/strong> se lesion\u00f3 la rodilla en el \u00faltimo partido de la temporada regular de 2023 contra los<strong> <a data-clubhouse-guid=\"378600ea-2397-8364-8399-b7c1606a49a7\" href=\"https:\/\/www.espn.com.mx\/futbol-americano\/nfl\/equipo\/_\/nombre\/nyg\/new-york-giants\" rel=\"nofollow noopener\" target=\"_blank\">New York Giants<\/a><\/strong> y no pudo jugar en la derrota de los playoffs de comod\u00edn contra los <strong><a data-clubhouse-guid=\"13e8b157-a75a-ff24-ae91-fa3d52ddf204\" href=\"https:\/\/www.espn.com.mx\/futbol-americano\/nfl\/equipo\/_\/nombre\/tb\/tampa-bay-buccaneers\" rel=\"nofollow noopener\" target=\"_blank\">Tampa Bay Buccaneers<\/a>.<\/strong><\/p>\n<p>McKee tiene un registro de 33 pases completos de 48 intentos para 356 yardas, con cuatro touchdowns y cero intercepciones en sus apariciones con los <strong>Eagles<\/strong>.<\/p>\n<p>\u00abCuando ves a Tanner, se nota que sabe muy bien d\u00f3nde lanzar el bal\u00f3n, lee bien la defensa y es capaz de hacer pases precisos\u00bb, dijo Sirianni. \u00abEs un gran grupo de jugadores donde se apoyan mutuamente y aprenden unos de otros\u00bb.<\/p>\n<p>El <strong>Philadelphia <\/strong>Inquirer fue el primer medio en informar sobre el plan de los <strong>Eagles <\/strong>de dar descanso a sus titulares.<\/p>\n","protected":false},"excerpt":{"rendered":"Tim McManus31 de dic, 2025, 19:18 Cerrar Tim McManus covers the Philadelphia Eagles for ESPN. He joined ESPN&hellip;\n","protected":false},"author":2,"featured_media":316565,"comment_status":"","ping_status":"","sticky":false,"template":"","format":"standard","meta":{"footnotes":""},"categories":[5],"tags":[17,18,25,24,13,14,11,19,20,9,10,15,16,23,12,21,22],"class_list":{"0":"post-318103","1":"post","2":"type-post","3":"status-publish","4":"format-standard","5":"has-post-thumbnail","7":"category-titulares","8":"tag-breaking-news","9":"tag-breakingnews","10":"tag-es","11":"tag-espana","12":"tag-featured-news","13":"tag-featurednews","14":"tag-headlines","15":"tag-latest-news","16":"tag-latestnews","17":"tag-news","18":"tag-noticias","19":"tag-noticias-destacadas","20":"tag-noticiasdestacadas","21":"tag-spain","22":"tag-titulares","23":"tag-ultimas-noticias","24":"tag-ultimasnoticias"},"share_on_mastodon":{"url":"https:\/\/pubeurope.com\/@es\/115822331396020248","error":""},"_links":{"self":[{"href":"https:\/\/www.europesays.com\/es\/wp-json\/wp\/v2\/posts\/318103","targetHints":{"allow":["GET"]}}],"collection":[{"href":"https:\/\/www.europesays.com\/es\/wp-json\/wp\/v2\/posts"}],"about":[{"href":"https:\/\/www.europesays.com\/es\/wp-json\/wp\/v2\/types\/post"}],"author":[{"embeddable":true,"href":"https:\/\/www.europesays.com\/es\/wp-json\/wp\/v2\/users\/2"}],"replies":[{"embeddable":true,"href":"https:\/\/www.europesays.com\/es\/wp-json\/wp\/v2\/comments?post=318103"}],"version-history":[{"count":0,"href":"https:\/\/www.europesays.com\/es\/wp-json\/wp\/v2\/posts\/318103\/revisions"}],"wp:featuredmedia":[{"embeddable":true,"href":"https:\/\/www.europesays.com\/es\/wp-json\/wp\/v2\/media\/316565"}],"wp:attachment":[{"href":"https:\/\/www.europesays.com\/es\/wp-json\/wp\/v2\/media?parent=318103"}],"wp:term":[{"taxonomy":"category","embeddable":true,"href":"https:\/\/www.europesays.com\/es\/wp-json\/wp\/v2\/categories?post=318103"},{"taxonomy":"post_tag","embeddable":true,"href":"https:\/\/www.europesays.com\/es\/wp-json\/wp\/v2\/tags?post=318103"}],"curies":[{"name":"wp","href":"https:\/\/api.w.org\/{rel}","templated":true}]}}