{"id":318106,"date":"2026-01-01T23:06:10","date_gmt":"2026-01-01T23:06:10","guid":{"rendered":"https:\/\/www.europesays.com\/es\/318106\/"},"modified":"2026-01-01T23:06:10","modified_gmt":"2026-01-01T23:06:10","slug":"isaac-del-toro-asi-el-calendario-del-ciclista-mexicano-a-devorarse-este-2026-marca","status":"publish","type":"post","link":"https:\/\/www.europesays.com\/es\/318106\/","title":{"rendered":"Isaac del Toro: As\u00ed el calendario del ciclista mexicano a devorarse este 2026 &#8211; MARCA"},"content":{"rendered":"<ol>\n<li><a href=\"https:\/\/news.google.com\/rss\/articles\/CBMihwFBVV95cUxNS2FrbDlldUgzelp6U1ZKUGNxbjlUN0Y4Z2plcE1rRUdGZ0t6eDR1NHhSMmNHNGZfYWFyZ1RyNlNySWNmRXl4UmI2VXRueVRHdEZJNnR1bG8wSUlhN0V6OTktTXpFVWFadWxmTjZnVktUT2s2bk50THcxVTlSNVprMzFTZlJZLUXSAYcBQVVfeXFMT1JpRDNvQzVMVGE0MkRlN0xtb3BjZEpHT1ZTQ21pZ3poTFJpblYtaEFfOTNLXzNzRmFzTTczbEF4VERmcEh6bEV6ZG5oWDBoZk5XT0ZFd1dkRWlRd3dfUUxCY0VtUjI0Z3gxWERubDVQeERoOThoVXJnR3phWE9FRmtrRFZDbmlJ?oc=5\" target=\"_blank\" rel=\"nofollow noopener\">Isaac del Toro: As\u00ed el calendario del ciclista mexicano a devorarse este 2026<\/a>&nbsp;&nbsp;MARCA<\/li>\n<li><a href=\"https:\/\/news.google.com\/rss\/articles\/CBMiwgFBVV95cUxPZUVXdWlIWjRvbGw1ODNLYlZiQXAzRjFGR2c4NlR2QlZObUp2cDJNWDhKLS1HY1hFM1JYSUh3NGlRRXBaSjNVd2FtUUgxWHY5Zy1NWHlqOG5HQ1laUkI2di1leEhMUmFSVFNacEYzUS1waV9ZeEZDRGQ2S0pwdmMwUTJEaVdsQnFZNlVGQUQ1c18zWm42ZHYwNmN5dHg4RHhhR0pWTUxhYWUzRmlpMExKYVAzSjg3MHpKT2p6NDBDNmUwUdIB3AFBVV95cUxQSXJtWUpTYzZoaXFZeWNKRTZ3aVJaOVlnYnFwb201RFJteTdEc1hlTDRoclFFdnFVWmpYZEt0UWt0VHdPcm5mbUk5MTY0amo5Ti1YUnYyeVprR0F1b0x4SUVBU2NZWmpDX0JyT2FfcllYaU1IQ2p3cnI5Rm9hOTlDVklDX25IbE1oVndpWnFjLW5RbXM3anY5S2ZQTnNvWkZ5cm5ydVFlSWhjYUM4SDI5akFCdFpfRUdFWHVSbkVreklTeXhvWHhRaVJlVE1nYjQ0NlYxWXEyLUhBeTlC?oc=5\" target=\"_blank\" rel=\"nofollow noopener\">Isaac del Toro en 2026: fechas, competencias y debut en el Tour de Francia<\/a>&nbsp;&nbsp;Infobae<\/li>\n<li><a href=\"https:\/\/news.google.com\/rss\/articles\/CBMingFBVV95cUxQQ19ZTmt0NXpic29PUzBLckxQY00tbzhYQnZEOXN6R0VMOTQzUG55WnJxeVlyUmtmLUNUdFlqYUdVSlBETXp2djI2VEk4RGVqTXp1NndMaGsycllQNFhGTjBBRVZKWS1KVS1qWENid0VDS3dQS1dzVjRUQ203VXZJQUJBYmVBRWFpSG1uaGlobmxRazVnLWc4UEt3VnFQdw?oc=5\" target=\"_blank\" rel=\"nofollow noopener\">Isaac del Toro, el mexicano que conquist\u00f3 al ciclismo mundial<\/a>&nbsp;&nbsp;Hidalgo Sport<\/li>\n<li><a href=\"https:\/\/news.google.com\/rss\/articles\/CBMi6AFBVV95cUxNTTFkWkZ1Q29OakZidUJmOUxiakVmMmMwVlZ3Z2FUTjdCLUFLeTEtR3djam5QTmlXdzR1X3lYWmNBUE1lWERDRUdrZk5mYjdBWC15bzE0dFRCWUw5c25pR3VGYjR2VVFpelZvZmpFa2VBUlU1VXNDbUM5QWx2WDVUOF9OZ1l2YWQxRGpIN0p1emFWdlBsUjZXeERsWUliM18tSmZqVUpjeDFxUzA2YXR3V1N6WHdsazJqSmJDbUtoNzYzeTBXN21iQTluS3czWVREVi1weldTUlp5YVItaTFLUHk5RnhCdDdP?oc=5\" target=\"_blank\" rel=\"nofollow noopener\">#LoMejorDel2025 | \ud83c\uddf2\ud83c\uddfd Isaac del Toro, subcampe\u00f3n del Giro de Italia en una hist\u00f3rica participaci\u00f3n para M\u00e9xico \ud83d\udeb4\u200d\u2642\ufe0f https:\/\/mile.io\/4js123u<\/a>&nbsp;&nbsp;facebook.com<\/li>\n<li><a href=\"https:\/\/news.google.com\/rss\/articles\/CBMiwwFBVV95cUxPRUctNG5kOEh0VGx4UGw2eXRGM2FFZjdVRTdsRHkzQlhPWlI1QUNvYk4wMTlzR3NuQTVRMVoxeXFlb1ZxSGsycFJuWm1Rek1McnM5bzIzQmpKTndnMkt2b3l2NFZJU05jSzhYMURxS1FUNnRjcjgwSHZYek9aa0NiTGg4MWQxLUVPSHlLdkZMWDRyUE5nbXpsVHU4MWtDUDd3NXRheEtmNUZhOUVwUmdGd29ObHdzM09JZGI2MmF2MTlMMjA?oc=5\" target=\"_blank\" rel=\"nofollow noopener\">Isaac del Toro ya se prepara a conciencia para su debut en el Tour de Francia<\/a>&nbsp;&nbsp;La Cr\u00f3nica de Hoy<\/li>\n<\/ol>\n","protected":false},"excerpt":{"rendered":"Isaac del Toro: As\u00ed el calendario del ciclista mexicano a devorarse este 2026&nbsp;&nbsp;MARCA Isaac del Toro en 2026:&hellip;\n","protected":false},"author":2,"featured_media":318107,"comment_status":"","ping_status":"","sticky":false,"template":"","format":"standard","meta":{"footnotes":""},"categories":[273],"tags":[313,312,168,25,24,1915,23,167],"class_list":{"0":"post-318106","1":"post","2":"type-post","3":"status-publish","4":"format-standard","5":"has-post-thumbnail","7":"category-ciclismo","8":"tag-ciclismo","9":"tag-cycling","10":"tag-deportes","11":"tag-es","12":"tag-espana","13":"tag-otros-deportes","14":"tag-spain","15":"tag-sports"},"share_on_mastodon":{"url":"https:\/\/pubeurope.com\/@es\/115822354911534850","error":""},"_links":{"self":[{"href":"https:\/\/www.europesays.com\/es\/wp-json\/wp\/v2\/posts\/318106","targetHints":{"allow":["GET"]}}],"collection":[{"href":"https:\/\/www.europesays.com\/es\/wp-json\/wp\/v2\/posts"}],"about":[{"href":"https:\/\/www.europesays.com\/es\/wp-json\/wp\/v2\/types\/post"}],"author":[{"embeddable":true,"href":"https:\/\/www.europesays.com\/es\/wp-json\/wp\/v2\/users\/2"}],"replies":[{"embeddable":true,"href":"https:\/\/www.europesays.com\/es\/wp-json\/wp\/v2\/comments?post=318106"}],"version-history":[{"count":0,"href":"https:\/\/www.europesays.com\/es\/wp-json\/wp\/v2\/posts\/318106\/revisions"}],"wp:featuredmedia":[{"embeddable":true,"href":"https:\/\/www.europesays.com\/es\/wp-json\/wp\/v2\/media\/318107"}],"wp:attachment":[{"href":"https:\/\/www.europesays.com\/es\/wp-json\/wp\/v2\/media?parent=318106"}],"wp:term":[{"taxonomy":"category","embeddable":true,"href":"https:\/\/www.europesays.com\/es\/wp-json\/wp\/v2\/categories?post=318106"},{"taxonomy":"post_tag","embeddable":true,"href":"https:\/\/www.europesays.com\/es\/wp-json\/wp\/v2\/tags?post=318106"}],"curies":[{"name":"wp","href":"https:\/\/api.w.org\/{rel}","templated":true}]}}