{"id":318108,"date":"2026-01-01T23:08:08","date_gmt":"2026-01-01T23:08:08","guid":{"rendered":"https:\/\/www.europesays.com\/es\/318108\/"},"modified":"2026-01-01T23:08:08","modified_gmt":"2026-01-01T23:08:08","slug":"asi-es-el-conglomerado-de-empresas-de-querejeta-detras-de-baskonia-y-alaves","status":"publish","type":"post","link":"https:\/\/www.europesays.com\/es\/318108\/","title":{"rendered":"as\u00ed es el conglomerado de empresas de Querejeta detr\u00e1s de Baskonia y Alav\u00e9s"},"content":{"rendered":"<p class=\"article-text\">\n        2026 ser\u00e1 un momento se\u00f1alado para lo que en Vitoria se ha bautizado como \u201cBaskonia Alav\u00e9s Group\u201d. Se cumplen 25 a\u00f1os desde que ambos clubes, el uno de baloncesto y el otro de f\u00fatbol, alcanzaran por separado sus cotas m\u00e1s altas en Europa. El primero lleg\u00f3 a la final de la primera Euroliga en su formato actual, que termin\u00f3 el 10 de mayo de 2001. El segundo, seis d\u00edas despu\u00e9s, el 16, brill\u00f3 con un subcampeonato en la Copa de la UEFA tras un hist\u00f3rico partido en Dortmund (Alemania) contra el Liverpool que termin\u00f3 en la pr\u00f3rroga con nueve goles. Mas se cumplen ya tambi\u00e9n quince a\u00f1os desde que Josean Querejeta, primer ejecutivo de Saski Baskonia, entrara en el accionariado del Deportivo Alav\u00e9s en una operaci\u00f3n con paraguas pol\u00edtico e institucional para salvar a la entidad nacida en 1921 pero que amenazaba con hundirse por el paso de Dmitry Piterman, <a href=\"https:\/\/www.eldiario.es\/euskadi\/justicia-revisa-veinte-anos-despues-saqueo-piterman-deportivo-alaves-cifrado-3-2-millones-euros_1_11270350.html\" data-mrf-recirculation=\"links-noticia\" class=\"link\" rel=\"nofollow noopener\" target=\"_blank\">un desfalco en toda regla<\/a>. Un lustro despu\u00e9s, en 2016, hace ya una d\u00e9cada, pas\u00f3 a tener el control total con una participaci\u00f3n del 83%, que se mantiene hasta hoy. Fue entonces tambi\u00e9n cuando se lanz\u00f3 la idea de un nuevo Mendizorroza de 32.000 butacas.\n    <\/p>\n<p class=\"article-text\">\n        El &#8216;holding&#8217; en torno a Querejeta va mucho m\u00e1s all\u00e1 de lo deportivo. Desde hace unos a\u00f1os el equipo de f\u00fatbol ampli\u00f3 su objeto social y hace unos pocos d\u00edas, a finales de diciembre, tambi\u00e9n lo hizo Saski Baskonia para incorporar el deseo de organizar eventos y otro tipo de actividades. En torno a los equipos han brotado otro tipo de negocios, como la Universidad privada Euneiz, surgida entre la pol\u00e9mica acad\u00e9mica, la ciudad deportiva BAKH, la residencia Ondare o incluso la mercantil Circle of Life de Croacia, donde la entidad gestiona el equipo NK Istra 1961, tercero de la liga local y pasarela para otros negocios inmobiliarios. Un peque\u00f1o accionista del grupo sostiene que el Deportivo Alav\u00e9s es el \u00fanico en Espa\u00f1a que destina menos del 50% de su presupuesto total a salarios de los futbolistas. A la vez, casi un tercio del presupuesto del Baskonia, claramente la proa del barco, se sostiene con un cobro de &#8216;management fee&#8217; al club hermano. Con base en m\u00e1s de 200 p\u00e1ginas de informaci\u00f3n mercantil, contable y deportiva, elDiario.es\/Euskadi desgrana en quince apartados el estado actual del principal referente deportivo de Vitoria y \u00c1lava.\n    <\/p>\n","protected":false},"excerpt":{"rendered":"2026 ser\u00e1 un momento se\u00f1alado para lo que en Vitoria se ha bautizado como \u201cBaskonia Alav\u00e9s Group\u201d. Se&hellip;\n","protected":false},"author":2,"featured_media":318109,"comment_status":"","ping_status":"","sticky":false,"template":"","format":"standard","meta":{"footnotes":""},"categories":[269],"tags":[517,3935,14300,299,14314,298,3285,14302,2601,4144,14316,14313,767,168,1349,2026,13451,14315,1813,3854,14299,14298,14307,12226,14318,6246,25,24,5691,14308,4910,3705,3978,6927,12252,1982,2178,14297,14317,7600,11701,14311,14312,14305,14303,6115,264,14304,952,14310,14309,14306,14301,3905,492,23,167,7192,2177],"class_list":{"0":"post-318108","1":"post","2":"type-post","3":"status-publish","4":"format-standard","5":"has-post-thumbnail","7":"category-baloncesto","8":"tag-actualidad","9":"tag-alava","10":"tag-andar-en-bici","11":"tag-baloncesto","12":"tag-barakaldo","13":"tag-basketball","14":"tag-bbva","15":"tag-belen-ferreras","16":"tag-bilbao","17":"tag-bizkaia","18":"tag-brands","19":"tag-caso-de-miguel","20":"tag-corrupcion","21":"tag-deportes","22":"tag-donostia","23":"tag-educacion","24":"tag-eh-bildu","25":"tag-eibar","26":"tag-ela","27":"tag-eldiario-es","28":"tag-eldiario-es-euskadi","29":"tag-eldiario-eus","30":"tag-eldiarionorte-es","31":"tag-emergencia-climatica","32":"tag-eroski","33":"tag-ertzaintza","34":"tag-es","35":"tag-espana","36":"tag-euskadi","37":"tag-euskal-herria","38":"tag-feminismo","39":"tag-gernika","40":"tag-getxo","41":"tag-gipuzkoa","42":"tag-hondarribia","43":"tag-ignacio-escolar","44":"tag-igualdad","45":"tag-iker-rioja-andueza","46":"tag-imanol-pradales","47":"tag-irun","48":"tag-kutxabank","49":"tag-lab","50":"tag-lanbide","51":"tag-maialen-ferreira","52":"tag-montai","53":"tag-osakidetza","54":"tag-pais-vasco","55":"tag-pnv","56":"tag-politica","57":"tag-pp-vasco","58":"tag-pse-ee","59":"tag-rodrigo-saiz","60":"tag-ruben-pereda","61":"tag-sindicatos","62":"tag-sociedad","63":"tag-spain","64":"tag-sports","65":"tag-upv-ehu","66":"tag-vitoria"},"share_on_mastodon":{"url":"","error":"Validation failed: Text character limit of 500 exceeded"},"_links":{"self":[{"href":"https:\/\/www.europesays.com\/es\/wp-json\/wp\/v2\/posts\/318108","targetHints":{"allow":["GET"]}}],"collection":[{"href":"https:\/\/www.europesays.com\/es\/wp-json\/wp\/v2\/posts"}],"about":[{"href":"https:\/\/www.europesays.com\/es\/wp-json\/wp\/v2\/types\/post"}],"author":[{"embeddable":true,"href":"https:\/\/www.europesays.com\/es\/wp-json\/wp\/v2\/users\/2"}],"replies":[{"embeddable":true,"href":"https:\/\/www.europesays.com\/es\/wp-json\/wp\/v2\/comments?post=318108"}],"version-history":[{"count":0,"href":"https:\/\/www.europesays.com\/es\/wp-json\/wp\/v2\/posts\/318108\/revisions"}],"wp:featuredmedia":[{"embeddable":true,"href":"https:\/\/www.europesays.com\/es\/wp-json\/wp\/v2\/media\/318109"}],"wp:attachment":[{"href":"https:\/\/www.europesays.com\/es\/wp-json\/wp\/v2\/media?parent=318108"}],"wp:term":[{"taxonomy":"category","embeddable":true,"href":"https:\/\/www.europesays.com\/es\/wp-json\/wp\/v2\/categories?post=318108"},{"taxonomy":"post_tag","embeddable":true,"href":"https:\/\/www.europesays.com\/es\/wp-json\/wp\/v2\/tags?post=318108"}],"curies":[{"name":"wp","href":"https:\/\/api.w.org\/{rel}","templated":true}]}}