{"id":318112,"date":"2026-01-01T23:10:15","date_gmt":"2026-01-01T23:10:15","guid":{"rendered":"https:\/\/www.europesays.com\/es\/318112\/"},"modified":"2026-01-01T23:10:15","modified_gmt":"2026-01-01T23:10:15","slug":"de-la-venta-de-cantora-a-una-separacion-que-hizo-saltar-todo-de-nuevo-por-los-aires","status":"publish","type":"post","link":"https:\/\/www.europesays.com\/es\/318112\/","title":{"rendered":"de la venta de Cantora a una separaci\u00f3n que hizo saltar todo (de nuevo) por los aires"},"content":{"rendered":"<p id=\"eHGNvMD7kM\" data-wc=\"63\">Una vez m\u00e1s,<strong>\u00a0Isabel Pantoja pone fin a un<\/strong><strong>\u00a0annus horribilis<\/strong>. La paz, estabilidad y calma en la familia de la artista parece que no llega nunca y, cuando todo parece estar tranquilo, salta de nuevo la bomba. Tensiones que salen de nuevo a relucir, declaraciones que hacen saltar todo por los aires, una finca \u00abmaldita\u00bb y una reconciliaci\u00f3n que no llega nunca.\u00a0<\/p>\n<p> <img src=\"https:\/\/www.europesays.com\/es\/wp-content\/uploads\/2025\/08\/a076b248b2c3-dlu514296053-2.jpg\"   width=\"1024\" height=\"682\" loading=\"lazy\" decoding=\"async\" alt=\"Isabel Pantoja actuando en el &quot;Orgullo&quot; de Madrid en 2022\" fetchpriority=\"auto\" class=\"image ho-image\"\/>\u00a9 GTRESIsabel Pantoja, emocionada en una de sus \u00faltimas actuaciones<br \/>\nUna mudanza con muchas inc\u00f3gnitas<\/p>\n<p id=\"eV3LMW0IiY\" data-wc=\"83\"><strong>La finca Cantora ha tra\u00eddo de cabeza desde hace a\u00f1os a Isabel<\/strong>. <a class=\"hm-link ho-link\" href=\"https:\/\/www.hola.com\/actualidad\/20251106866057\/fran-y-cayetano-rivera-lucha-capotes-paquirri\/\" data-mrf-recirculation=\"article-body-link\" rel=\"nofollow noopener\" target=\"_blank\">Las deudas se acumulaban\u00a0<\/a>y con la marcha de sus hijos y el fallecimiento de su madre, do\u00f1a Ana, la artista se quedaba sola. En noviembre, vend\u00eda la gran joya de su patrimonio inmobiliario, donde ha vivido desde que contrajo matrimonio con Paquirri y han crecido sus hijos, Kiko Rivera e Isa Pantoja. Un cap\u00edtulo m\u00e1s que ha cerrado este a\u00f1o y que abre nuevas preguntas en torno a su futuro.\u00a0<\/p>\n<p> <img src=\"https:\/\/www.europesays.com\/es\/wp-content\/uploads\/2026\/01\/a3623bc992c3-dlu564001015.jpg\"   width=\"1024\" height=\"682\" loading=\"lazy\" decoding=\"async\" alt=\"Imagen de Cantora\" fetchpriority=\"auto\" class=\"image ho-image\"\/>\u00a9 GTRESImagen de Cantora<\/p>\n<p id=\"e_2wLC6DUQ\" data-wc=\"85\">Volcada en su trabajo, <strong>Isabel\u00a0<\/strong><a class=\"hm-link ho-link\" href=\"https:\/\/www.hola.com\/actualidad\/20240903716207\/isabel-pantoja-se-muda-madrid-nueva-casa\/\" data-mrf-recirculation=\"article-body-link\" rel=\"nofollow noopener\" target=\"_blank\">se traslad\u00f3 a Madrid en el a\u00f1o 2024.<\/a> Cantora se le quedaba demasiado grande desde la triste p\u00e9rdida de su madre en septiembre de 2021 y le resultaba m\u00e1s c\u00f3modo para centrarse en su gira por el &#8217;50 aniversario&#8217; de su carrera. Ahora, los rumores de un nuevo traslado crecen. Rep\u00fablica Dominicana, Miami o Portugal podr\u00edan ser sus nuevos destinos, as\u00ed tambi\u00e9n se alejar\u00eda de los conflictos familiares y buscar\u00eda fuera de nuestras fronteras la tranquilidad que aqu\u00ed le falta.\u00a0<\/p>\n<p> <img src=\"https:\/\/www.europesays.com\/es\/wp-content\/uploads\/2026\/01\/5f65863a1025-dlu554332012.jpg\"   width=\"1080\" height=\"1080\" loading=\"lazy\" decoding=\"async\" alt=\"La cantante, muy sonriente en una de sus \u00faltimas apariciones en la capital\" fetchpriority=\"auto\" class=\"image ho-image\"\/>\u00a9 GTRESLa cantante, muy sonriente en una de sus \u00faltimas apariciones en la capital<\/p>\n<p> <img src=\"https:\/\/www.europesays.com\/es\/wp-content\/uploads\/2026\/01\/cc9c091345c9-gettyimages-2149103377.jpg\"   width=\"681\" height=\"1024\" loading=\"lazy\" decoding=\"async\" alt=\"Agust\u00edn Pantoja se ha convertido en el mayor apoyo de su hermana en los \u00faltimos a\u00f1os\" fetchpriority=\"auto\" class=\"image ho-image\"\/>\u00a9 Europa PressAgust\u00edn Pantoja se ha convertido en el mayor apoyo de su hermana en los \u00faltimos a\u00f1os<\/p>\n<p id=\"eJlkxjd0Jq\" data-wc=\"58\"><a class=\"hm-link ho-link\" href=\"https:\/\/www.hola.com\/actualidad\/20250716844634\/isabel-pantoja-un-desmentido-categorico-y-una-gran-incognita-la-decision-no-esta-tomada\/\" data-mrf-recirculation=\"article-body-link\" rel=\"nofollow noopener\" target=\"_blank\">\u00abLa decisi\u00f3n no est\u00e1 tomada\u00bb<\/a>, nos confirmaba su entorno m\u00e1s cercano el pasado mes de julio cuando nos interesamos por los pr\u00f3ximos planes de la int\u00e9rprete de Marinero de Luces, pero desconocemos si este tiempo ha sido suficiente para aclarar las ideas y, sobre todo, ver d\u00f3nde es mejor que establezca su hogar para empezar un nuevo cap\u00edtulo.\u00a0<\/p>\n<p>Medi\u00e1tica reaparici\u00f3n<\/p>\n<p id=\"ezyZxNYU1C\" data-wc=\"91\"><strong>Este 2025, han sido pocas las veces que hemos visto a la artista<\/strong>. Sin embargo, el 27 de noviembre y tras unos meses apartada del foco medi\u00e1tico,<strong>\u00a0<\/strong>reaparec\u00eda entre c\u00e1maras para acudir a los Juzgados de Pozuelo de Alarc\u00f3n, Madrid<strong>.<\/strong> A la cita acudi\u00f3 acompa\u00f1ada de <strong>su hermano, Agust\u00edn, su fiel escudero desde que rompiera la relaci\u00f3n con sus dos hijos<\/strong>. La cantante acudi\u00f3, entre focos y c\u00e1maras, a los juzgados para ratificar la demanda contra varios medios de comunicaci\u00f3n, por difundir datos de car\u00e1cter \u00edntimo sobre su estado de salud.\u00a0<\/p>\n<p> <img src=\"https:\/\/www.europesays.com\/es\/wp-content\/uploads\/2025\/12\/f0bef159d10f-dlu595747036.jpg\"   width=\"1024\" height=\"682\" loading=\"lazy\" decoding=\"async\" alt=\"Isabel Pantoja, entre focos y c\u00e1maras, reaparece en los Juzgados de Pozuelo de Alarc\u00f3n (Madrid)\" fetchpriority=\"auto\" class=\"image ho-image\"\/>\u00a9 GTRESIsabel Pantoja, entre focos y c\u00e1maras, reaparece en los Juzgados de Pozuelo de Alarc\u00f3n (Madrid)<\/p>\n<p id=\"eYbpf5yuIb\" data-wc=\"78\">A pesar de la gran expectaci\u00f3n que gener\u00f3 su llegada, a Isabel la ve\u00edamos llegar tranquila e incluso en algunos momentos, la vimos sonre\u00edr, ajena a los titulares que han ocupado Kiko e Isa en los \u00faltimos meses. El gran hermetismo en torno a su presente y futuro contin\u00faa. Actualmente, solo sabemos que el 27 de junio actuar\u00e1 en Sevilla junto a Il Divo. <a class=\"hm-link ho-link\" href=\"https:\/\/www.hola.com\/actualidad\/20250730847406\/isabel-pantoja-reaparece-verano-de-incognitas-sueno-hecho-realidad\/\" data-mrf-recirculation=\"article-body-link\" rel=\"nofollow noopener\" target=\"_blank\">Una actuaci\u00f3n \u00fanica y en la que Isabel lleva trabajando desde el pasado verano<\/a>.\u00a0<\/p>\n<p> <img src=\"https:\/\/www.europesays.com\/es\/wp-content\/uploads\/2026\/01\/9d3a679436b0-dlu595747045.jpg\"   width=\"682\" height=\"1024\" loading=\"lazy\" decoding=\"async\" alt=\"Acompa\u00f1ada de su abogado y su hermano Agust\u00edn, la artista se mostr\u00f3 tranquila aparentemente\" fetchpriority=\"auto\" class=\"image ho-image\"\/>\u00a9 GTRESAcompa\u00f1ada de su abogado y su hermano Agust\u00edn, la artista se mostr\u00f3 tranquila aparentemente<br \/>\nUna separaci\u00f3n, una demoledora entrevista y una reacci\u00f3n esperada<\/p>\n<p id=\"evfWj7puiB\" data-wc=\"65\">Desde agosto, los acontecimientos en la familia Pantoja no han dejado de sucederse. Empecemos por el principio. <a class=\"hm-link ho-link\" href=\"https:\/\/www.hola.com\/actualidad\/20250827851943\/kiko-rivera-e-irene-rosales-se-separan-despues-de-9-anios-de-casados\/\" data-mrf-recirculation=\"article-body-link\" rel=\"nofollow noopener\" target=\"_blank\">Kiko Rivera e Irene Rosales se separaban<\/a> tras 11 a\u00f1os juntos y dos hijas en com\u00fan el pasado 27 de agosto. El DJ r\u00e1pidamente aclar\u00f3 que era una ruptura amistosa y que no iba a hablar p\u00fablicamente de su vida personal, como ya hab\u00eda hecho en otras ocasiones.\u00a0<\/p>\n<p> <img src=\"https:\/\/www.europesays.com\/es\/wp-content\/uploads\/2026\/01\/3d0c8f68c94e-dlu432077037.jpg\"   width=\"682\" height=\"1024\" loading=\"lazy\" decoding=\"async\" alt=\"Kiko Rivera e Irene Rosales\" fetchpriority=\"auto\" class=\"image ho-image\"\/>\u00a9 GTRESKiko e Irene se separaron en agosto de 2025<\/p>\n<p id=\"erce6aiafK\" data-wc=\"100\">Tres meses despu\u00e9s, y tras conocerse que Irene ten\u00eda una nueva ilusi\u00f3n, el hijo de Isabel Pantoja remov\u00eda no solo los cimientos de su matrimonio, sino que durante <a class=\"hm-link ho-link\" href=\"https:\/\/www.hola.com\/actualidad\/20251115867655\/kiko-rivera-de-viernes-entrevsita\/\" data-mrf-recirculation=\"article-body-link\" rel=\"nofollow noopener\" target=\"_blank\">una demoledora entrevista<\/a> en televisi\u00f3n, habl\u00f3 de su madre y de su hermana, a la que pidi\u00f3 p\u00fablicamente perd\u00f3n. Fueron muchos los titulares que dej\u00f3 en su regreso a los medios, pero sin duda, lo que m\u00e1s llam\u00f3 la atenci\u00f3n fueron los continuos reproches a Isabel Pantoja. O\u00eddos sordos y cuando todo el mundo se preguntaba c\u00f3mo se habr\u00eda tomado estas declaraciones, la artista regres\u00f3 a las redes para promocionar su gira.\u00a0<\/p>\n<p> <img src=\"https:\/\/www.europesays.com\/es\/wp-content\/uploads\/2026\/01\/b340c16b4b64-gettyimages-1091378690-1.jpg\"   width=\"631\" height=\"1024\" loading=\"lazy\" decoding=\"async\" alt=\"Imagen de archivo de Kiko Rivera con su madre, Isabel Pantoja\" fetchpriority=\"auto\" class=\"image ho-image\"\/>\u00a9 Europa PressIsabel y Kiko, en una fotograf\u00eda de archivo<\/p>\n<p> <img src=\"https:\/\/www.europesays.com\/es\/wp-content\/uploads\/2025\/11\/adfb9f8486e5-dlu436112072-1.jpg\"   width=\"1024\" height=\"681\" loading=\"lazy\" decoding=\"async\" alt=\"Isabel Pantoja, \u00faltima imagen junto a sus hijos en televisi\u00f3n tras participar en Supervivientes en 2019\" fetchpriority=\"auto\" class=\"image ho-image\"\/>\u00a9 GTRESIsabel Pantoja, \u00faltima imagen junto a sus hijos en televisi\u00f3n tras participar en Supervivientes en 2019<\/p>\n<p id=\"eK4vz6NIxCG\" data-wc=\"70\">D\u00edas despu\u00e9s, y como era de esperar, hac\u00eda lo propio Isa Pantoja, que respond\u00eda a su hermano tambi\u00e9n en un plat\u00f3. Al mismo tiempo, aprovechaba este momento para hablar de la relaci\u00f3n (inexistente) con su madre. <strong>\u00ab<\/strong><a class=\"hm-link ho-link\" href=\"https:\/\/www.hola.com\/actualidad\/20251122868944\/esperada-respuesta-isa-pantoja-hermano-kiko-de-viernes\/\" data-mrf-recirculation=\"article-body-link\" rel=\"nofollow noopener\" target=\"_blank\">No albergo esperanza de reconciliarme con mi madre<\/a><strong>. Yo con ella tengo asumido que no voy a tener relaci\u00f3n, yo no he decidido apartarme de su vida, ella ha decidido apartarse de nosotros\u201d<\/strong>, sentenciaba.\u00a0<\/p>\n<p> <img src=\"https:\/\/www.europesays.com\/es\/wp-content\/uploads\/2026\/01\/4eeed8d99f12-captura-de-pantalla-45.png\"   width=\"1024\" height=\"578\" loading=\"lazy\" decoding=\"async\" alt=\"Isa Pantoja De Viernes\" fetchpriority=\"auto\" class=\"image ho-image\"\/>\u00a9 TelecincoIsa, tajante en cuanto a la reconciliaci\u00f3n con su madre<\/p>\n<p id=\"eSxurC0OzxE\" data-wc=\"27\">Por lo tanto, las tensiones durante este a\u00f1o no han hecho nada m\u00e1s que crecer y la reconciliaci\u00f3n entre madre e hijos es cada vez m\u00e1s dif\u00edcil.\u00a0<\/p>\n<p>\u00danica alegr\u00eda, en medio de la tempestad<\/p>\n<p id=\"eVGRccWlJd\" data-wc=\"76\">En este panorama tan hostil, no es f\u00e1cil imaginar que una buena noticia llegar\u00eda al clan. Sin embargo, en el mes de junio, la peque\u00f1a de todos se convert\u00eda en madre por segunda vez. <a class=\"hm-link ho-link\" href=\"https:\/\/www.hola.com\/actualidad\/20250622823759\/isa-pantoja-da-bienvenida-segundo-hijo-acabas-de-llegar-y-ya-te-queremos-con-locura\/\" data-mrf-recirculation=\"article-body-link\" rel=\"nofollow noopener\" target=\"_blank\">Isa daba la bienvenida al peque\u00f1o Cairo<\/a>, fruto de su matrimonio con Asraf Beno. Beb\u00e9 que no trajo la paz debajo del brazo, puesto que ni Isabel ni Kiko aprovecharon tal situaci\u00f3n para felicitarla o para conocer al peque\u00f1o de la familia.<\/p>\n<p> <img src=\"https:\/\/www.europesays.com\/es\/wp-content\/uploads\/2026\/01\/ecbc8a7a4bca-dlu586689010.jpg\"   width=\"1024\" height=\"681\" loading=\"lazy\" decoding=\"async\" alt=\"Isa Pantoja y Asraf Beno, felices con su beb\u00e9 a las puertas del hospital en C\u00e1diz. 25 June 2025\" fetchpriority=\"auto\" class=\"image ho-image\"\/>\u00a9 GTRESIsa Pantoja y Asraf Beno dan la bienvenida a su hijo, Cairo<\/p>\n<p id=\"ebd6xEiQkLQ\" data-wc=\"74\">El 2025 ha sido, por lo tanto, un a\u00f1o de muchas sombras y pocas luces para los Pantoja, que comienzan un nuevo a\u00f1o con diversas preguntas en torno a su futuro,, que solo el transcurso del tiempo podr\u00e1 dar respuestas. \u00bfCruzar\u00e1 el charco Isabel para comenzar una nueva etapa lejos de nuestro pa\u00eds? <a class=\"hm-link ho-link\" href=\"https:\/\/www.hola.com\/actualidad\/20201113179070\/voluntad-paquirri-testamento\/\" data-mrf-recirculation=\"article-body-link\" rel=\"nofollow noopener\" target=\"_blank\">\u00bfQu\u00e9 pasa con la herencia de Paquirri\u00a0<\/a>ahora que se ha vendido Cantora? \u00bfSe reconciliar\u00e1n Isa y Kiko? \u00bfHabr\u00e1 paz familiar?\u00a0<\/p>\n","protected":false},"excerpt":{"rendered":"Una vez m\u00e1s,\u00a0Isabel Pantoja pone fin a un\u00a0annus horribilis. La paz, estabilidad y calma en la familia de&hellip;\n","protected":false},"author":2,"featured_media":318113,"comment_status":"","ping_status":"","sticky":false,"template":"","format":"standard","meta":{"footnotes":""},"categories":[174],"tags":[517,255,146,147,25,24,256,4477,6370,12466,23],"class_list":{"0":"post-318112","1":"post","2":"type-post","3":"status-publish","4":"format-standard","5":"has-post-thumbnail","7":"category-famosos","8":"tag-actualidad","9":"tag-celebrities","10":"tag-entertainment","11":"tag-entretenimiento","12":"tag-es","13":"tag-espana","14":"tag-famosos","15":"tag-isa-pantoja","16":"tag-isabel-pantoja","17":"tag-kiko-rivera","18":"tag-spain"},"share_on_mastodon":{"url":"https:\/\/pubeurope.com\/@es\/115822370926671360","error":""},"_links":{"self":[{"href":"https:\/\/www.europesays.com\/es\/wp-json\/wp\/v2\/posts\/318112","targetHints":{"allow":["GET"]}}],"collection":[{"href":"https:\/\/www.europesays.com\/es\/wp-json\/wp\/v2\/posts"}],"about":[{"href":"https:\/\/www.europesays.com\/es\/wp-json\/wp\/v2\/types\/post"}],"author":[{"embeddable":true,"href":"https:\/\/www.europesays.com\/es\/wp-json\/wp\/v2\/users\/2"}],"replies":[{"embeddable":true,"href":"https:\/\/www.europesays.com\/es\/wp-json\/wp\/v2\/comments?post=318112"}],"version-history":[{"count":0,"href":"https:\/\/www.europesays.com\/es\/wp-json\/wp\/v2\/posts\/318112\/revisions"}],"wp:featuredmedia":[{"embeddable":true,"href":"https:\/\/www.europesays.com\/es\/wp-json\/wp\/v2\/media\/318113"}],"wp:attachment":[{"href":"https:\/\/www.europesays.com\/es\/wp-json\/wp\/v2\/media?parent=318112"}],"wp:term":[{"taxonomy":"category","embeddable":true,"href":"https:\/\/www.europesays.com\/es\/wp-json\/wp\/v2\/categories?post=318112"},{"taxonomy":"post_tag","embeddable":true,"href":"https:\/\/www.europesays.com\/es\/wp-json\/wp\/v2\/tags?post=318112"}],"curies":[{"name":"wp","href":"https:\/\/api.w.org\/{rel}","templated":true}]}}