{"id":318121,"date":"2026-01-01T23:17:09","date_gmt":"2026-01-01T23:17:09","guid":{"rendered":"https:\/\/www.europesays.com\/es\/318121\/"},"modified":"2026-01-01T23:17:09","modified_gmt":"2026-01-01T23:17:09","slug":"confundador-de-youtube-explica-por-que-no-quiere-que-sus-hijos-vean-videos-en-formato-short","status":"publish","type":"post","link":"https:\/\/www.europesays.com\/es\/318121\/","title":{"rendered":"Confundador de YouTube explica por qu\u00e9 no quiere que sus hijos vean videos en formato \u2018short\u2019"},"content":{"rendered":"<p><img alt=\"Steve Chen, cofundador de YouTube,\" class=\"global-image\" decoding=\"async\" fetchpriority=\"high\" height=\"1080\" loading=\"eager\" src=\"https:\/\/www.europesays.com\/es\/wp-content\/uploads\/2026\/01\/WJ4KVBFI4JACTDR6SVUFZXIL7Q.png\" width=\"1920\"\/>Steve Chen, cofundador de YouTube, recomend\u00f3 limitar el acceso de los menores a estos contenidos para proteger su desarrollo. (EFE)<\/p>\n<p class=\"paragraph\">La preocupaci\u00f3n por el impacto de los <a href=\"https:\/\/www.infobae.com\/tecno\/2025\/12\/25\/elon-musk-arremete-contra-los-videos-cortos-estan-pudriendo-el-cerebro-de-las-personas\/\" target=\"_blank\" rel=\"noreferrer nofollow noopener\" title=\"https:\/\/www.infobae.com\/tecno\/2025\/12\/25\/elon-musk-arremete-contra-los-videos-cortos-estan-pudriendo-el-cerebro-de-las-personas\/\"><b>videos cortos<\/b><\/a> (de tipo \u2018short\u2019) en la infancia ha cobrado relevancia tras la advertencia p\u00fablica de <b>Steve Chen<\/b>, cofundador de <a href=\"https:\/\/www.infobae.com\/tecno\/2025\/12\/27\/mas-del-20-de-los-videos-que-se-muestran-a-nuevos-usuarios-de-youtube-estan-hechos-con-ia-segun-estudio\/\" target=\"_blank\" rel=\"noreferrer nofollow noopener\" title=\"https:\/\/www.infobae.com\/tecno\/2025\/12\/27\/mas-del-20-de-los-videos-que-se-muestran-a-nuevos-usuarios-de-youtube-estan-hechos-con-ia-segun-estudio\/\"><b>YouTube<\/b><\/a>, sobre los riesgos que estos formatos podr\u00edan suponer en el desarrollo infantil. Chen alert\u00f3 sobre el consumo de videos breves por parte de los ni\u00f1os, al considerar que pueden afectar de manera negativa la atenci\u00f3n y el bienestar infantil.<\/p>\n<p class=\"paragraph\">Esta postura coincide con observaciones de la comunidad cient\u00edfica, que documenta el v\u00ednculo entre el uso intensivo de videos cortos y problemas de <b>salud mental digital<\/b> y cognitiva en j\u00f3venes.<\/p>\n<p class=\"paragraph\">Durante una conferencia organizada a inicios de 2024 en la <b>Universidad de Stanford<\/b>, Steve Chen expres\u00f3 su escepticismo respecto a la proliferaci\u00f3n de contenidos cortos en plataformas como <b>TikTok<\/b> y el propio <b>YouTube<\/b>. \u201cEl consumo de contenido breve se traduce en menores periodos de atenci\u00f3n\u201d, remarc\u00f3, advirtiendo sobre los efectos para quienes est\u00e1n expuestos de manera habitual a este est\u00edmulo.<\/p>\n<p><img alt=\"Plataformas como TikTok y YouTube\" class=\"global-image\" decoding=\"async\" fetchpriority=\"low\" height=\"2001\" loading=\"lazy\" src=\"https:\/\/www.europesays.com\/es\/wp-content\/uploads\/2026\/01\/NHFPCRAW25CKFK3DXU63T2KPSM.JPG\" width=\"3000\"\/>Plataformas como TikTok y YouTube concentran gran parte del tiempo digital de los j\u00f3venes. (Reuters)<\/p>\n<p class=\"paragraph\">Chen, padre de dos hijos, relat\u00f3 que <b>ha decidido limitar el acceso de los menores de su familia a estos videos<\/b> y priorizar el contacto con formatos m\u00e1s largos. Seg\u00fan su experiencia, otros padres han tomado medidas similares, incentivando el consumo de contenidos que no dependen de colores llamativos ni trucos visuales para captar la atenci\u00f3n de los menores. Esta pr\u00e1ctica busca evitar que los ni\u00f1os generen una dependencia hacia la gratificaci\u00f3n inmediata caracter\u00edstica de los videos breves.<\/p>\n<p class=\"paragraph\">El ingeniero tambi\u00e9n enfatiz\u00f3 la presi\u00f3n que enfrentan las compa\u00f1\u00edas tecnol\u00f3gicas para adaptar sus plataformas a este tipo de formatos debido al auge de <b>TikTok<\/b>. Sin embargo, consider\u00f3 que sigue siendo responsabilidad de estas firmas implementar mecanismos de protecci\u00f3n, como restricciones de edad o l\u00edmites temporales de acceso, para mitigar los posibles riesgos adictivos.<\/p>\n<p class=\"paragraph\">El auge de los <b>videos cortos<\/b> ha transformado de manera profunda la vida digital de ni\u00f1os y adolescentes. De acuerdo con un metaan\u00e1lisis sobre salud digital, plataformas como <b>TikTok<\/b>, <b>Instagram<\/b> y <b>YouTube<\/b> conforman hoy un elemento central del esparcimiento y la socializaci\u00f3n juvenil. Mediante algoritmos de personalizaci\u00f3n, estos servicios captan la atenci\u00f3n de millones de menores, quienes pueden pasar desde una hora diaria hasta m\u00e1s de setenta minutos continuos frente a estos contenidos, seg\u00fan el mismo estudio.<\/p>\n<p><img alt=\"La exposici\u00f3n prolongada a videos\" class=\"global-image\" decoding=\"async\" fetchpriority=\"low\" height=\"2001\" loading=\"lazy\" src=\"https:\/\/www.europesays.com\/es\/wp-content\/uploads\/2026\/01\/ANJ2KPNPZVFWBAJPI3M4UR5T3E.JPG\" width=\"3000\"\/>La exposici\u00f3n prolongada a videos breves, como los de TikTok, se asocia con problemas de sue\u00f1o y ansiedad social, seg\u00fan estudios recientes. (Reuters)<\/p>\n<p class=\"paragraph\">En <b>Estados Unidos<\/b>, los usuarios de <b>TikTok<\/b> de entre 12 y 17 a\u00f1os dedican en promedio una hora y 18 minutos diarios a la aplicaci\u00f3n, mientras que los de 18 a 24 a\u00f1os alcanzan una media de una hora y 15 minutos al d\u00eda. El flujo constante de nuevos videos, de entre quince y noventa segundos, se ha integrado en la rutina cotidiana de los j\u00f3venes en etapas de formaci\u00f3n. Para algunos preadolescentes, estas plataformas representan una v\u00eda para explorar intereses y fortalecer lazos con pares; para otros, el uso persistente y sin interrupciones limita el tiempo de descanso y pone a prueba la capacidad de autocontrol frente a la pantalla.<\/p>\n<p class=\"paragraph\">El informe cient\u00edfico advierte que la personalizaci\u00f3n autom\u00e1tica y la falta de pausas convierten el visionado de videos cortos en una experiencia potencialmente compulsiva. La gratificaci\u00f3n inmediata y la sucesi\u00f3n continua de est\u00edmulos pueden llevar a que los menores destinen cada vez m\u00e1s tiempo y energ\u00eda a estas plataformas, relegando otras actividades fundamentales para su desarrollo.<\/p>\n<p class=\"paragraph\">La evidencia cient\u00edfica resalta la relaci\u00f3n entre el consumo elevado de <b>videos cortos<\/b> y distintos problemas de salud mental en menores. Diversos estudios mencionados en el metaan\u00e1lisis han detectado efectos negativos en la concentraci\u00f3n, el control de impulsos y la calidad del sue\u00f1o entre quienes utilizan de forma intensiva estos contenidos.<\/p>\n<p class=\"paragraph\">La revisi\u00f3n de 71 estudios, con casi 100.000 participantes en total, revel\u00f3 una relaci\u00f3n moderada entre el uso intensivo de estas plataformas y la reducci\u00f3n tanto en la capacidad de atenci\u00f3n como en la inhibici\u00f3n conductual. El car\u00e1cter cambiante y emocionalmente intenso de los videos cortos puede dificultar la estabilidad cerebral y la relajaci\u00f3n necesarias para dormir, lo que se traduce frecuente en insomnio y ansiedad social.<\/p>\n<p><img alt=\"La falta de regulaci\u00f3n y\" class=\"global-image\" decoding=\"async\" fetchpriority=\"low\" height=\"1080\" loading=\"lazy\" src=\"https:\/\/www.europesays.com\/es\/wp-content\/uploads\/2026\/01\/EHDQDQZV3FG6ZCGQRF73ZBVHV4.jpg\" width=\"1920\"\/>La falta de regulaci\u00f3n y supervisi\u00f3n convierte a los videos cortos en un factor de riesgo para la salud mental infantil. (Imagen ilustrativa Infobae)<\/p>\n<p class=\"paragraph\">Estos problemas de sue\u00f1o afectan el estado de \u00e1nimo, la memoria y la resiliencia, generando un ciclo dif\u00edcil de interrumpir, especialmente en ni\u00f1os sujetos a presiones sociales o familiares. Adem\u00e1s, la exposici\u00f3n constante a las vidas idealizadas de otros usuarios en redes sociales favorece comparaciones poco realistas, vincul\u00e1ndose en algunos preadolescentes con un aumento de la ansiedad y una autoestima m\u00e1s baja. No obstante, investigaciones recientes no han encontrado un v\u00ednculo directo entre el uso de videos cortos y una imagen corporal deteriorada, aunque s\u00ed un incremento del <b>estr\u00e9s<\/b>.<\/p>\n<p class=\"paragraph\">Estas conclusiones coinciden con la perspectiva de <b>Steve Chen<\/b>, quien advierte que la falta de regulaci\u00f3n y control podr\u00eda convertir a los videos cortos en un factor de riesgo silencioso para el equilibrio emocional y cognitivo de las nuevas generaciones.<\/p>\n","protected":false},"excerpt":{"rendered":"Steve Chen, cofundador de YouTube, recomend\u00f3 limitar el acceso de los menores a estos contenidos para proteger su&hellip;\n","protected":false},"author":2,"featured_media":318122,"comment_status":"","ping_status":"","sticky":false,"template":"","format":"standard","meta":{"footnotes":""},"categories":[92],"tags":[25,24,406,165,166,23],"class_list":{"0":"post-318121","1":"post","2":"type-post","3":"status-publish","4":"format-standard","5":"has-post-thumbnail","7":"category-salud","8":"tag-es","9":"tag-espana","10":"tag-europe","11":"tag-health","12":"tag-salud","13":"tag-spain"},"share_on_mastodon":{"url":"https:\/\/pubeurope.com\/@es\/115822398511576745","error":""},"_links":{"self":[{"href":"https:\/\/www.europesays.com\/es\/wp-json\/wp\/v2\/posts\/318121","targetHints":{"allow":["GET"]}}],"collection":[{"href":"https:\/\/www.europesays.com\/es\/wp-json\/wp\/v2\/posts"}],"about":[{"href":"https:\/\/www.europesays.com\/es\/wp-json\/wp\/v2\/types\/post"}],"author":[{"embeddable":true,"href":"https:\/\/www.europesays.com\/es\/wp-json\/wp\/v2\/users\/2"}],"replies":[{"embeddable":true,"href":"https:\/\/www.europesays.com\/es\/wp-json\/wp\/v2\/comments?post=318121"}],"version-history":[{"count":0,"href":"https:\/\/www.europesays.com\/es\/wp-json\/wp\/v2\/posts\/318121\/revisions"}],"wp:featuredmedia":[{"embeddable":true,"href":"https:\/\/www.europesays.com\/es\/wp-json\/wp\/v2\/media\/318122"}],"wp:attachment":[{"href":"https:\/\/www.europesays.com\/es\/wp-json\/wp\/v2\/media?parent=318121"}],"wp:term":[{"taxonomy":"category","embeddable":true,"href":"https:\/\/www.europesays.com\/es\/wp-json\/wp\/v2\/categories?post=318121"},{"taxonomy":"post_tag","embeddable":true,"href":"https:\/\/www.europesays.com\/es\/wp-json\/wp\/v2\/tags?post=318121"}],"curies":[{"name":"wp","href":"https:\/\/api.w.org\/{rel}","templated":true}]}}