{"id":318129,"date":"2026-01-01T23:21:18","date_gmt":"2026-01-01T23:21:18","guid":{"rendered":"https:\/\/www.europesays.com\/es\/318129\/"},"modified":"2026-01-01T23:21:18","modified_gmt":"2026-01-01T23:21:18","slug":"comunidad-de-taize-el-proximo-encuentro-de-jovenes-europeos-sera-en-polonia","status":"publish","type":"post","link":"https:\/\/www.europesays.com\/es\/318129\/","title":{"rendered":"Comunidad de Taiz\u00e9: el pr\u00f3ximo encuentro de j\u00f3venes europeos ser\u00e1 en Polonia"},"content":{"rendered":"<p>Mientras continuaba en Par\u00eds el encuentro que re\u00fane a 15.000 j\u00f3venes, entre ellos unos 1.000 ucranianos, se ha anunciado que la cita del pr\u00f3ximo a\u00f1o se celebrar\u00e1 en un pa\u00eds de Europa oriental. Una invitaci\u00f3n a seguir construyendo la paz dentro de nosotros y en el mundo.&#13;\n<\/p>\n<p style=\"text-align: justify;\"><b>Vatican News<\/b><\/p>\n<p style=\"text-align: justify;\">El pr\u00f3ximo encuentro de j\u00f3venes de la comunidad de Taiz\u00e9 tendr\u00e1 lugar del 28 de diciembre de 2026 al 1 de enero de 2027 en \u0141\u00f3d\u017a, Polonia. El anuncio lo hizo el 30 de diciembre de 2025 el hermano Matthew, prior de Taiz\u00e9, durante la oraci\u00f3n vespertina en el marco del encuentro de la comunidad que se celebra en Francia del 28 de diciembre de 2025 al 1 de enero de 2026.<\/p>\n<p style=\"text-align: justify;\">Una nota de la comunidad de Taiz\u00e9 recuerda que el primer encuentro en Polonia (Wroc\u0142aw, 1989-1990) coincidi\u00f3 con la ca\u00edda de la Cortina de Hierro. Este pr\u00f3ximo encuentro europeo, el sexto en suelo polaco, es una invitaci\u00f3n a seguir construyendo la paz dentro de nosotros y en el mundo. Como sugiere el hermano Matthew en su carta para 2026, \u00aba trav\u00e9s de los dem\u00e1s podemos vernos sorprendidos al descubrir algo que no habr\u00edamos encontrado solos\u00bb.<\/p>\n<p style=\"text-align: justify;\">Mientras tanto, este jueves 1 de enero concluye en Par\u00eds el 48\u00ba Encuentro Europeo de Taiz\u00e9, que re\u00fane a 15.000 j\u00f3venes procedentes de Europa y de todo el mundo, entre ellos alrededor de 1.000 ucranianos que \u2014subraya la comunidad\u2014 \u00abcon su participaci\u00f3n expresan el deseo de paz y de fraternidad en su pa\u00eds, desgarrado por la guerra\u00bb. Los j\u00f3venes han sido acogidos por familias o alojados en parroquias. La noche del 31 de diciembre realizaron la vigilia, seguida de la \u00abFiesta de las Naciones\u00bb.\u00a0<\/p>\n<p style=\"text-align: justify;\">En los \u00faltimos d\u00edas, el Papa Le\u00f3n XIV se dirigi\u00f3 a los j\u00f3venes reunidos por la comunidad de Taiz\u00e9 mediante un mensaje firmado por el cardenal secretario de Estado, Pietro Parolin. La invitaci\u00f3n del Papa es a ser \u00abperegrinos de confianza, artesanos de paz y de reconciliaci\u00f3n, capaces de llevar una esperanza humilde y gozosa a cuantos los rodean\u00bb. Tambi\u00e9n llegaron mensajes del patriarca ecum\u00e9nico de Constantinopla, Bartolom\u00e9, del secretario general de las Naciones Unidas, Ant\u00f3nio Guterres, y de la presidenta de la Comisi\u00f3n Europea, Ursula von der Leyen. En los textos se recuerda el t\u00edtulo y el sentido de la carta para 2026 escrita por el hermano Matthew, que retoma la pregunta \u00ab\u00bfQu\u00e9 buscan?\u00bb, formulada por Jes\u00fas a los primeros disc\u00edpulos en Juan 1,38.<\/p>\n<p>      <a href=\"https:\/\/www.vaticannews.va\/es\/papa\/news\/2025-12\/papa-leon-xiv-mensaje-jovenes-taize-paris-francia-2025.html\" title=\"El Papa a los j\u00f3venes de Taiz\u00e9: Sean constructores de paz y portadores de esperanza\" rel=\"nofollow noopener\" target=\"_blank\"><\/p>\n<p>         <img decoding=\"async\" src=\"data:image\/gif;base64,R0lGODlhAQABAIAAAAAAAP\/\/\/yH5BAEAAAAALAAAAAABAAEAAAIBRAA7\" data-original=\"https:\/\/www.vaticannews.va\/content\/dam\/vaticannews\/multimedia\/2021\/08\/19\/Q12.jpg\/_jcr_content\/renditions\/cq5dam.thumbnail.cropped.500.281.jpeg\" alt=\"El Papa a los j\u00f3venes de Taiz\u00e9: Sean constructores de paz y portadores de esperanza\"\/><\/p>\n<p>       <\/a><\/p>\n<p>\n       En un mensaje firmado por el cardenal secretario de Estado, Pietro Parolin, dirigido a los participantes del 48.\u00ba Encuentro europeo de fin de a\u00f1o organizado en Par\u00eds por la &#8230;\n      <\/p>\n<p> <\/p>\n","protected":false},"excerpt":{"rendered":"Mientras continuaba en Par\u00eds el encuentro que re\u00fane a 15.000 j\u00f3venes, entre ellos unos 1.000 ucranianos, se ha&hellip;\n","protected":false},"author":2,"featured_media":318130,"comment_status":"","ping_status":"","sticky":false,"template":"","format":"standard","meta":{"footnotes":""},"categories":[42],"tags":[17,18,73155,65808,700,13,14,11,61,62,63,64,433,19,20,9,10,15,16,7027,12,21,22,65,66,67],"class_list":{"0":"post-318129","1":"post","2":"type-post","3":"status-publish","4":"format-standard","5":"has-post-thumbnail","7":"category-internacional","8":"tag-breaking-news","9":"tag-breakingnews","10":"tag-comunidad-de-taize","11":"tag-dialogo-interreligioso","12":"tag-europa","13":"tag-featured-news","14":"tag-featurednews","15":"tag-headlines","16":"tag-internacional","17":"tag-international","18":"tag-international-news","19":"tag-internationalnews","20":"tag-jovenes","21":"tag-latest-news","22":"tag-latestnews","23":"tag-news","24":"tag-noticias","25":"tag-noticias-destacadas","26":"tag-noticiasdestacadas","27":"tag-polonia","28":"tag-titulares","29":"tag-ultimas-noticias","30":"tag-ultimasnoticias","31":"tag-world","32":"tag-world-news","33":"tag-worldnews"},"share_on_mastodon":{"url":"https:\/\/pubeurope.com\/@es\/115822414006463884","error":""},"_links":{"self":[{"href":"https:\/\/www.europesays.com\/es\/wp-json\/wp\/v2\/posts\/318129","targetHints":{"allow":["GET"]}}],"collection":[{"href":"https:\/\/www.europesays.com\/es\/wp-json\/wp\/v2\/posts"}],"about":[{"href":"https:\/\/www.europesays.com\/es\/wp-json\/wp\/v2\/types\/post"}],"author":[{"embeddable":true,"href":"https:\/\/www.europesays.com\/es\/wp-json\/wp\/v2\/users\/2"}],"replies":[{"embeddable":true,"href":"https:\/\/www.europesays.com\/es\/wp-json\/wp\/v2\/comments?post=318129"}],"version-history":[{"count":0,"href":"https:\/\/www.europesays.com\/es\/wp-json\/wp\/v2\/posts\/318129\/revisions"}],"wp:featuredmedia":[{"embeddable":true,"href":"https:\/\/www.europesays.com\/es\/wp-json\/wp\/v2\/media\/318130"}],"wp:attachment":[{"href":"https:\/\/www.europesays.com\/es\/wp-json\/wp\/v2\/media?parent=318129"}],"wp:term":[{"taxonomy":"category","embeddable":true,"href":"https:\/\/www.europesays.com\/es\/wp-json\/wp\/v2\/categories?post=318129"},{"taxonomy":"post_tag","embeddable":true,"href":"https:\/\/www.europesays.com\/es\/wp-json\/wp\/v2\/tags?post=318129"}],"curies":[{"name":"wp","href":"https:\/\/api.w.org\/{rel}","templated":true}]}}