{"id":318133,"date":"2026-01-01T23:23:29","date_gmt":"2026-01-01T23:23:29","guid":{"rendered":"https:\/\/www.europesays.com\/es\/318133\/"},"modified":"2026-01-01T23:23:29","modified_gmt":"2026-01-01T23:23:29","slug":"la-comunidad-de-madrid-avanza-en-el-desarrollo-de-milla-canal-y-licita-el-proyecto-de-las-nuevas-instalaciones-deportivas","status":"publish","type":"post","link":"https:\/\/www.europesays.com\/es\/318133\/","title":{"rendered":"La Comunidad de Madrid avanza en el desarrollo de Milla Canal y licita el proyecto de las nuevas instalaciones deportivas"},"content":{"rendered":"<p>El presupuesto previsto en el pliego de contrataci\u00f3n, que incluye la direcci\u00f3n facultativa de la obra, asciende a 1.092.896,53 euros (IVA incluido) y contempla un periodo inicial de ejecuci\u00f3n de 26 meses. El procedimiento ser\u00e1 abierto y el plazo m\u00e1ximo para la presentaci\u00f3n de ofertas finaliza el 8 de enero de 2026, a las 23:59 horas. Toda la informaci\u00f3n relativa a este proceso puede consultarse en el <a href=\"https:\/\/contratos-publicos.comunidad.madrid\/contrato-publico\/redaccion-proyecto-direccion-facultativa-obras-reforma-general-instalaciones-0\" rel=\"nofollow noopener\" target=\"_blank\">Portal de Contrataci\u00f3n de la Comunidad de Madrid<\/a>.<\/p>\n<p>Milla Canal, que supondr\u00e1 una inversi\u00f3n de m\u00e1s de 18 millones de euros a lo largo de sus diferentes fases, se enmarca en el Plan Renueva, destinado a la modernizaci\u00f3n de las infraestructuras deportivas de la regi\u00f3n. As\u00ed, a lo largo de 2026 est\u00e1 previsto acometer las obras del nuevo acceso al complejo y la restauraci\u00f3n de la fachada sur del antiguo primer dep\u00f3sito.<\/p>\n<p>Igualmente, en este ejercicio se ampliar\u00e1n los vestuarios y se mejorar\u00e1 la accesibilidad de los campos de f\u00fatbol, as\u00ed como se redactar\u00e1 el proyecto para las obras de reforma general de las instalaciones.<\/p>\n<p>Como primer hito de esta iniciativa, el pasado verano se inaugur\u00f3 el espacio rehabilitado de la Fuente del r\u00edo Lozoya, situado en la calle Bravo Murillo, 49, recuperando para los ciudadanos este monumento p\u00fablico del siglo XIX. Esta actuaci\u00f3n ha permitido la peatonalizaci\u00f3n de este tramo por parte del Ayuntamiento de Madrid en algunos festivos.\u00a0<\/p>\n<p>Con esta remodelaci\u00f3n prevista, el complejo se integrar\u00e1 visual y funcionalmente en el entorno urbano, con accesos m\u00e1s c\u00f3modos y seguros. Tambi\u00e9n se recuperar\u00e1n edificaciones con valor hist\u00f3rico y arquitect\u00f3nico, y se construir\u00e1n otras nuevas destinadas a albergar salas de actividad f\u00edsica, vestuarios, aseos, cafeter\u00eda y oficinas.<\/p>\n<p><strong>Zonas ajardinadas de uso deportivo y gran playa de piscina<\/strong><\/p>\n<p>Los equipamientos existentes se modernizar\u00e1n y ampliar\u00e1n mediante la mejora y reubicaci\u00f3n de las pistas de tenis de tierra batida, la incorporaci\u00f3n de una nueva pista de p\u00e1del y la renovaci\u00f3n de los gimnasios. Asimismo, se reorganizar\u00e1n los espacios para incrementar las zonas ajardinadas compatibles con el uso deportivo, que incluir\u00e1n \u00e1reas de gimnasia para personas mayores, entrenamiento al aire libre, tenis de mesa y juegos infantiles.<\/p>\n<p>Una de estas superficies verdes se transformar\u00e1 en verano en una gran playa de piscina de aproximadamente 2.500 metros cuadrados, mientras que otra se reservar\u00e1 a usos culturales, como el paseo arbolado hist\u00f3rico al que se acceder\u00e1 desde Bravo Murillo, que se sumar\u00e1 al de Islas Filipinas, el cual ser\u00e1 ampliado.<\/p>\n<p>Tambi\u00e9n, se crear\u00e1 una terraza ajardinada para la cafeter\u00eda del nuevo edificio Boix y Morer, denominado as\u00ed en homenaje a los ingenieros que dise\u00f1aron el segundo dep\u00f3sito del Canal de Isabel II. Este albergar\u00e1 salas deportivas, vestuarios, aseos, oficinas y otros espacios. Por su parte, el actual espacio de administraci\u00f3n, protegido patrimonialmente, ser\u00e1 rehabilitado respetando su esencia original.<\/p>\n<p>Con el objetivo de garantizar que el complejo sea inclusivo y accesible para todos los madrile\u00f1os, se habilitar\u00e1 una zona de aparcamiento reservada para personas con movilidad reducida, en respuesta a las necesidades de los clubes que utilizan habitualmente estas instalaciones.<\/p>\n","protected":false},"excerpt":{"rendered":"El presupuesto previsto en el pliego de contrataci\u00f3n, que incluye la direcci\u00f3n facultativa de la obra, asciende a&hellip;\n","protected":false},"author":2,"featured_media":318134,"comment_status":"","ping_status":"","sticky":false,"template":"","format":"standard","meta":{"footnotes":""},"categories":[5],"tags":[17,18,25,24,13,14,11,19,20,9,10,15,16,23,12,21,22],"class_list":{"0":"post-318133","1":"post","2":"type-post","3":"status-publish","4":"format-standard","5":"has-post-thumbnail","7":"category-titulares","8":"tag-breaking-news","9":"tag-breakingnews","10":"tag-es","11":"tag-espana","12":"tag-featured-news","13":"tag-featurednews","14":"tag-headlines","15":"tag-latest-news","16":"tag-latestnews","17":"tag-news","18":"tag-noticias","19":"tag-noticias-destacadas","20":"tag-noticiasdestacadas","21":"tag-spain","22":"tag-titulares","23":"tag-ultimas-noticias","24":"tag-ultimasnoticias"},"share_on_mastodon":{"url":"https:\/\/pubeurope.com\/@es\/115822421761423452","error":""},"_links":{"self":[{"href":"https:\/\/www.europesays.com\/es\/wp-json\/wp\/v2\/posts\/318133","targetHints":{"allow":["GET"]}}],"collection":[{"href":"https:\/\/www.europesays.com\/es\/wp-json\/wp\/v2\/posts"}],"about":[{"href":"https:\/\/www.europesays.com\/es\/wp-json\/wp\/v2\/types\/post"}],"author":[{"embeddable":true,"href":"https:\/\/www.europesays.com\/es\/wp-json\/wp\/v2\/users\/2"}],"replies":[{"embeddable":true,"href":"https:\/\/www.europesays.com\/es\/wp-json\/wp\/v2\/comments?post=318133"}],"version-history":[{"count":0,"href":"https:\/\/www.europesays.com\/es\/wp-json\/wp\/v2\/posts\/318133\/revisions"}],"wp:featuredmedia":[{"embeddable":true,"href":"https:\/\/www.europesays.com\/es\/wp-json\/wp\/v2\/media\/318134"}],"wp:attachment":[{"href":"https:\/\/www.europesays.com\/es\/wp-json\/wp\/v2\/media?parent=318133"}],"wp:term":[{"taxonomy":"category","embeddable":true,"href":"https:\/\/www.europesays.com\/es\/wp-json\/wp\/v2\/categories?post=318133"},{"taxonomy":"post_tag","embeddable":true,"href":"https:\/\/www.europesays.com\/es\/wp-json\/wp\/v2\/tags?post=318133"}],"curies":[{"name":"wp","href":"https:\/\/api.w.org\/{rel}","templated":true}]}}