{"id":318135,"date":"2026-01-01T23:28:15","date_gmt":"2026-01-01T23:28:15","guid":{"rendered":"https:\/\/www.europesays.com\/es\/318135\/"},"modified":"2026-01-01T23:28:15","modified_gmt":"2026-01-01T23:28:15","slug":"carlos-alcaraz-carlos-alcaraz-en-2026-su-calendario-de-torneos","status":"publish","type":"post","link":"https:\/\/www.europesays.com\/es\/318135\/","title":{"rendered":"Carlos Alcaraz | Carlos Alcaraz, en 2026: su calendario de torneos"},"content":{"rendered":"<p class=\"ft-text\">Con la entrada de 2026, <a class=\"ft-link ft-link--decoration\" href=\"https:\/\/www.laopiniondemurcia.es\/tags\/carlos-alcaraz\/\" rel=\"nofollow noopener\" target=\"_blank\">Carlos Alcaraz<\/a>, el n\u00famero uno del mundo, ya cuenta las horas para su entrada en competici\u00f3n oficial. Ser\u00e1 en el Abierto de Australia, donde buscar\u00e1 su primer t\u00edtulo <a class=\"ft-link ft-link--decoration\" href=\"https:\/\/www.laopiniondemurcia.es\/deportes\/2025\/12\/31\/alcaraz-olvida-ferrero-album-personal-125283002.html\" target=\"_blank\" rel=\"nofollow noopener\">despu\u00e9s de un mes de diciembre convulso por el anuncio de su separaci\u00f3n con Juan Carlos Ferrero. <\/a><\/p>\n<p class=\"ft-text\">La hoja de ruta para 2026 ser\u00e1 muy parecida a la de 2025. Arrancar\u00e1 directamente en Melbourne, <strong>aunque antes jugar\u00e1 un partido de exhibici\u00f3n contra Jannik Sinner en Corea del Sur<\/strong>. Ser\u00e1 el pr\u00f3ximo 10 de enero en Se\u00fal en un duelo que ha despertado gran expectaci\u00f3n. <strong>Despu\u00e9s de Australia (del 18 de enero al 1 de febrero), defender\u00e1 t\u00edtulo en Rotterdam (9 al 14 de febrero)<\/strong>, para posteriormente afrontar Indian Wells (4 al 15 de marzo) y Miami (19 al 29 de marzo), dos Masters 1000 que ya est\u00e1n entre los 24 t\u00edtulos conquistados en su carrera. Dependiendo de c\u00f3mo acabe esta parte del a\u00f1o estar\u00e1 en Montecarlo (5 al 12 de abril) para abrir la temporada de tierra batida. Despu\u00e9s llegar\u00e1 <strong>Barcelona (13 al 19 de abril), Madrid (22 de abril al 3 de mayo), <\/strong>Roma (6 al 17 de mayo), Roland Garros (24 de mayo al 7 de junio), Queen\u2019s (15 al 21 de junio), Wimbledon (29 de junio al 12 de julio), Montreal (2 al 12 de agosto), Cincinnati (13 al 23 de agosto), US Open (31 de agosto al 13 de septiembre), Laver Cup (25 al 27 de septiembre), Shangh\u00e1i (7 al 18 de octubre), Par\u00eds (2 al 8 de noviembre) y Finales ATP (15 al 22 de noviembre). <strong>Posteriormente tambi\u00e9n tiene fijada en Sao Paulo, el 12 de diciembre, una exhibici\u00f3n, y en septiembre y noviembre, la Copa Davis con Espa\u00f1a, con la que no jug\u00f3 ning\u00fan partido en 2025.<\/strong><\/p>\n<p><img decoding=\"async\" src=\"https:\/\/www.europesays.com\/es\/wp-content\/uploads\/2026\/01\/02c77f0d-54dc-45b8-a63c-e2075c9a7de7_alta-libre-aspect-ratio_default_0.jpg\" width=\"1200\" height=\"815\" alt=\"Carlos Alcaraz besa el trofeo del \u00faltimo US Open\" class=\"ft-helper-img-rd\" loading=\"lazy\"\/><\/p>\n<p class=\"ft-helper-fontColor-quaternary ft-helper-fontSize-body-S ft-helper-spacer-t-xxs\">Carlos Alcaraz besa el trofeo del \u00faltimo US Open  \/ Javier Rojas<\/p>\n<p class=\"ft-text\">De todos esos torneos que est\u00e1n en su calendario actualmente, hay varios que se perdi\u00f3 en 2025, como Madrid, Montreal y Shangh\u00e1i. Habr\u00e1 que tener tambi\u00e9n en cuenta las siempre temidas lesiones.<\/p>\n<p>Los torneos y las fechas<\/p>\n<p class=\"ft-text\">Abierto de Australia, del 18 de enero al 1 de febrero<\/p>\n<p class=\"ft-text\">ATP 500 de Rotterdam, del 9 al 14 de febrero<\/p>\n<p class=\"ft-text\">Masters 1000 de Indian Wells, de 4 al 15 de marzo<\/p>\n<p class=\"ft-text\">Masters 1000 de Miami, del 19 al 29 de marzo<\/p>\n<p class=\"ft-text\">Masters 1000 de Montecarlo, del 5 al 12 de abril<\/p>\n<p class=\"ft-text\">ATP 500 de Barcelona, del 13 al 19 de abril<\/p>\n<p class=\"ft-text\">Masters 1000 de Madrid, del 22 de abril al 3 de mayo<\/p>\n<p class=\"ft-text\">Masters 1000 de Roma, del 6 al 17 de mayo<\/p>\n<p class=\"ft-text\">Roland Garros, del 24 de mayo al 7 de junio<\/p>\n<p class=\"ft-text\">ATP 500 de Queen\u2019s, del 15 al 21 de junio<\/p>\n<p class=\"ft-text\">Wimbledon, del 29 de junio al 12 de julio<\/p>\n<p class=\"ft-text\">Masters 1000 de Montreal, del 2 al 12 de agosto<\/p>\n<p class=\"ft-text\">Masters 1000 de Cincinnati, del 13 al 23 de agosto<\/p>\n<p class=\"ft-text\">US Open, del 31 de agosto al 13 de septiembre<\/p>\n<p class=\"ft-text\">Laver Cup, del 25 al 27 de septiembre<\/p>\n<p class=\"ft-text\">Masters 1000 de Shangh\u00e1i, del 7 al 18 de octubre<\/p>\n<p class=\"ft-text\">Masters 1000 de Par\u00eds, del 2 al 8 de noviembre<\/p>\n<p class=\"ft-text\">Finales ATP, del 15 al 22 de noviembre<\/p>\n","protected":false},"excerpt":{"rendered":"Con la entrada de 2026, Carlos Alcaraz, el n\u00famero uno del mundo, ya cuenta las horas para su&hellip;\n","protected":false},"author":2,"featured_media":318136,"comment_status":"","ping_status":"","sticky":false,"template":"","format":"standard","meta":{"footnotes":""},"categories":[274],"tags":[3076,4736,1691,6783,415,545,168,25,24,11540,205,9188,23,167,327,326,7990],"class_list":{"0":"post-318135","1":"post","2":"type-post","3":"status-publish","4":"format-standard","5":"has-post-thumbnail","7":"category-tenis","8":"tag-3076","9":"tag-alcaraz","10":"tag-atp","11":"tag-calendario","12":"tag-carlos","13":"tag-carlos-alcaraz","14":"tag-deportes","15":"tag-es","16":"tag-espana","17":"tag-febrero","18":"tag-madrid","19":"tag-masters-1000","20":"tag-spain","21":"tag-sports","22":"tag-tenis","23":"tag-tennis","24":"tag-torneos"},"share_on_mastodon":{"url":"https:\/\/pubeurope.com\/@es\/115822441490450117","error":""},"_links":{"self":[{"href":"https:\/\/www.europesays.com\/es\/wp-json\/wp\/v2\/posts\/318135","targetHints":{"allow":["GET"]}}],"collection":[{"href":"https:\/\/www.europesays.com\/es\/wp-json\/wp\/v2\/posts"}],"about":[{"href":"https:\/\/www.europesays.com\/es\/wp-json\/wp\/v2\/types\/post"}],"author":[{"embeddable":true,"href":"https:\/\/www.europesays.com\/es\/wp-json\/wp\/v2\/users\/2"}],"replies":[{"embeddable":true,"href":"https:\/\/www.europesays.com\/es\/wp-json\/wp\/v2\/comments?post=318135"}],"version-history":[{"count":0,"href":"https:\/\/www.europesays.com\/es\/wp-json\/wp\/v2\/posts\/318135\/revisions"}],"wp:featuredmedia":[{"embeddable":true,"href":"https:\/\/www.europesays.com\/es\/wp-json\/wp\/v2\/media\/318136"}],"wp:attachment":[{"href":"https:\/\/www.europesays.com\/es\/wp-json\/wp\/v2\/media?parent=318135"}],"wp:term":[{"taxonomy":"category","embeddable":true,"href":"https:\/\/www.europesays.com\/es\/wp-json\/wp\/v2\/categories?post=318135"},{"taxonomy":"post_tag","embeddable":true,"href":"https:\/\/www.europesays.com\/es\/wp-json\/wp\/v2\/tags?post=318135"}],"curies":[{"name":"wp","href":"https:\/\/api.w.org\/{rel}","templated":true}]}}