{"id":318145,"date":"2026-01-01T23:36:20","date_gmt":"2026-01-01T23:36:20","guid":{"rendered":"https:\/\/www.europesays.com\/es\/318145\/"},"modified":"2026-01-01T23:36:20","modified_gmt":"2026-01-01T23:36:20","slug":"los-mejores-rotulos-de-cachitos-esta-nochevieja","status":"publish","type":"post","link":"https:\/\/www.europesays.com\/es\/318145\/","title":{"rendered":"los mejores r\u00f3tulos de &#8216;Cachitos&#8217; esta Nochevieja"},"content":{"rendered":"<p class=\"paragraph\" id=\"paragraph_1\">Al igual que el <a href=\"https:\/\/www.elespanol.com\/corazon\/famosos\/20260101\/cristina-pedroche-pone-campanadas-estrafalarias-vestido-retales-looks-anteriores\/1003744074012_0.html?utm_cmp_rs=linksinline\" rel=\"nofollow noopener\" target=\"_blank\">vestido de Cristina Pedroche<\/a>, ya es toda una tradici\u00f3n recibir al Nuevo A\u00f1o con el humor \u00e1cido de los <strong>r\u00f3tulos de Cachitos de hierro y cromo<\/strong>. El programa se emiti\u00f3 en La 2 tras las Campanadas de Chenoa y Estopa y abarc\u00f3 una extensa parte de la madrugada.<\/p>\n<p class=\"paragraph\" id=\"paragraph_2\">Los pol\u00edticos volvieron a copar toda la atenci\u00f3n de los guionistas <strong>Pablo G. Batista y Alejandro Alcaraz<\/strong> en un especial dirigido <strong>por Arantxa Soroa<\/strong>.<\/p>\n<p class=\"paragraph\" id=\"paragraph_3\">Cachitos no obvi\u00f3 los <strong>esc\u00e1ndalos que sacuden al PSOE<\/strong>, con alusiones directas a <strong>Pedro S\u00e1nchez, Koldo, \u00c1balos y Santos Cerd\u00e1n<\/strong>: \u00abNa, na, na, na, na, na, na, na&#8230; La respuesta de S\u00e1nchez cuando le preguntan cu\u00e1nto sab\u00eda de la trama Koldo\u00bb, versaba un r\u00f3tulo.<\/p>\n<p><img loading=\"lazy\" decoding=\"async\" alt=\"Amaia Montero, en su regreso a La Oreja de Van Gogh en 'La casa de la m\u00fasica' que emiti\u00f3 RTVE.\" height=\"180\" src=\"https:\/\/www.europesays.com\/es\/wp-content\/uploads\/2026\/01\/1003744075670_260736820_320x180.jpg\" width=\"320\" data-lazy-status=\"processed\" data-lazy-info=\"remove loading item 1\"\/><\/p>\n<p class=\"paragraph\" id=\"paragraph_4\">Al tiempo que en pantalla sal\u00eda Robert Smith, el l\u00edder de The Cure, otro r\u00f3tulo dec\u00eda as\u00ed: <strong>\u00abPedro S\u00e1nchez est\u00e1 pillando tips de maquillaje para cuando se filtre el pr\u00f3ximo informe de la UCO\u00bb.<\/strong><\/p>\n<p class=\"paragraph\" id=\"paragraph_5\">El programa de La 2 tambi\u00e9n sac\u00f3 tajada del <strong>lapsus viral que cometi\u00f3 Alberto N\u00fa\u00f1ez Feij\u00f3o<\/strong> en el Congreso de los Diputados. El l\u00edder del PP quiso lanzar una cr\u00edtica a S\u00e1nchez haciendo alusi\u00f3n a la serie Anatom\u00eda de un instante, pero se trab\u00f3: \u00abEn nombre del equipo de Cachitos solo queremos deciros&#8230; <strong>\u00a1\u00a1ANOTOP AT&#8230; perd\u00f3n\u00bb.<\/strong><\/p>\n<p class=\"paragraph\" id=\"paragraph_6\">Tambi\u00e9n hubo referencias para otros l\u00edderes del PP como <strong>Isabel D\u00edaz Ayuso<\/strong> (y la F\u00f3rmula 1), <strong>Carlos Maz\u00f3n<\/strong> (y el Ventorro), <strong>Juan Manuel Moreno Bonilla<\/strong> o la exdiputada <strong>Noelia N\u00fa\u00f1ez<\/strong>.<\/p>\n<p class=\"paragraph\" id=\"paragraph_7\">Cachitos, adem\u00e1s, hizo referencia al adi\u00f3s hist\u00f3rico de RTVE de Eurovisi\u00f3n como protesta a la participaci\u00f3n de Israel:<strong> \u00abNo queremos Europe&#8217;s Living a Celebration mientras Gaza&#8217;s living a genocidio\u00bb.<\/strong><\/p>\n<p class=\"paragraph\" id=\"paragraph_8\">Los guionistas, adem\u00e1s, se acordaron de presentadores de la competencia como <strong>Pablo Motos y Ana Rosa Quintana<\/strong>. \u00abVa de luto, igual que Ana Rosa viendo las audiencias de Silvia Intxaurrondo\u00bb, se le\u00eda en un r\u00f3tulo con mala baba.<\/p>\n<p class=\"paragraph\" id=\"paragraph_9\"><strong>\u00ab\u00a1Qu\u00e9 derroche!\u00bb, \u00ab\u00a1Cu\u00e1nta locura!\u00bb, literalmente las cr\u00edticas a La familia de la tele\u00bb<\/strong>, dec\u00eda otro en alusi\u00f3n al programa que apenas estuvo mes y medio en las tardes de La 1.<\/p>\n<p class=\"paragraph\" id=\"paragraph_10\">Cachitos, por \u00faltimo, hizo menciones a los cantantes, otro cl\u00e1sico. Destac\u00f3 el gesto con <strong>Robe Iniesta<\/strong>: \u00abEn las pr\u00f3ximas elecciones extreme\u00f1as (y en todas) nuestro voto es para Robe\u00bb.<\/p>\n<p class=\"paragraph\" id=\"paragraph_11\">Especialmente duros fueron con <strong>Melody<\/strong>, a quien llamaron <strong>\u00abbluf\u00bb<\/strong> y compararon con una <strong>denuncia de Abogados Cristianos<\/strong>.<\/p>\n<p class=\"paragraph\" id=\"paragraph_12\">\u00abTuvo apoYO de la maYOr\u00eda en el Bfest, no como en maYO en cuYOs ensaYOs, intuYO, gir\u00f3 como un YOYO\u00bb, se le\u00eda en uno de los enunciados r\u00f3tulos sobreimpresionados durante su actuaci\u00f3n en Eurovisi\u00f3n.<\/p>\n","protected":false},"excerpt":{"rendered":"Al igual que el vestido de Cristina Pedroche, ya es toda una tradici\u00f3n recibir al Nuevo A\u00f1o con&hellip;\n","protected":false},"author":2,"featured_media":318146,"comment_status":"","ping_status":"","sticky":false,"template":"","format":"standard","meta":{"footnotes":""},"categories":[171],"tags":[1535,146,147,25,24,5199,1533,23,807,214],"class_list":{"0":"post-318145","1":"post","2":"type-post","3":"status-publish","4":"format-standard","5":"has-post-thumbnail","7":"category-tv","8":"tag-bluper","9":"tag-entertainment","10":"tag-entretenimiento","11":"tag-es","12":"tag-espana","13":"tag-nochevieja","14":"tag-rtve-radiotelevision-espanola","15":"tag-spain","16":"tag-television","17":"tag-tv"},"share_on_mastodon":{"url":"https:\/\/pubeurope.com\/@es\/115822473186837133","error":""},"_links":{"self":[{"href":"https:\/\/www.europesays.com\/es\/wp-json\/wp\/v2\/posts\/318145","targetHints":{"allow":["GET"]}}],"collection":[{"href":"https:\/\/www.europesays.com\/es\/wp-json\/wp\/v2\/posts"}],"about":[{"href":"https:\/\/www.europesays.com\/es\/wp-json\/wp\/v2\/types\/post"}],"author":[{"embeddable":true,"href":"https:\/\/www.europesays.com\/es\/wp-json\/wp\/v2\/users\/2"}],"replies":[{"embeddable":true,"href":"https:\/\/www.europesays.com\/es\/wp-json\/wp\/v2\/comments?post=318145"}],"version-history":[{"count":0,"href":"https:\/\/www.europesays.com\/es\/wp-json\/wp\/v2\/posts\/318145\/revisions"}],"wp:featuredmedia":[{"embeddable":true,"href":"https:\/\/www.europesays.com\/es\/wp-json\/wp\/v2\/media\/318146"}],"wp:attachment":[{"href":"https:\/\/www.europesays.com\/es\/wp-json\/wp\/v2\/media?parent=318145"}],"wp:term":[{"taxonomy":"category","embeddable":true,"href":"https:\/\/www.europesays.com\/es\/wp-json\/wp\/v2\/categories?post=318145"},{"taxonomy":"post_tag","embeddable":true,"href":"https:\/\/www.europesays.com\/es\/wp-json\/wp\/v2\/tags?post=318145"}],"curies":[{"name":"wp","href":"https:\/\/api.w.org\/{rel}","templated":true}]}}