{"id":318149,"date":"2026-01-01T23:38:10","date_gmt":"2026-01-01T23:38:10","guid":{"rendered":"https:\/\/www.europesays.com\/es\/318149\/"},"modified":"2026-01-01T23:38:10","modified_gmt":"2026-01-01T23:38:10","slug":"la-tremenda-transformacion-de-chris-evans-a-los-44-anos-para-volver-ser-capitan-america-15-anos-despues-de-su-primera-pelicula-del-superheroe","status":"publish","type":"post","link":"https:\/\/www.europesays.com\/es\/318149\/","title":{"rendered":"La tremenda transformaci\u00f3n de Chris Evans a los 44 a\u00f1os para volver ser Capit\u00e1n Am\u00e9rica 15 a\u00f1os despu\u00e9s de su primera pel\u00edcula del superh\u00e9roe"},"content":{"rendered":"<p data-journey-content=\"true\" data-node-id=\"3\" class=\"css-6wxqfj emevuu60\">Desde que se anunciara la pel\u00edcula de <strong data-node-id=\"3.1\">&#8216;Los Vengadores: Doomsday&#8217;<\/strong> mucho se ha hablado sobre su elenco y sobre todos los actores que <a href=\"https:\/\/www.menshealth.com\/es\/fitness\/a61787957\/tom-cruise-marvel-superheroe-cine-pelicula-62-anos\/\" target=\"_blank\" data-vars-ga-outbound-link=\"https:\/\/www.menshealth.com\/es\/fitness\/a61787957\/tom-cruise-marvel-superheroe-cine-pelicula-62-anos\/\" data-vars-ga-ux-element=\"Hyperlink\" data-vars-ga-call-to-action=\"regresan al universo de Marvel\" data-node-id=\"3.3\" class=\"body-link css-1d8p8n5 emevuu60\" rel=\"nofollow noopener\">regresan al universo de Marvel<\/a> despu\u00e9s de haber dejado su personaje aparcado para emprender nuevas aventuras. <\/p>\n<p data-journey-content=\"true\" data-node-id=\"6\" class=\"css-6wxqfj emevuu60\">Los fans est\u00e1n deseando ver qui\u00e9nes finalmente estar\u00e1n en el filme y qui\u00e9n se queda en un simple rumor, pero est\u00e1n muy felices de que el primer tr\u00e1iler <strong data-node-id=\"6.1\">haya confirmado al Capit\u00e1n Am\u00e9rica de Chris Evans<\/strong>. <a href=\"https:\/\/www.menshealth.com\/es\/fitness\/a35402636\/chris-evans-entrenamiento-capitan-america\/\" target=\"_blank\" data-vars-ga-outbound-link=\"https:\/\/www.menshealth.com\/es\/fitness\/a35402636\/chris-evans-entrenamiento-capitan-america\/\" data-vars-ga-ux-element=\"Hyperlink\" data-vars-ga-call-to-action=\"Eso s\u00ed, no estar\u00e1 solo. \" data-node-id=\"6.3\" class=\"body-link css-1d8p8n5 emevuu60\" rel=\"nofollow noopener\">Eso s\u00ed, no estar\u00e1 solo. <\/a><\/p>\n<p data-journey-content=\"true\" data-node-id=\"9\" class=\"css-6wxqfj emevuu60\">En este peque\u00f1o avance que han publicado en redes sociales y que &#8216;Variety&#8217; ha confirmado que <strong data-node-id=\"9.1\">se ve a Steve Rogers<\/strong> (Evans)<strong data-node-id=\"9.3\"> aparcar su moto frente a una casa que les resultar\u00e1 muy familiar a quienes recuerdan el final <\/strong><a href=\"https:\/\/www.menshealth.com\/es\/noticias-deportivas-masculinas\/a27279542\/vengadores-endgame-actores-antes-despues\/\" target=\"_blank\" data-vars-ga-outbound-link=\"https:\/\/www.menshealth.com\/es\/noticias-deportivas-masculinas\/a27279542\/vengadores-endgame-actores-antes-despues\/\" data-vars-ga-ux-element=\"Hyperlink\" data-vars-ga-call-to-action=\"de &#039;Los Vengadores: Endgame&#039;.\" data-node-id=\"9.4\" class=\"body-link css-1d8p8n5 emevuu60\" rel=\"nofollow noopener\">de &#8216;Los Vengadores: Endgame&#8217;.<\/a> Desde all\u00ed, se ve al personaje con su antiguo traje del Capit\u00e1n Am\u00e9rica antes de ver su tesoro m\u00e1s preciado: su hijo. \u00abSteve Rogers regresar\u00e1 para &#8216;Los Vengadores: D\u00eda del Juicio Final\u00bb, pone despu\u00e9s junto a una cuenta regresiva de un a\u00f1o <strong data-node-id=\"9.6\">al 18 de diciembre de 2026<\/strong>, cuando est\u00e1 previsto que se estrene. <\/p>\n<p><img draggable=\"true\" alt=\"chris evans capit\u00e1n america\" title=\"chris evans capit\u00e1n america\" loading=\"lazy\" width=\"2000\" height=\"1331\" decoding=\"async\" data-nimg=\"1\" style=\"color:transparent;width:100%;height:auto;\"   src=\"https:\/\/www.europesays.com\/es\/wp-content\/uploads\/2026\/01\/chris-evans-capita-n-america-1624442544.jpeg\" class=\"css-0 e1g79fud0\"\/>Marvel Studios<\/p>\n<p>Chris Evans en 2011 en <\/p>\n<p data-journey-content=\"true\" data-node-id=\"14\" class=\"css-6wxqfj emevuu60\">Sin muchos detalles m\u00e1s sobre lo que ocurrir\u00e1 con el personaje (es posible que solo sea una aparici\u00f3n estelar o que muera en los primeros minutos, qui\u00e9n sabe), lo que s\u00ed se conoce sobre &#8216;Doomsday&#8217; es que Evans se une a un reparto que incluye a Robert Downey Jr., <a href=\"https:\/\/www.menshealth.com\/es\/fitness\/a64667369\/chris-hemsworth-vengadores-exhibicion-historica-musculos\/\" target=\"_blank\" data-vars-ga-outbound-link=\"https:\/\/www.menshealth.com\/es\/fitness\/a64667369\/chris-hemsworth-vengadores-exhibicion-historica-musculos\/\" data-vars-ga-ux-element=\"Hyperlink\" data-vars-ga-call-to-action=\"Chris Hemsworth,\" data-node-id=\"14.1\" class=\"body-link css-1d8p8n5 emevuu60\" rel=\"nofollow noopener\">Chris Hemsworth,<\/a> Danny Ramirez, Sebastian Stan, Paul Rudd, Tom Hiddleston, Letitia Wright, Winston Duke, Simu Liu, Pedro Pascal, Vanessa Kirby, Joseph Quinn, Ebon Moss-Bachrach, Florence Pugh, David Harbour, Wyatt Russell, Hannah John-Kamen, Lewis Pullman, Patrick Stewart, Ian McKellen, Kelsey Grammer, Alan Cumming, James Marsden, Channing Tatum y Rebecca Romijn. \u00a1Desde luego parece que si falta alguno no ser\u00e1n muchos! <\/p>\n<p><img draggable=\"true\" alt=\"toronto, ontario september 06: chris evans attends the premiere of sacrifice during the 2025 toronto international film festival at princess of wales theatre on september 06, 2025 in toronto, ontario. (photo by cindy ord\/getty images)\" title=\"2025 Toronto International Film Festival - &amp;quot;Sacrifice&amp;quot; Premiere\" loading=\"lazy\" width=\"793\" height=\"1024\" decoding=\"async\" data-nimg=\"1\" style=\"color:transparent;width:100%;height:auto;\"   src=\"https:\/\/www.europesays.com\/es\/wp-content\/uploads\/2025\/09\/gettyimages-2234077405-68ca813f666c7.jpg\" class=\"css-0 e1g79fud0\"\/>Cindy Ord\/\/Getty Images<\/p>\n<p>Chris Evans en 2025<\/p>\n","protected":false},"excerpt":{"rendered":"Desde que se anunciara la pel\u00edcula de &#8216;Los Vengadores: Doomsday&#8217; mucho se ha hablado sobre su elenco y&hellip;\n","protected":false},"author":2,"featured_media":318150,"comment_status":"","ping_status":"","sticky":false,"template":"","format":"standard","meta":{"footnotes":""},"categories":[169],"tags":[177,253,146,147,25,24,176,175,23],"class_list":{"0":"post-318149","1":"post","2":"type-post","3":"status-publish","4":"format-standard","5":"has-post-thumbnail","7":"category-cine","8":"tag-cine","9":"tag-discover","10":"tag-entertainment","11":"tag-entretenimiento","12":"tag-es","13":"tag-espana","14":"tag-film","15":"tag-movies","16":"tag-spain"},"share_on_mastodon":{"url":"https:\/\/pubeurope.com\/@es\/115822480830274199","error":""},"_links":{"self":[{"href":"https:\/\/www.europesays.com\/es\/wp-json\/wp\/v2\/posts\/318149","targetHints":{"allow":["GET"]}}],"collection":[{"href":"https:\/\/www.europesays.com\/es\/wp-json\/wp\/v2\/posts"}],"about":[{"href":"https:\/\/www.europesays.com\/es\/wp-json\/wp\/v2\/types\/post"}],"author":[{"embeddable":true,"href":"https:\/\/www.europesays.com\/es\/wp-json\/wp\/v2\/users\/2"}],"replies":[{"embeddable":true,"href":"https:\/\/www.europesays.com\/es\/wp-json\/wp\/v2\/comments?post=318149"}],"version-history":[{"count":0,"href":"https:\/\/www.europesays.com\/es\/wp-json\/wp\/v2\/posts\/318149\/revisions"}],"wp:featuredmedia":[{"embeddable":true,"href":"https:\/\/www.europesays.com\/es\/wp-json\/wp\/v2\/media\/318150"}],"wp:attachment":[{"href":"https:\/\/www.europesays.com\/es\/wp-json\/wp\/v2\/media?parent=318149"}],"wp:term":[{"taxonomy":"category","embeddable":true,"href":"https:\/\/www.europesays.com\/es\/wp-json\/wp\/v2\/categories?post=318149"},{"taxonomy":"post_tag","embeddable":true,"href":"https:\/\/www.europesays.com\/es\/wp-json\/wp\/v2\/tags?post=318149"}],"curies":[{"name":"wp","href":"https:\/\/api.w.org\/{rel}","templated":true}]}}