{"id":318153,"date":"2026-01-01T23:40:09","date_gmt":"2026-01-01T23:40:09","guid":{"rendered":"https:\/\/www.europesays.com\/es\/318153\/"},"modified":"2026-01-01T23:40:09","modified_gmt":"2026-01-01T23:40:09","slug":"colorado-registra-alta-actividad-en-casos-de-influenza-telemundo-denver","status":"publish","type":"post","link":"https:\/\/www.europesays.com\/es\/318153\/","title":{"rendered":"Colorado registra alta actividad en casos de influenza \u2013 Telemundo Denver"},"content":{"rendered":"<p>De acuerdo con los Centros para el Control y la Prevenci\u00f3n de Enfermedades (CDC, por sus siglas en ingl\u00e9s), Colorado es uno de los cinco estados que presentan el nivel m\u00e1s elevado de influenza gripal en Estados Unidos. <\/p>\n<p>El monitoreo se hace a trav\u00e9s de visitas al m\u00e9dico por fiebre, tos o dolor de garganta. La actividad de influenza estacional persiste en niveles altos y sigue creciendo en todo el pa\u00eds.<\/p>\n<p>Este aumento se manifiesta de forma sostenida en varios indicadores fundamentales en todas las regiones del pa\u00eds, seg\u00fan indican los funcionarios.<\/p>\n<p>El Departamento de Salud P\u00fablica de Colorado (CDPHE por sus siglas en ingl\u00e9s) ha clasificado la actividad de enfermedades respiratorias en el estado como ALTA. Desde el mes de octubre, 2,450 personas han sido hospitalizadas por influenza, seg\u00fan datos del CDPHE. <\/p>\n<p>\t\t\t\t<img decoding=\"async\" src=\"https:\/\/www.europesays.com\/es\/wp-content\/uploads\/2026\/01\/ILI_WeeklyMap-edited.png\" loading=\"lazy\"   alt=\" \"\/><\/p>\n<p>Las cifras muestran un repunte significativo de casos durante el mes de diciembre, lo cual ha encendido alertas entre las autoridades sanitarias estatales.<\/p>\n<p>CDPHE clasifica la influenza, tambi\u00e9n llamada gripe influenza, como un virus respiratorio com\u00fan que puede causar enfermedades, leves o graves. Cualquiera puede contraer la gripe, pero algunas personas tienen mayor riesgo de complicaciones graves. Los grupos de alto riesgo incluyen:\u00a0<\/p>\n<ul class=\"wp-block-list\">\n<li>Aquellos que padecen de enfermedades cr\u00f3nicas, como asma, diabetes o cardiopat\u00edas.<\/li>\n<li>Adultos mayores de 65 a\u00f1os de edad.<\/li>\n<li>Tienen menos de 5 a\u00f1os de edad.<\/li>\n<li>Personas embarazadas.<\/li>\n<\/ul>\n<p>El virus de la gripe se propaga\u00a0principalmente a trav\u00e9s de gotitas que se expulsan cuando las personas infectadas tosen, estornudan o incluso hablan.<\/p>\n<p>\u00bfCu\u00e1les son los s\u00edntomas de la influenza?<\/p>\n<p>Las personas infectadas generalmente comienzan a sentir s\u00edntomas dos d\u00edas despu\u00e9s de haber estado expuestas al virus de la gripe. La aparici\u00f3n de s\u00edntomas puede variar de uno a cuatro d\u00edas. Las personas con gripe suelen sentir s\u00edntomas como:<\/p>\n<ul class=\"wp-block-list\">\n<li>Fiebre.<\/li>\n<li>Tos.<\/li>\n<li>Dolor de garganta.<\/li>\n<li>Goteo o congesti\u00f3n nasal.<\/li>\n<li>Dolor muscular o corporal.<\/li>\n<li>Dolor de cabeza.<\/li>\n<li>Fatiga.<\/li>\n<\/ul>\n<p>Algunas personas pueden tener v\u00f3mitos y diarrea, m\u00e1s com\u00fan en ni\u00f1os que en adultos.<\/p>\n<p>\u00bfC\u00f3mo reducir riesgos por influenza?<\/p>\n<p>Ante este panorama, los CDC recomiendan aplicar estrategias b\u00e1sicas de prevenci\u00f3n para reducir riesgos por influenza, COVID-19 y RSV. Estas medidas est\u00e1n dirigidas a proteger tanto a las personas como a sus familias.<\/p>\n<p>Entre las recomendaciones se incluye mantenerse al d\u00eda con las vacunas sugeridas y consultar a un proveedor de salud de confianza. Tambi\u00e9n se enfatiza la importancia de la higiene, como el lavado frecuente de manos y la limpieza de superficies.<\/p>\n<p>Las autoridades indican que, en caso de presentar s\u00edntomas respiratorios, es fundamental quedarse en casa para evitar contagios. Quienes tengan factores de riesgo deben buscar atenci\u00f3n m\u00e9dica de forma oportuna para reducir la posibilidad de enfermedad grave.<\/p>\n<p>Las estrategias de prevenci\u00f3n adicionales son acciones adicionales que puedes tomar para reducir m\u00e1s el riesgo de enfermedades respiratorias. Pueden ofrecer m\u00e1s protecci\u00f3n y son importantes en algunos lugares o cuando hay un aumento de enfermedades en su comunidad.<\/p>\n<ul class=\"wp-block-list\">\n<li>Uso de mascarillas<\/li>\n<li>Distanciamiento f\u00edsico<\/li>\n<li>Pruebas<\/li>\n<\/ul>\n<p>Si no tiene certeza sobre el estado de salud o el riesgo de las personas a su alrededor, la mejor alternativa es emplear estas estrategias preventivas adicionales.<\/p>\n","protected":false},"excerpt":{"rendered":"De acuerdo con los Centros para el Control y la Prevenci\u00f3n de Enfermedades (CDC, por sus siglas en&hellip;\n","protected":false},"author":2,"featured_media":318154,"comment_status":"","ping_status":"","sticky":false,"template":"","format":"standard","meta":{"footnotes":""},"categories":[92],"tags":[21192,25,24,165,166,23],"class_list":{"0":"post-318153","1":"post","2":"type-post","3":"status-publish","4":"format-standard","5":"has-post-thumbnail","7":"category-salud","8":"tag-colorado","9":"tag-es","10":"tag-espana","11":"tag-health","12":"tag-salud","13":"tag-spain"},"share_on_mastodon":{"url":"https:\/\/pubeurope.com\/@es\/115822488815185578","error":""},"_links":{"self":[{"href":"https:\/\/www.europesays.com\/es\/wp-json\/wp\/v2\/posts\/318153","targetHints":{"allow":["GET"]}}],"collection":[{"href":"https:\/\/www.europesays.com\/es\/wp-json\/wp\/v2\/posts"}],"about":[{"href":"https:\/\/www.europesays.com\/es\/wp-json\/wp\/v2\/types\/post"}],"author":[{"embeddable":true,"href":"https:\/\/www.europesays.com\/es\/wp-json\/wp\/v2\/users\/2"}],"replies":[{"embeddable":true,"href":"https:\/\/www.europesays.com\/es\/wp-json\/wp\/v2\/comments?post=318153"}],"version-history":[{"count":0,"href":"https:\/\/www.europesays.com\/es\/wp-json\/wp\/v2\/posts\/318153\/revisions"}],"wp:featuredmedia":[{"embeddable":true,"href":"https:\/\/www.europesays.com\/es\/wp-json\/wp\/v2\/media\/318154"}],"wp:attachment":[{"href":"https:\/\/www.europesays.com\/es\/wp-json\/wp\/v2\/media?parent=318153"}],"wp:term":[{"taxonomy":"category","embeddable":true,"href":"https:\/\/www.europesays.com\/es\/wp-json\/wp\/v2\/categories?post=318153"},{"taxonomy":"post_tag","embeddable":true,"href":"https:\/\/www.europesays.com\/es\/wp-json\/wp\/v2\/tags?post=318153"}],"curies":[{"name":"wp","href":"https:\/\/api.w.org\/{rel}","templated":true}]}}