{"id":318155,"date":"2026-01-01T23:41:15","date_gmt":"2026-01-01T23:41:15","guid":{"rendered":"https:\/\/www.europesays.com\/es\/318155\/"},"modified":"2026-01-01T23:41:15","modified_gmt":"2026-01-01T23:41:15","slug":"el-abrigo-de-amaia-montero-dispara-los-memes-mas-hirientes-en-su-regreso-a-la-oreja-de-van-gogh","status":"publish","type":"post","link":"https:\/\/www.europesays.com\/es\/318155\/","title":{"rendered":"El abrigo de Amaia Montero dispara los memes m\u00e1s hirientes en su regreso a La Oreja de Van Gogh"},"content":{"rendered":"<p><a class=\"v-mdl-ath__fig-a\" href=\"https:\/\/www.lasprovincias.es\/autor\/alberto-martinez-de-la-calle-837.html\" title=\"Alberto Mart\u00ednez de la Calle\" rel=\"nofollow noopener\" target=\"_blank\"><br \/>\n<img decoding=\"async\" class=\"v-mdl-ath__img\" src=\"https:\/\/www.europesays.com\/es\/wp-content\/uploads\/2026\/01\/autor-837-foto-2.jpeg\" alt=\"Alberto Mart\u00ednez de la Calle\"\/><br \/>\n<\/a><\/p>\n<p class=\"v-mdl-ath__p v-mdl-ath__p--6\">\nJueves, 1 de enero 2026, 10:14<\/p>\n<p>| Actualizado 10:37h.<\/p>\n<p class=\"v-p\">Fue uno de los momentos televisivos estelares durante la Nochevieja. Amaia Montero present\u00f3 su nuevo esperado single durante el programa especial de TVE. Pero no s\u00f3lo dio de qu\u00e9 hablar su esperada canci\u00f3n con <a href=\"https:\/\/www.lasprovincias.es\/culturas\/tv\/nueva-cancion-oreja-van-gogh-amaia-conecta-20251231235734-nt.html\" target=\"_blank\" data-voc-vtm-id=\"in-text-traffic\" title=\"La Oreja de Van Gogh\" data-mrf-link=\"www.lasprovincias.es\" rel=\"nofollow noopener\">La Oreja de Van Gogh<\/a>. El vestuario escogido por la artista guipuzcoana para la actuaci\u00f3n desat\u00f3, en cuesti\u00f3n de segundos, opiniones de todo tipo en las redes sociales. La vocalista arriesg\u00f3 con un abrigo claro muy voluminoso que fue objeto de infinidad de comparaciones y memes. <\/p>\n<p class=\"v-p\">\u00abMu\u00f1eco michel\u00edn\u00bb, \u00abmerengue suizo\u00bb, \u00abLabubu, \u00bbmetida en la funda del n\u00f3rdico\u00ab&#8230; Las cr\u00edticas de los telespectadores no se hicieron esperar cuando Amaia Montero apareci\u00f3 en la peque\u00f1a pantalla para dar a conocer el tema con el que regresa a La Oreja de Van Gogh. Pero hubo opiniones para todos los gustos. \u00bbPrecioso\u00ab, se pudo leer en redes sociales en referencia al abrigo. <\/p>\n<p class=\"v-p\">&#8216;Todos estamos bailando la misma canci\u00f3n&#8217;. As\u00ed ha sido bautizado el primer single de la nueva etapa de Amaia Montero en La Oreja de Van Gogh. La cantante donostiarra se suma a la corriente de la espiritualidad en la m\u00fasica espa\u00f1ola. Tras casi dos d\u00e9cadas de caminos separados y meses de intensos rumores, la reconocida cantante y la banda han vuelto a unir sus caminos.<\/p>\n<p class=\"v-p\">La actuaci\u00f3n fue uno de los momentos m\u00e1s apasionantes del programa especial de RTVE &#8216;La casa de la m\u00fasica&#8217;. Fue el preludio a las Campanadas presentadas por Chenoa y Estopa. Y la actuaci\u00f3n se produjo en un escenario imponente como el Palacio de Miramar de San Sebasti\u00e1n, frente a la bah\u00eda de La Concha.<\/p>\n<blockquote class=\"twitter-tweet\">\n<p lang=\"es\" dir=\"ltr\">Amaia Montero deslumbra con su vestido de fin de a\u00f1o marcando su regreso a la m\u00fasica junto con La Oreja de Van Gogh tras la salida de Leire Mart\u00ednez que decidi\u00f3 emprender su carrera como solista<\/p>\n<p>Feliz 2026 \ud83e\udd17 <a href=\"https:\/\/t.co\/7GQauCfV9w\" rel=\"nofollow\">pic.twitter.com\/7GQauCfV9w<\/a><\/p>\n<p>\u2014 Maria Paula (@dulcedelunaysol) <a href=\"https:\/\/twitter.com\/dulcedelunaysol\/status\/2006523345278480692?ref_src=twsrc%5Etfw\" rel=\"nofollow noopener\" target=\"_blank\">January 1, 2026<\/a><\/p><\/blockquote>\n<p class=\"v-p\">Amaia apareci\u00f3 acompa\u00f1ada de Xabi San Mart\u00edn (teclados), \u00c1lvaro Fuentes (bajo) Haritz Garde (bater\u00eda) m\u00e1s una persona desconocida. Cabe recordar que, el pasado 15 de octubre, el grupo hizo p\u00fablico el regreso de la emblem\u00e1tica Amaia Montero despu\u00e9s de 18 a\u00f1os con sus caminos separados. Un largo per\u00edodo en el que la cantante Leire Mart\u00ednez puso voz a la banda donostiarra.<\/p>\n<p>Reporta un error<\/p>\n<p><script async src=\"https:\/\/platform.twitter.com\/widgets.js\" charset=\"utf-8\"><\/script><\/p>\n","protected":false},"excerpt":{"rendered":"Jueves, 1 de enero 2026, 10:14 | Actualizado 10:37h. Fue uno de los momentos televisivos estelares durante la&hellip;\n","protected":false},"author":2,"featured_media":318156,"comment_status":"","ping_status":"","sticky":false,"template":"","format":"standard","meta":{"footnotes":""},"categories":[91],"tags":[74234,19674,5658,146,147,25,24,13964,74235,24225,2466,4801,2596,23,6174],"class_list":{"0":"post-318155","1":"post","2":"type-post","3":"status-publish","4":"format-standard","5":"has-post-thumbnail","7":"category-entretenimiento","8":"tag-abrigo","9":"tag-amaia","10":"tag-dispara","11":"tag-entertainment","12":"tag-entretenimiento","13":"tag-es","14":"tag-espana","15":"tag-gogh","16":"tag-hirientes","17":"tag-memes","18":"tag-montero","19":"tag-oreja","20":"tag-regreso","21":"tag-spain","22":"tag-van"},"share_on_mastodon":{"url":"https:\/\/pubeurope.com\/@es\/115822492657031042","error":""},"_links":{"self":[{"href":"https:\/\/www.europesays.com\/es\/wp-json\/wp\/v2\/posts\/318155","targetHints":{"allow":["GET"]}}],"collection":[{"href":"https:\/\/www.europesays.com\/es\/wp-json\/wp\/v2\/posts"}],"about":[{"href":"https:\/\/www.europesays.com\/es\/wp-json\/wp\/v2\/types\/post"}],"author":[{"embeddable":true,"href":"https:\/\/www.europesays.com\/es\/wp-json\/wp\/v2\/users\/2"}],"replies":[{"embeddable":true,"href":"https:\/\/www.europesays.com\/es\/wp-json\/wp\/v2\/comments?post=318155"}],"version-history":[{"count":0,"href":"https:\/\/www.europesays.com\/es\/wp-json\/wp\/v2\/posts\/318155\/revisions"}],"wp:featuredmedia":[{"embeddable":true,"href":"https:\/\/www.europesays.com\/es\/wp-json\/wp\/v2\/media\/318156"}],"wp:attachment":[{"href":"https:\/\/www.europesays.com\/es\/wp-json\/wp\/v2\/media?parent=318155"}],"wp:term":[{"taxonomy":"category","embeddable":true,"href":"https:\/\/www.europesays.com\/es\/wp-json\/wp\/v2\/categories?post=318155"},{"taxonomy":"post_tag","embeddable":true,"href":"https:\/\/www.europesays.com\/es\/wp-json\/wp\/v2\/tags?post=318155"}],"curies":[{"name":"wp","href":"https:\/\/api.w.org\/{rel}","templated":true}]}}