{"id":318157,"date":"2026-01-01T23:42:09","date_gmt":"2026-01-01T23:42:09","guid":{"rendered":"https:\/\/www.europesays.com\/es\/318157\/"},"modified":"2026-01-01T23:42:09","modified_gmt":"2026-01-01T23:42:09","slug":"una-pantalla-portatil-con-ia-mas-poderosa-samsung-newsroom-latinoamerica","status":"publish","type":"post","link":"https:\/\/www.europesays.com\/es\/318157\/","title":{"rendered":"una pantalla port\u00e1til con IA m\u00e1s poderosa \u2013 Samsung Newsroom Latinoam\u00e9rica"},"content":{"rendered":"<p>                            La nueva edici\u00f3n del proyector port\u00e1til The Freestyle+ combina portabilidad compacta, brillo mejorado y optimizaci\u00f3n de pantalla impulsada por IA, para que el usuario disfrute la transmisi\u00f3n, los juegos y la visualizaci\u00f3n flexible a m\u00e1s lugares y momentos.\u00a0 El dispositivo ser\u00e1 exhibido en el CES, que tendr\u00e1 lugar del 6 al 9 de enero en Las Vegas<\/p>\n<p style=\"font-weight: 400;\">Samsung Electronics anunci\u00f3 hoy el lanzamiento global de The Freestyle+, su \u00faltimo proyector port\u00e1til impulsado por IA dise\u00f1ado para brindar una experiencia de entretenimiento m\u00e1s flexible y personalizada en una amplia gama de espacios.<\/p>\n<p>\u00a0<\/p>\n<p style=\"font-weight: 400;\">Presentado antes de CES 2026 en Las Vegas, The Freestyle+ se basa en el dise\u00f1o distintivo del Freestyle original al tiempo que incorpora capacidades de IA m\u00e1s inteligentes, brillo mejorado y funciones de entretenimiento ampliadas, lo que permite a los usuarios disfrutar del contenido con mayor libertad, con una configuraci\u00f3n o ajuste m\u00ednimos.<\/p>\n<p>\u00a0<\/p>\n<p><img loading=\"lazy\" decoding=\"async\" class=\"aligncenter wp-image-29553 size-full\" src=\"https:\/\/www.europesays.com\/es\/wp-content\/uploads\/2026\/01\/Proyector-The-Freestyle-1-e1767308396712.jpg\" alt=\"\" width=\"705\" height=\"529\"\/><\/p>\n<p>\u00a0<\/p>\n<p style=\"font-weight: 400;\">\u201cThe Freestyle+ refleja la visi\u00f3n de Samsung de crear pantallas que se adapten naturalmente a c\u00f3mo las personas viven y se mueven entre espacios\u201d, afirm\u00f3 Hun Lee, Vicepresidente Ejecutivo del Negocio de Pantallas Visuales de Samsung Electronics. \u201cAl combinar una verdadera portabilidad con una IA inteligente que optimiza tanto el entorno de visualizaci\u00f3n como el contenido en s\u00ed, The Freestyle+ facilita disfrutar de una experiencia consistente y de alta calidad dondequiera que est\u00e9s\u201d.<\/p>\n<p>\u00a0<\/p>\n<p style=\"font-weight: 400;\"><strong>IA m\u00e1s poderosa que te permite apuntar y jugar al instante<\/strong><\/p>\n<p>\u00a0<\/p>\n<p style=\"font-weight: 400;\">En el n\u00facleo de The Freestyle+ se encuentra <strong>AI OptiScreen<\/strong>, la tecnolog\u00eda de optimizaci\u00f3n de pantalla impulsada por IA de Samsung, que ajusta autom\u00e1ticamente la imagen para adaptarse a diferentes espacios, permitiendo a los usuarios simplemente apuntar, colocar y empezar a ver.<\/p>\n<p>\u00a0<\/p>\n<p style=\"font-weight: 400;\">AI OptiScreen incluye un conjunto de funciones inteligentes dise\u00f1adas para optimizar autom\u00e1ticamente la imagen en diferentes superficies y entornos:<\/p>\n<p>\u00a0<\/p>\n<ul>\n<li>La funci\u00f3n <strong>3D Auto Keystone<\/strong> corrige autom\u00e1ticamente la distorsi\u00f3n incluso al proyectar sobre superficies irregulares o no planas, como esquinas, cortinas o paredes en \u00e1ngulo.<\/li>\n<li><strong>Real-time Focus (Enfoque en tiempo real<\/strong>) ajusta continuamente el enfoque a medida que el proyector se mueve o gira, lo que ayuda a mantener im\u00e1genes n\u00edtidas y estables sin desenfoque ni ruido visual.<\/li>\n<li><strong>Screen Fit<\/strong> (<strong>Ajuste Autom\u00e1tico de Pantalla<\/strong>) ajusta autom\u00e1ticamente la imagen para que coincida con el \u00e1rea de la pantalla cuando se utiliza con un accesorio de pantalla de proyector compatible<\/li>\n<li><strong>Wall Calibration (Calibraci\u00f3n de pared<\/strong>) analiza el color o el patr\u00f3n de la superficie de proyecci\u00f3n y minimiza las distracciones visuales para una visualizaci\u00f3n m\u00e1s n\u00edtida.<\/li>\n<\/ul>\n<p>\u00a0<\/p>\n<p style=\"font-weight: 400;\">Esta experiencia de visualizaci\u00f3n inteligente est\u00e1 reforzada por <strong>Vision AI Companion<\/strong>, la plataforma de IA personalizada de Samsung para pantallas, que integra una versi\u00f3n mejorada de Bixby con servicios de IA de socios globales para permitir una interacci\u00f3n m\u00e1s natural y conversacional con el contenido en pantalla.<\/p>\n<p>\u00a0<\/p>\n<p><img loading=\"lazy\" decoding=\"async\" class=\"aligncenter wp-image-29554 size-full\" src=\"https:\/\/www.europesays.com\/es\/wp-content\/uploads\/2026\/01\/Proyector-The-Freestyle-2-e1767308468449.jpg\" alt=\"\" width=\"705\" height=\"529\"\/><\/p>\n<p>\u00a0<\/p>\n<p style=\"font-weight: 400;\"><strong>F\u00e1cil de transportar, dise\u00f1ado para el entretenimiento cotidiano<\/strong><\/p>\n<p>\u00a0<\/p>\n<p style=\"font-weight: 400;\">Dise\u00f1ado con la portabilidad en mente, The Freestyle+ presenta un formato cil\u00edndrico compacto que es f\u00e1cil de mover entre habitaciones o llevar de viaje. Con <strong>430 l\u00famenes ISO<\/strong>, ofrece casi el doble de brillo que la generaci\u00f3n anterior, lo que ayuda a que el contenido se vea n\u00edtido y atractivo en entornos de la vida cotidiana.<\/p>\n<p>\u00a0<\/p>\n<p style=\"font-weight: 400;\">Creado para el entretenimiento cotidiano, The Freestyle+ permite a los usuarios moverlo libremente sin preocuparse de si el espacio es \u201cadecuado\u201d para la proyecci\u00f3n. Su dise\u00f1o giratorio de 180 grados admite proyecci\u00f3n en pr\u00e1cticamente cualquier \u00e1ngulo, incluyendo paredes, pisos y techos, sin soportes ni accesorios adicionales, lo que permite configuraciones de visualizaci\u00f3n flexibles que se adaptan naturalmente a diferentes salas y momentos a lo largo del d\u00eda.<\/p>\n<p>\u00a0<\/p>\n<p style=\"font-weight: 400;\"><strong>Entretenimiento en movimiento con sonido envolvente<\/strong><\/p>\n<p>\u00a0<\/p>\n<p style=\"font-weight: 400;\">Pensado \u00a0para momentos m\u00e1s all\u00e1 de la sala de estar, The Freestyle+ lleva el entretenimiento contigo, sin depender de dispositivos externos ni configuraciones fijas. El acceso integrado a <strong>Samsung TV Plus<\/strong>, a socios certificados de servicios OTT y a <strong>Samsung Gaming Hub<\/strong> permite a los usuarios transmitir, jugar y explorar contenido directamente desde el proyector, sin necesidad de dispositivos externos.<\/p>\n<p>\u00a0<\/p>\n<p style=\"font-weight: 400;\">Para el audio, The Freestyle+ ofrece un sonido envolvente que llena la habitaci\u00f3n a trav\u00e9s de su <strong>altavoz<\/strong> incorporado de <strong>360 grados<\/strong>, dise\u00f1ado para producir un audio m\u00e1s rico y completo en un dise\u00f1o compacto. <strong>Q-Symphony<\/strong> permite que el proyector funcione en sincron\u00eda con las barras de sonido Samsung compatibles, para crear una experiencia de sonido m\u00e1s cohesiva y con m\u00e1s capas dondequiera que se utilice.<\/p>\n<p>\u00a0<\/p>\n<p style=\"font-weight: 400;\">Samsung Electronics presentar\u00e1 The Freestyle+ en CES 2026, que tendr\u00e1 lugar del 6 al 9 de enero en Las Vegas, con un lanzamiento global gradual planificado para la primera mitad del a\u00f1o.<\/p>\n<p style=\"font-weight: 400;\">\u00a0<\/p>\n","protected":false},"excerpt":{"rendered":"La nueva edici\u00f3n del proyector port\u00e1til The Freestyle+ combina portabilidad compacta, brillo mejorado y optimizaci\u00f3n de pantalla impulsada&hellip;\n","protected":false},"author":2,"featured_media":318158,"comment_status":"","ping_status":"","sticky":false,"template":"","format":"standard","meta":{"footnotes":""},"categories":[81],"tags":[71957,67529,119,123,124,25,24,117,121,122,23,118,120,70951,74236],"class_list":{"0":"post-318157","1":"post","2":"type-post","3":"status-publish","4":"format-standard","5":"has-post-thumbnail","7":"category-ciencia-y-tecnologia","8":"tag-ces","9":"tag-ces-2026","10":"tag-ciencia","11":"tag-ciencia-y-tecnologia","12":"tag-cienciaytecnologia","13":"tag-es","14":"tag-espana","15":"tag-science","16":"tag-science-and-technology","17":"tag-scienceandtechnology","18":"tag-spain","19":"tag-technology","20":"tag-tecnologia","21":"tag-the-first-look-2026","22":"tag-the-freestyle"},"share_on_mastodon":{"url":"https:\/\/pubeurope.com\/@es\/115822496582411577","error":""},"_links":{"self":[{"href":"https:\/\/www.europesays.com\/es\/wp-json\/wp\/v2\/posts\/318157","targetHints":{"allow":["GET"]}}],"collection":[{"href":"https:\/\/www.europesays.com\/es\/wp-json\/wp\/v2\/posts"}],"about":[{"href":"https:\/\/www.europesays.com\/es\/wp-json\/wp\/v2\/types\/post"}],"author":[{"embeddable":true,"href":"https:\/\/www.europesays.com\/es\/wp-json\/wp\/v2\/users\/2"}],"replies":[{"embeddable":true,"href":"https:\/\/www.europesays.com\/es\/wp-json\/wp\/v2\/comments?post=318157"}],"version-history":[{"count":0,"href":"https:\/\/www.europesays.com\/es\/wp-json\/wp\/v2\/posts\/318157\/revisions"}],"wp:featuredmedia":[{"embeddable":true,"href":"https:\/\/www.europesays.com\/es\/wp-json\/wp\/v2\/media\/318158"}],"wp:attachment":[{"href":"https:\/\/www.europesays.com\/es\/wp-json\/wp\/v2\/media?parent=318157"}],"wp:term":[{"taxonomy":"category","embeddable":true,"href":"https:\/\/www.europesays.com\/es\/wp-json\/wp\/v2\/categories?post=318157"},{"taxonomy":"post_tag","embeddable":true,"href":"https:\/\/www.europesays.com\/es\/wp-json\/wp\/v2\/tags?post=318157"}],"curies":[{"name":"wp","href":"https:\/\/api.w.org\/{rel}","templated":true}]}}