{"id":318162,"date":"2026-01-01T23:46:22","date_gmt":"2026-01-01T23:46:22","guid":{"rendered":"https:\/\/www.europesays.com\/es\/318162\/"},"modified":"2026-01-01T23:46:22","modified_gmt":"2026-01-01T23:46:22","slug":"los-cuatro-puentes-largos-que-hay-en-2026-y-el-resto-de-festivos-del-calendario-laboral-economia","status":"publish","type":"post","link":"https:\/\/www.europesays.com\/es\/318162\/","title":{"rendered":"Los cuatro puentes largos que hay en 2026 y el resto de festivos del calendario laboral | Econom\u00eda"},"content":{"rendered":"<p class=\"\">Comenzamos 2026 y con ello la planificaci\u00f3n del a\u00f1o. Para poder organizar vacaciones y viajes es necesario conocer las fiestas que va a haber en <a href=\"https:\/\/elpais.com\/economia\/2025-09-25\/calendario-laboral-2026-estos-son-los-festivos-y-puentes-del-ano-de-cada-comunidad-autonoma.html\" target=\"_self\" rel=\"nofollow noopener\" title=\"https:\/\/elpais.com\/economia\/2025-09-25\/calendario-laboral-2026-estos-son-los-festivos-y-puentes-del-ano-de-cada-comunidad-autonoma.html\">este calendario laboral<\/a>. Cuatro son los puentes largos que disfrutar\u00e1n los ciudadanos. Estos cuatro fines de semana largos se dan uniendo lunes o viernes festivo al fin de semana y son comunes en toda Espa\u00f1a.<\/p>\n<p class=\"\">El primero que encontramos es el Viernes Santo, que se celebrar\u00e1 el 3 de abril. Todas las comunidades, excepto Catalu\u00f1a, Comunidad Valenciana, Castilla-La Mancha, Pa\u00eds Vasco, Navarra y La Rioja, podr\u00e1n unir el jueves 2 de abril, sumando as\u00ed cuatro d\u00edas libres. Estos otros territorios, en cambio, tendr\u00e1n el lunes 6 de abril como festivo. <\/p>\n<p class=\"\">El siguiente que encontramos en el calendario es el 1 de mayo, D\u00eda del Trabajo, que ser\u00e1 viernes. A este le sigue el 2 de mayo en la Comunidad de Madrid, donde se forma un puente. <\/p>\n<p class=\"\">El tercero se har\u00e1 de rogar, hasta el 12 de octubre, d\u00eda de la Fiesta Nacional, y que cae en lunes este a\u00f1o. <\/p>\n<p class=\"\">Por su parte, la Navidad, 25 de diciembre, coincide en viernes, por lo que todas las comunidades podr\u00e1n disfrutar de un fin de semana largo para esa fiesta.<\/p>\n<p class=\"\">Tambi\u00e9n en diciembre, el d\u00eda 3 del \u00faltimo mes del a\u00f1o ser\u00e1 festivo en Navarra. Por otro lado, las comunidades de Andaluc\u00eda, Arag\u00f3n, Castilla y Le\u00f3n, Cantabria, Madrid, Murcia, Extremadura y La Rioja podr\u00e1n tener un quinto puente largo. El 6 de diciembre, D\u00eda de la Constituci\u00f3n, caer\u00e1 en domingo y estas comunidades aut\u00f3nomas han decidido pasarlo al lunes y disfrutarlo. Le sigue el D\u00eda de la Inmaculada Concepci\u00f3n, 8 de diciembre, festivo para toda Espa\u00f1a.<\/p>\n<p>Otros festivos del a\u00f1o<\/p>\n<p class=\"\">El a\u00f1o 2026 tendr\u00e1, tal y como establece la ley, 14 festivos nacionales, de los cuales dos son fijados por cada ayuntamiento. De los 12 restantes, hay nueve festividades nacionales que son de car\u00e1cter obligatorio para todas las comunidades aut\u00f3nomas y no pueden ser sustituidos, salvo que coincidan en domingo. <\/p>\n<p class=\"\">Estos nueve festivos nacionales obligatorios son: el 1 de enero; el Viernes Santo (que el pr\u00f3ximo a\u00f1o ser\u00e1 el 3 de abril); el 1 de mayo (Fiesta del Trabajo); el 15 de agosto (Asunci\u00f3n de la Virgen); el 12 de octubre (Fiesta Nacional); el 1 de noviembre (Fiesta de Todos los Santos); el 6 de diciembre (D\u00eda de la Constituci\u00f3n); el 8 de diciembre (Inmaculada Concepci\u00f3n); y 25 de diciembre (Navidad).<\/p>\n<p class=\"\">En 2026 dos de estos d\u00edas recaen en domingo: el 1 de noviembre y el 6 de diciembre, con lo que, por lo tanto, las comunidades tendr\u00e1n la opci\u00f3n de pasarlas al lunes o cambiarlas por otro d\u00eda que ellas elijan. <\/p>\n<p class=\"\">Adem\u00e1s de los nueve obligatorios y nacionales, hay otros tres d\u00edas festivos restantes (hasta sumar 12) que son opcionales, es decir, que pueden ser adoptados por las comunidades aut\u00f3nomas o sustituidos por otros d\u00edas que prefieran los gobiernos regionales. Estos d\u00edas son el 6 de enero (D\u00eda de Reyes); el Jueves Santo (que en 2026 ser\u00e1 el 2 de abril); y, en tercer lugar, se da a las comunidades la opci\u00f3n de elegir entre el 19 de marzo (San Jos\u00e9) o el 25 de julio (Santiago Ap\u00f3stol).<\/p>\n","protected":false},"excerpt":{"rendered":"Comenzamos 2026 y con ello la planificaci\u00f3n del a\u00f1o. Para poder organizar vacaciones y viajes es necesario conocer&hellip;\n","protected":false},"author":2,"featured_media":37675,"comment_status":"","ping_status":"","sticky":false,"template":"","format":"standard","meta":{"footnotes":""},"categories":[8],"tags":[17,18,74237,95,5509,25,24,13,14,43,6601,11,4451,19,20,9,10,15,16,23,12,21,22,2110],"class_list":{"0":"post-318162","1":"post","2":"type-post","3":"status-publish","4":"format-standard","5":"has-post-thumbnail","7":"category-espana","8":"tag-breaking-news","9":"tag-breakingnews","10":"tag-calendario-laboral","11":"tag-economia","12":"tag-empleo","13":"tag-es","14":"tag-espana","15":"tag-featured-news","16":"tag-featurednews","17":"tag-fiestas","18":"tag-fiestas-autonomicas","19":"tag-headlines","20":"tag-jornada-laboral","21":"tag-latest-news","22":"tag-latestnews","23":"tag-news","24":"tag-noticias","25":"tag-noticias-destacadas","26":"tag-noticiasdestacadas","27":"tag-spain","28":"tag-titulares","29":"tag-ultimas-noticias","30":"tag-ultimasnoticias","31":"tag-vacaciones"},"share_on_mastodon":{"url":"https:\/\/pubeurope.com\/@es\/115822512317234671","error":""},"_links":{"self":[{"href":"https:\/\/www.europesays.com\/es\/wp-json\/wp\/v2\/posts\/318162","targetHints":{"allow":["GET"]}}],"collection":[{"href":"https:\/\/www.europesays.com\/es\/wp-json\/wp\/v2\/posts"}],"about":[{"href":"https:\/\/www.europesays.com\/es\/wp-json\/wp\/v2\/types\/post"}],"author":[{"embeddable":true,"href":"https:\/\/www.europesays.com\/es\/wp-json\/wp\/v2\/users\/2"}],"replies":[{"embeddable":true,"href":"https:\/\/www.europesays.com\/es\/wp-json\/wp\/v2\/comments?post=318162"}],"version-history":[{"count":0,"href":"https:\/\/www.europesays.com\/es\/wp-json\/wp\/v2\/posts\/318162\/revisions"}],"wp:featuredmedia":[{"embeddable":true,"href":"https:\/\/www.europesays.com\/es\/wp-json\/wp\/v2\/media\/37675"}],"wp:attachment":[{"href":"https:\/\/www.europesays.com\/es\/wp-json\/wp\/v2\/media?parent=318162"}],"wp:term":[{"taxonomy":"category","embeddable":true,"href":"https:\/\/www.europesays.com\/es\/wp-json\/wp\/v2\/categories?post=318162"},{"taxonomy":"post_tag","embeddable":true,"href":"https:\/\/www.europesays.com\/es\/wp-json\/wp\/v2\/tags?post=318162"}],"curies":[{"name":"wp","href":"https:\/\/api.w.org\/{rel}","templated":true}]}}